{"id":995,"name":"FIDH-CAJAR-SOMOS DEFENSORES","url":"","description":"<strong><img class=\" wp-image-32804 alignleft\" src=\"http:\/\/www.lapluma.net\/wp-content\/uploads\/2021\/12\/Capture-logo-fidh.jpg\" alt=\"\" width=\"165\" height=\"63\" \/>La FIDH<\/strong> (Federaci\u00f3n Internacional por los Derechos Humanos) es una ONG internacional de defensa de los derechos humanos que federa a 192 organizaciones en cerca de 120 pa\u00edses. Desde 1922, trabaja por los derechos civiles, pol\u00edticos, econ\u00f3micos, sociales y culturales, tal como est\u00e1n enunciados en la Declaraci\u00f3n Universal de Derechos Humanos. La sede de la FIDH se encuentra en Par\u00eds y la organizaci\u00f3n tiene oficinas en Abiy\u00e1n, Bamako, Bangkok, Bruselas, Conakry, Ginebra, La Haya, Nueva York, Pretoria y T\u00fanez.\r\n\r\nFIDH es el acr\u00f3nimo franc\u00e9s de \"Federaci\u00f3n Internacional por los Derechos Humanos\". Por favor, aseg\u00farese de usar \u201cFIDH\u201d cuando se refiera a la organizaci\u00f3n (oral y escrito), independientemente del idioma del art\u00edculo. Si tiene que precisar el nombre completo de la FIDH, por favor, util\u00edcelo una sola vez al principio: \"FIDH (Federaci\u00f3n Internacional por los Derechos Humanos)\" y luego s\u00f3lo como \"FIDH\" o \u201cla FIDH\u201d.\r\n\r\n<strong><img class=\"wp-image-32805 alignleft\" src=\"http:\/\/www.lapluma.net\/wp-content\/uploads\/2021\/12\/Capture-Programa-Somos.jpg\" alt=\"\" width=\"165\" height=\"124\" \/>El Colectivo de Abogados Jos\u00e9 Alvear Restrepo (CAJAR)<\/strong> es una Organizaci\u00f3n No Gubernamental sin \u00e1nimo de lucro, que trabaja por la defensa de los Derechos Humanos en Colombia desde 1978, con estatus consultivo ante la Organizaci\u00f3n de Estados Americanos, OEA, y ante la Organizaci\u00f3n de Naciones Unidas (ONU). Defiende y promueve integralmente los derechos humanos, los derechos ambientales y los derechos de los pueblos, desde una perspectiva de indivisibilidad e interdependencia, con el objetivo de contribuir a la construcci\u00f3n de una sociedad justa y equitativa en la perspectiva de la inclusi\u00f3n pol\u00edtica, econ\u00f3mica, social y cultural.\r\nDatos de contacto:\r\nhttps:\/\/www.colectivodeabogados.org\/\r\nhttps:\/\/www.facebook.com\/colectivodeabogados\r\n@ccajar\r\nrecepcion@cajar.org\r\n\r\n<strong><img class=\"wp-image-32806 alignleft\" src=\"http:\/\/www.lapluma.net\/wp-content\/uploads\/2021\/12\/corporacion_colectivo_de_abogados_jose_alvear_restrepo_ccajar_1.jpg\" alt=\"\" width=\"129\" height=\"160\" \/>Programa somos defensores<\/strong>\r\n\r\nSOMOS un espacio de protecci\u00f3n conformado por las organizaciones no gubernamentales de derechos humanos Asociaci\u00f3n MINGA, Benposta Naci\u00f3n de Muchachos y la Comisi\u00f3n Colombiana de Juristas \u2013 CCJ, que busca desarrollar una propuesta integral para prevenir agresiones y proteger la vida de las personas que corren riesgos por su labor como defensores de derechos humanos, cuando resguardan los intereses de grupos sociales y comunidades afectadas por la violencia en Colombia.\r\nDatos de contacto:\r\nhttps:\/\/somosdefensores.org\/\r\nComunicaci\u00f3n y Sistema de Informaci\u00f3n: prensa@somosdefensores.org","link":"https:\/\/www.lapluma.net\/fr\/author\/fidh-cajar-somos-defensores\/","slug":"fidh-cajar-somos-defensores","meta":{"rsssl_two_fa_status":"disabled"},"_links":{"self":[{"href":"https:\/\/www.lapluma.net\/fr\/wp-json\/wp\/v2\/users\/995","targetHints":{"allow":["GET"]}}],"collection":[{"href":"https:\/\/www.lapluma.net\/fr\/wp-json\/wp\/v2\/users"}]}}