{"id":961,"name":"Fran\u00e7ois Ruffin","url":"","description":"<div class=\"wDYxhc\" lang=\"fr-FR\" data-md=\"61\">\r\n<div class=\"LGOjhe\" role=\"heading\" data-attrid=\"wa:\/description\" data-hveid=\"CAcQAA\"><span class=\"ILfuVd\"><span class=\"hgKElc\"><strong><img class=\"wp-image-30999 alignleft\" src=\"http:\/\/www.lapluma.net\/wp-content\/uploads\/2021\/10\/Francois-Ruffin.jpg\" alt=\"\" width=\"204\" height=\"115\" \/>Fran\u00e7ois Ruffin<\/strong>, n\u00e9 le 18 octobre 1975 \u00e0 Calais, est un journaliste, essayiste, documentariste et homme politique fran\u00e7ais. Fondateur et r\u00e9dacteur en chef du journal Fakir, il \u00e9crit aussi dans Le Monde diplomatique et pour l'association de critique des m\u00e9dias Acrimed.<\/span><\/span><\/div>\r\n<div role=\"heading\" data-attrid=\"wa:\/description\" data-hveid=\"CAcQAA\">\r\n<div class=\"wDYxhc\" lang=\"fr-FR\" data-attrid=\"kc:\/government\/politician:current position\" data-md=\"1001\" data-hveid=\"CCwQAA\" data-ved=\"2ahUKEwjzkenf8anzAhUhzoUKHbpPAwkQkCl6BAgsEAA\">\r\n<div class=\"Z1hOCe\">\r\n<div class=\"zloOqf PZPZlf\" data-ved=\"2ahUKEwjzkenf8anzAhUhzoUKHbpPAwkQyxMoAHoECCwQAQ\">\r\n<div class=\"rVusze\"><span class=\"GRkHZd w8qArf\"><strong>Fonction\u00a0<\/strong>: <\/span><span class=\"Eq0J8 LrzXr kno-fv\">D\u00e9put\u00e9 fran\u00e7ais, La France insoumise de la Somme, fondateur et r\u00e9dacteur en chef du journal Fakir depuis 2017<\/span><\/div>\r\n<\/div>\r\n<\/div>\r\n<\/div>\r\n<div class=\"wDYxhc\" lang=\"fr-FR\" data-attrid=\"kc:\/people\/person:education\" data-md=\"1001\" data-hveid=\"CC4QAA\" data-ved=\"2ahUKEwjzkenf8anzAhUhzoUKHbpPAwkQkCl6BAguEAA\">\r\n<div class=\"Z1hOCe\">\r\n<div class=\"zloOqf PZPZlf\" data-ved=\"2ahUKEwjzkenf8anzAhUhzoUKHbpPAwkQyxMoAHoECC4QAQ\">\r\n<div class=\"rVusze\"><span class=\"GRkHZd w8qArf\"><strong>Enseignement\u00a0<\/strong>: <\/span><span class=\"Eq0J8 LrzXr kno-fv\">Centre de formation des journalistes de Paris - HESAM Universit\u00e9, <span class=\"SW5pqf\">PLUS<\/span><\/span><\/div>\r\n<\/div>\r\n<\/div>\r\n<\/div>\r\n<\/div>\r\n<\/div>\r\n<div class=\"wDYxhc\" lang=\"fr-FR\" data-attrid=\"ss:\/webfacts:recompens\" data-md=\"1001\" data-hveid=\"CAgQAA\" data-ved=\"2ahUKEwjzkenf8anzAhUhzoUKHbpPAwkQkCl6BAgIEAA\">\r\n<div class=\"Z1hOCe\">\r\n<div class=\"zloOqf PZPZlf\" data-ved=\"2ahUKEwjzkenf8anzAhUhzoUKHbpPAwkQyxMoAHoECAgQAQ\"><span class=\"GRkHZd w8qArf\"><strong>R\u00e9compenses<\/strong>\u00a0: <\/span><span class=\"Eq0J8 LrzXr kno-fv\">C\u00e9sar du meilleur film docume...<\/span><\/div>\r\n<\/div>\r\n<\/div>\r\n<div class=\"wDYxhc\" lang=\"fr-FR\" data-attrid=\"ss:\/webfacts:press_ecrit\" data-md=\"1001\" data-hveid=\"CAkQAA\" data-ved=\"2ahUKEwjzkenf8anzAhUhzoUKHbpPAwkQkCl6BAgJEAA\">\r\n<div class=\"Z1hOCe\">\r\n<div class=\"zloOqf PZPZlf\" data-ved=\"2ahUKEwjzkenf8anzAhUhzoUKHbpPAwkQyxMoAHoECAkQAQ\"><span class=\"GRkHZd w8qArf\"><strong>Presse \u00e9crite\u00a0<\/strong>: <\/span><span class=\"Eq0J8 LrzXr kno-fv\"><a class=\"fl\" href=\"http:\/\/fr.wikipedia.org\/wiki\/Fakir_(journal)\" data-ved=\"2ahUKEwjzkenf8anzAhUhzoUKHbpPAwkQoC4oAHoECAkQAg\">Fakir<\/a>; <a class=\"fl\" href=\"http:\/\/fr.wikipedia.org\/wiki\/Le_Monde_diplomatique\" data-ved=\"2ahUKEwjzkenf8anzAhUhzoUKHbpPAwkQoC4oAXoECAkQAw\">Le Monde diplomatique<\/a><\/span><\/div>\r\n<div data-ved=\"2ahUKEwjzkenf8anzAhUhzoUKHbpPAwkQyxMoAHoECAkQAQ\"><strong>Livres<\/strong>: Leur progr\u00e8s et le n\u00f4tre - De Prom\u00e9th\u00e9e \u00e0 la 5G (2021), Leur folie, nos vies : la bataille de l'apr\u00e8s (2020), Il est o\u00f9, le bonheur (2019), Ce pays que tu ne connais pas(2019), Un d\u00e9put\u00e9 \u00e0... la ferme (2018)<\/div>\r\n<div data-ved=\"2ahUKEwjzkenf8anzAhUhzoUKHbpPAwkQyxMoAHoECAkQAQ\">--------------------------------------------------------------------------------------------<\/div>\r\n<div data-ved=\"2ahUKEwjzkenf8anzAhUhzoUKHbpPAwkQyxMoAHoECAkQAQ\">\r\n\r\n<strong>Fran\u00e7ois Ruffin<\/strong>, naci\u00f3 el 18 de octubre de 1975 en Calais, es un periodista, ensayista, documentalista y pol\u00edtico franc\u00e9s. Fundador y redactor jefe del peri\u00f3dico Fakir, tambi\u00e9n escribe para Le Monde diplomatique y para la asociaci\u00f3n de cr\u00edtica de medios de comunicaci\u00f3n Acrimed.\r\n<strong>Cargo<\/strong>: Diputado franc\u00e9s, La France insoumise de la Somme, fundador y redactor jefe del peri\u00f3dico Fakir desde 2017\r\nEnse\u00f1anza: Centro de formaci\u00f3n de periodistas de Par\u00eds - Universidad HESAM, PLUS\r\n\r\n<strong>Premios<\/strong>: C\u00e9sar a la mejor pel\u00edcula documental\r\n<strong>Prensa escrita<\/strong>: <span class=\"Eq0J8 LrzXr kno-fv\"><a class=\"fl\" href=\"http:\/\/fr.wikipedia.org\/wiki\/Fakir_(journal)\" data-ved=\"2ahUKEwjzkenf8anzAhUhzoUKHbpPAwkQoC4oAHoECAkQAg\">Fakir<\/a>; <a class=\"fl\" href=\"http:\/\/fr.wikipedia.org\/wiki\/Le_Monde_diplomatique\" data-ved=\"2ahUKEwjzkenf8anzAhUhzoUKHbpPAwkQoC4oAXoECAkQAw\">Le Monde diplomatique<\/a><\/span>\r\n\r\n<strong>Libros<\/strong>: Leur progr\u00e8s et le n\u00f4tre - De Prom\u00e9th\u00e9e \u00e0 la 5G (2021), Leur folie, nos vies : la bataille de l'apr\u00e8s (2020), Il est o\u00f9, le bonheur (2019), Ce pays que tu ne connais pas(2019), Un d\u00e9put\u00e9 \u00e0... la ferme (2018)\r\n\r\n&nbsp;\r\n\r\n<\/div>\r\n<\/div>\r\n<\/div>","link":"https:\/\/www.lapluma.net\/fr\/author\/francois-ruffin\/","slug":"francois-ruffin","meta":{"rsssl_two_fa_status":"disabled"},"_links":{"self":[{"href":"https:\/\/www.lapluma.net\/fr\/wp-json\/wp\/v2\/users\/961","targetHints":{"allow":["GET"]}}],"collection":[{"href":"https:\/\/www.lapluma.net\/fr\/wp-json\/wp\/v2\/users"}]}}