{"id":951,"name":"Elisabeth Schneiter","url":"","description":"<strong><img class=\"wp-image-30639 alignleft\" src=\"http:\/\/www.lapluma.net\/wp-content\/uploads\/2021\/09\/Capture-Elisabeth-Schneiter.jpg\" alt=\"\" width=\"106\" height=\"129\" \/>\u00c9lisabeth Schneiter<\/strong>, journaliste et auteure du livre <a href=\"https:\/\/www.seuil.com\/ouvrage\/les-heros-de-l-environnement-elisabeth-schneiter\/9782021388190\">Les H\u00e9ros de l\u2019environnement<\/a>, elle a cr\u00e9\u00e9 et dirig\u00e9 un magazine sur la langue fran\u00e7aise, Qui-vive !, et un autre sur l'actualit\u00e9 culturelle et scientifique, Rendez-vous en France. Comme journaliste ind\u00e9pendante, elle a \u00e9crit pour Le Monde, Les \u00c9chos, le Figaro... et collabore depuis quatre ans avec Reporterre, pour qui elle suit les atteintes aux libert\u00e9s dans le monde et l\u2019actualit\u00e9 internationale.","link":"https:\/\/www.lapluma.net\/fr\/author\/elisabeth-schneiter\/","slug":"elisabeth-schneiter","meta":{"rsssl_two_fa_status":"disabled"},"_links":{"self":[{"href":"https:\/\/www.lapluma.net\/fr\/wp-json\/wp\/v2\/users\/951","targetHints":{"allow":["GET"]}}],"collection":[{"href":"https:\/\/www.lapluma.net\/fr\/wp-json\/wp\/v2\/users"}]}}