{"id":783,"name":"Sergio Pascual Pe\u00f1a","url":"","description":"Sergio Pascual Pe\u00f1a, Ingeniero de telecomunicaciones y antrop\u00f3logo. Fue el primer secretario de organizaci\u00f3n de Podemos, cargo que dej\u00f3 tras las elecciones del 20D de 2015. Fue diputado en el Congreso espa\u00f1ol durante las legislaturas XI y XII adem\u00e1s de Presidente de la Comisi\u00f3n de Fomento de la C\u00e1mara. Destaca su colaboraci\u00f3n en misiones de observaci\u00f3n electoral y trabajos de dise\u00f1o y an\u00e1lisis demosc\u00f3pico en Colombia, Per\u00fa, Bolivia y Ecuador.\r\n\r\nSergio Pascual Pe\u00f1a, membre du conseil ex\u00e9cutif du Centro Estrat\u00e9gico Latinoamericano de Geopol\u00edtica (CELAG), ancien d\u00e9put\u00e9 au Congr\u00e8s espagnol et collaborateur dans des missions d'observation \u00e9lectorale et des travaux de conception et d'analyse d\u00e9moscopique en Colombie, au P\u00e9rou, en Bolivie et en \u00c9quateur.","link":"https:\/\/www.lapluma.net\/fr\/author\/sergio-pascual-pena\/","slug":"sergio-pascual-pena","meta":{"rsssl_two_fa_status":"disabled"},"_links":{"self":[{"href":"https:\/\/www.lapluma.net\/fr\/wp-json\/wp\/v2\/users\/783","targetHints":{"allow":["GET"]}}],"collection":[{"href":"https:\/\/www.lapluma.net\/fr\/wp-json\/wp\/v2\/users"}]}}