{"id":706,"name":"Pablo Anino","url":"","description":"<img class=\"alignleft\" src=\"http:\/\/www.laizquierdadiario.com\/local\/cache-gd2\/67\/841a2ce40c1ac9c4856afefe409cab.jpg?1600668276\" alt=\"http:\/\/www.laizquierdadiario.com\/local\/cache-gd2\/67\/841a2ce40c1ac9c4856afefe409cab.jpg?1600668276\" width=\"137\" height=\"137\" \/>Pablo Anino: naci\u00f3 en la provincia de Buenos Aires en 1974. Es Licenciado en Econom\u00eda con Maestr\u00eda en Historia Econ\u00f3mica. Es docente en laUniversidad de Buenos Aires ( UBA). Milita en el Partido de los Trabajadores Socialistas (PTS). Es columnista de econom\u00eda en el programa de radio El C\u00edrculo Rojo y en La Izquierda Diario.\r\n\r\n-------------------------------------------------------------------------------------------------------------------------------------------\r\n\r\nPablo Anino: est n\u00e9 \u00e0 la province de Buenos Aires en 1974. Il est titulaire d'un dipl\u00f4me en \u00e9conomie et d'une ma\u00eetrise en histoire \u00e9conomique. Il enseigne \u00e0 \u00e0 l\u2019Universit\u00e9 de Buenos Aires (UBA). Il est membre du Parti socialiste ouvrier (PTS). Il est chroniqueur \u00e9conomique pour l'\u00e9mission de radio El C\u00edrculo Rojo et pour La Izquierda Diario.\r\n<div id=\"ffenetremailtomailModal\">\r\n<div id=\"ffenetremailtopopupModalMail\">\r\n<div id=\"ffenetremailtotoModalClose\"><\/div>\r\n<div id=\"ffenetremailtopopupQuestion\">What do you want to do ?<\/div>\r\n<a id=\"ffenetremailtoemailOpen\"><\/a>New mail<button id=\"ffenetremailtobuttonEmail\">Copy<\/button><textarea id=\"ffenetremailtotextArea\"><\/textarea><\/div>\r\n<\/div>\r\n<div><\/div>\r\n","link":"https:\/\/www.lapluma.net\/fr\/author\/pablo-anino\/","slug":"pablo-anino","meta":{"rsssl_two_fa_status":"disabled"},"_links":{"self":[{"href":"https:\/\/www.lapluma.net\/fr\/wp-json\/wp\/v2\/users\/706","targetHints":{"allow":["GET"]}}],"collection":[{"href":"https:\/\/www.lapluma.net\/fr\/wp-json\/wp\/v2\/users"}]}}