{"id":696,"name":"Achille Mbembe","url":"","description":"<img class=\"alignleft\" src=\"http:\/\/www.tlaxcala-int.org\/upload\/aut_7386.jpg\" width=\"203\" height=\"135\" border=\"0\" \/>Achille Mbembe (Maland\u00e8, Camer\u00fan, 1957) es Profesor de Historia y Ciencias Pol\u00edticas en la Universidad de Witwatersrand (Johannesburgo) e Investigador del Instituto de Investigaciones Sociales y Econ\u00f3micas de Wits (WISER). Ganador del Premio Ernst-Bloch en 2018, es considerado uno de los m\u00e1s grandes te\u00f3ricos vivos del postcolonialismo.\r\n<p align=\"justify\">Libros en espa\u00f1ol<\/p>\r\n\r\n<ul>\r\n \t<li><a href=\"https:\/\/www.todostuslibros.com\/libros\/critica-de-la-razon-negra_978-84-942364-4-0\"><em>Cr\u00edtica de la raz\u00f3n negra.\u00a0<\/em><\/a><a href=\"https:\/\/www.todostuslibros.com\/libros\/critica-de-la-razon-negra_978-84-942364-4-0\"><em>Ensayo sobre el racismo contempor\u00e1neo<\/em><\/a> (Ned Ediciones)<\/li>\r\n \t<li><a href=\"https:\/\/www.todostuslibros.com\/libros\/critica-de-la-razon-negra_978-84-942364-4-0\"><em>Cr\u00edtica de la raz\u00f3n negra<\/em><\/a> (Ned Ediciones) <a href=\"https:\/\/www.todostuslibros.com\/libros\/necropolitica_978-84-96614-19-2\">\r\n<\/a><\/li>\r\n \t<li><a href=\"https:\/\/www.todostuslibros.com\/libros\/necropolitica_978-84-96614-19-2\"><em>Necropol\u00edtica<\/em><\/a> (Melusina)<\/li>\r\n<\/ul>\r\n<a href=\"https:\/\/wiser.wits.ac.za\/user\/56\/biblio\"><strong>Bibliograf\u00eda general\r\n<\/strong><\/a>\r\n\r\n-----------------------------------------------------------------------------------------------------------------------------------\r\n\r\nAchille Mbembe (Maland\u00e8, Cameroun, 1957) est professeur d\u2019histoire et de sciences politiques \u00e0 l\u2019universit\u00e9 de Witwatersrand (Johannesburg) et chercheur au Wits Institute for Social and Economic Research (WISER). Laur\u00e9at du prix Ernst-Bloch en 2018, il est notamment l\u2019auteur, \u00e0 La D\u00e9couverte, de <em>Sortir de la grande nuit <\/em>(2010), <em>Critique de la raison n\u00e8gre<\/em> (2013) <em>Politiques de l\u2019inimiti\u00e9<\/em> (2016) et <em>Brutalisme<\/em> (2020). Il est consid\u00e9r\u00e9 aujourd\u2019hui comme l\u2019un des plus grands th\u00e9oriciens du postcolonialisme.\r\n\r\n<a href=\"https:\/\/wiser.wits.ac.za\/user\/56\/biblio\"><strong>Bibliographie<\/strong><\/a>\r\n\r\n<strong><a href=\"https:\/\/www.facebook.com\/achille.mbembe\"><img src=\"http:\/\/www.tlaxcala-int.org\/upload\/gal_19717.jpg\" alt=\"\" width=\"85\" height=\"85\" \/><\/a><\/strong>\r\n<div id=\"ffenetremailtomailModal\">\r\n<div id=\"ffenetremailtopopupModalMail\">\r\n<div id=\"ffenetremailtotoModalClose\"><\/div>\r\n<div id=\"ffenetremailtopopupQuestion\">What do you want to do ?<\/div>\r\n<a id=\"ffenetremailtoemailOpen\"><\/a>New mail<button id=\"ffenetremailtobuttonEmail\">Copy<\/button><textarea id=\"ffenetremailtotextArea\"><\/textarea>\r\n\r\n<\/div>\r\n<\/div>\r\n<div><img \/><\/div>\r\n<div id=\"ffenetremailtomailModal\">\r\n<div id=\"ffenetremailtopopupModalMail\">\r\n<div id=\"ffenetremailtotoModalClose\"><\/div>\r\n<div id=\"ffenetremailtopopupQuestion\">What do you want to do ?<\/div>\r\n<a id=\"ffenetremailtoemailOpen\"><\/a>New mail<button id=\"ffenetremailtobuttonEmail\">Copy<\/button><textarea id=\"ffenetremailtotextArea\"><\/textarea><\/div>\r\n<\/div>\r\n<div><img \/><\/div>\r\n","link":"https:\/\/www.lapluma.net\/fr\/author\/achille-mbembe\/","slug":"achille-mbembe","meta":{"rsssl_two_fa_status":"disabled"},"_links":{"self":[{"href":"https:\/\/www.lapluma.net\/fr\/wp-json\/wp\/v2\/users\/696","targetHints":{"allow":["GET"]}}],"collection":[{"href":"https:\/\/www.lapluma.net\/fr\/wp-json\/wp\/v2\/users"}]}}