{"id":606,"name":"Miguel Urb\u00e1n","url":"","description":"Miguel Urb\u00e1n Crespo (Madrid, 1980), cofundador de Podemos, es desde el 5 de marzo de 2015, diputado en el Parlamento Europeo. Desde el 18 de febrero de 2017 es responsable de la Secretar\u00eda de Europa de la ejecutiva nacional de Podemos. En febrero de 2020, dej\u00f3 Unidas Podemos junto con su grupo, Anticapitalistas (secci\u00f3n espa\u00f1ola de la Cuarta Internacional), pero anunci\u00f3 que seguir\u00eda come eurodiputado del partido. Miembro del Consejo Asesor de viento sur y eurodiputado. Es autor de obras sobre el movimiento estudiantil, el ascenso de la extrema derecha y la llamada crisis de los refugiados. Es coordinador, junto con Jaime Pastor de \u00a1Abajo el rey! Rep\u00fablicas (Sylone y viento sur, 2020)\r\n\r\nLibros:  \r\n(2014). El viejo fascismo y la nueva derecha radical. Barcelona: Sylone\r\n(2020). La emergencia de Vox. Apuntes para combatir a la extrema derecha espa\u00f1ola. Barcelona: Sylone.","link":"https:\/\/www.lapluma.net\/fr\/author\/miguel-urban\/","slug":"miguel-urban","meta":{"rsssl_two_fa_status":"disabled"},"_links":{"self":[{"href":"https:\/\/www.lapluma.net\/fr\/wp-json\/wp\/v2\/users\/606","targetHints":{"allow":["GET"]}}],"collection":[{"href":"https:\/\/www.lapluma.net\/fr\/wp-json\/wp\/v2\/users"}]}}