{"id":535,"name":"Mart\u00edn Pastor","url":"","description":"Mart\u00edn Pastor  (Ecuador, 1990) Graduado de periodismo de la Universidad San Francisco de Quito. Cursa una Especializaci\u00f3n en Derechos Humanos, Desarrollo y Migraci\u00f3n en Flacso Ecuador, y es maestrante de Pol\u00edticas P\u00fablicas y Desarrollo en Flacso Argentina. Autor en CELAG","link":"https:\/\/www.lapluma.net\/fr\/author\/martin-pastor\/","slug":"martin-pastor","meta":{"rsssl_two_fa_status":"disabled"},"_links":{"self":[{"href":"https:\/\/www.lapluma.net\/fr\/wp-json\/wp\/v2\/users\/535","targetHints":{"allow":["GET"]}}],"collection":[{"href":"https:\/\/www.lapluma.net\/fr\/wp-json\/wp\/v2\/users"}]}}