{"id":498,"name":"Ricard Gonz\u00e1lez Samaranch","url":"","description":"<strong><img class=\"alignleft\" src=\"http:\/\/tlaxcala-int.org\/upload\/aut_6560.jpg\" height=\"150\" border=\"0\" \/>Ricard Gonz\u00e1lez Samaranch<\/strong> es un polit\u00f3logo y periodista free-lance asentado en T\u00fanez desde 2015 que colabora con diversos medios, entre ellos El Pa\u00eds, ARA y La Naci\u00f3n. Antes fue corresponsal en El Cairo y Washington DC. Es co-autor del documental \"Tunisia, Justice in Transition\" y \u00a0autor del libro \"<a href=\"http:\/\/www.editorialuoc.cat\/ascenso-y-caida-de-los-hermanos-musulmanes\"><strong>As<\/strong><strong>censo y ca\u00edda de los Hermanos Musulmanes<\/strong><\/a>\" (UOC, 2016).\r\n\r\n(http:\/\/www.editorialuoc.cat\/ascenso-y-caida-de-los-hermanos-musulmanes) (UOC, 2016).\r\n-------------------------------------------------------------------------------------------------------------\r\n<strong>Ricard Gonz\u00e1le<\/strong>z <strong>Samaranch<\/strong>\u00a0<span class=\"texte1\">est un politologue et journaliste ind\u00e9pendant catalan qui a v\u00e9cu en Tunisie de 2015 \u00e0 2020 et collabore avec divers m\u00e9dias, dont <em>El Pa\u00eds [Espagne]<\/em>, <em>ARA [Catalogne] <\/em>et <em>La Naci\u00f3n [Argentine]<\/em>. Il \u00e9tait auparavant correspondant au Caire [d'o\u00f9 il a \u00e9t\u00e9 expuls\u00e9 par le r\u00e9gime Al Sissi] et \u00e0 Washington DC. Il est co-auteur du documentaire \"Tunisie, justice en transition\" et auteur du livre \"<a href=\"http:\/\/www.editorialuoc.cat\/ascenso-y-caida-de-los-hermanos-musulmanes\"><strong>As<\/strong><strong>censo y ca\u00edda de los Hermanos Musulmanes<\/strong><\/a>\" [Ascension et chute des Fr\u00e8res musulmans] (UOC, 2016).<\/span>Musulmanes\" [Ascension et chute des Fr\u00e8res musulmans] (UOC, 2016).\r\n\r\n&nbsp;\r\n\r\n<a href=\"https:\/\/www.facebook.com\/ricard.gonzalez.338\"><img src=\"http:\/\/www.tlaxcala-int.org\/upload\/gal_19717.jpg\" alt=\"\" width=\"85\" height=\"85\" \/><\/a> <a href=\"https:\/\/twitter.com\/RicardGonz\"><img src=\"http:\/\/www.tlaxcala-int.org\/upload\/gal_19716.jpg\" alt=\"\" width=\"85\" height=\"85\" \/><\/a>\r\n<div id=\"ffenetremailtomailModal\">\r\n<div id=\"ffenetremailtopopupModalMail\">\r\n<div id=\"ffenetremailtotoModalClose\"><\/div>\r\n<div id=\"ffenetremailtopopupQuestion\">What do you want to do ?<\/div>\r\n<a id=\"ffenetremailtoemailOpen\"><\/a>New mail<button id=\"ffenetremailtobuttonEmail\">Copy<\/button><textarea id=\"ffenetremailtotextArea\"><\/textarea>\r\n\r\n<\/div>\r\n<\/div>\r\n<div><\/div>\r\n<div id=\"ffenetremailtomailModal\">\r\n<div id=\"ffenetremailtopopupModalMail\">\r\n<div id=\"ffenetremailtotoModalClose\"><\/div>\r\n<div id=\"ffenetremailtopopupQuestion\">What do you want to do ?<\/div>\r\n<a id=\"ffenetremailtoemailOpen\"><\/a>New mail<button id=\"ffenetremailtobuttonEmail\">Copy<\/button><textarea id=\"ffenetremailtotextArea\"><\/textarea><\/div>\r\n<\/div>\r\n<div><\/div>\r\n","link":"https:\/\/www.lapluma.net\/fr\/author\/ricard-gonzalez-samaranch\/","slug":"ricard-gonzalez-samaranch","meta":{"rsssl_two_fa_status":"disabled"},"_links":{"self":[{"href":"https:\/\/www.lapluma.net\/fr\/wp-json\/wp\/v2\/users\/498","targetHints":{"allow":["GET"]}}],"collection":[{"href":"https:\/\/www.lapluma.net\/fr\/wp-json\/wp\/v2\/users"}]}}