{"id":435,"name":"Malainin Lakhal","url":"","description":"Malainin Lakhal: Poeta, periodista y activista saharaui, nacido en 1971 en El Ay\u00fan, Malainin Lakhal ha sido v\u00edctima de desaparici\u00f3n forzada en las c\u00e1rceles marroqu\u00edes antes de huir, a riesgo de su vida, del Sahara occidental ocupado. Fue uno de los fundadores de la Uni\u00f3n de periodistas y escritores saharauies (UPES), del que fue secretario general, y participa activamente en el Observatorio de los recursos naturales saharauies.\r\n------------------------------------------------------------------------------------------------------------------------------------------------------------\r\nMalainin Lakhal: Po\u00e8te, journaliste et militant sahraoui, n\u00e9 en 1971 \u00e0 El Ayoun, Malainin Lakhal a \u00e9t\u00e9 victime de disparition forc\u00e9e dans les prisons marocaines avant de s'enfuir, au risque de sa vie, du Sahara occidental occup\u00e9. Il a \u00e9t\u00e9 l'un des fondateurs de l'Union des journalistes et \u00e9crivains sahraouis (UPES), dont il a \u00e9t\u00e9 secr\u00e9taire g\u00e9n\u00e9ral, et il est actif au sein de l'Observatoire des ressources naturelles sahraouies.","link":"https:\/\/www.lapluma.net\/fr\/author\/malainin-lakhal\/","slug":"malainin-lakhal","meta":{"rsssl_two_fa_status":"disabled"},"_links":{"self":[{"href":"https:\/\/www.lapluma.net\/fr\/wp-json\/wp\/v2\/users\/435","targetHints":{"allow":["GET"]}}],"collection":[{"href":"https:\/\/www.lapluma.net\/fr\/wp-json\/wp\/v2\/users"}]}}