{"id":357,"name":"Michel Mujica Ricardo","url":"","description":"H\u00e9ctor-Michel Mujica Ricardo (Par\u00eds, 1949) fue embajador de Venezuela en Argelia de 2005 a 2013 y en Francia de 2013 a 2020, llevando una doble carrera en la ense\u00f1anza superior y la diplomacia.\r\n\r\nSe licenci\u00f3 en Sociolog\u00eda por la Universidad Cat\u00f3lica de Lovaina (B\u00e9lgica) en 1976, y es doctor en Ciencias Sociales y m\u00e1ster en Filosof\u00eda de la Historia por la Universidad Central de Venezuela.\r\n\r\nFue profesor visitante en el Centro de Estudios Avanzados de las Fuerzas Armadas de Venezuela de 1986 a 1991 y, posteriormente, en varias universidades francesas, espa\u00f1olas y chilenas. Es autor de varias publicaciones en Venezuela y traductor de dos obras de David Rousset y Maurice Halbwachs en Espa\u00f1a.\r\n\r\nSe incorpor\u00f3 a la Universidad de Caracas para dirigir el Departamento de Teor\u00eda Social de 1989 a 1993 y de 1995 a 1996, y la Escuela de Sociolog\u00eda de 1996 a 2001. Al mismo tiempo, fue asesor del PNUD, de 1990 a 1991, y director de su programa de investigaci\u00f3n y formaci\u00f3n para mujeres, de 1996 a 1997. Fue elegido Director de la Escuela de Sociolog\u00eda de la Universidad de Caracas de 1996 a 2004. Profesor visitante en el Departamento de Sociolog\u00eda de la Universidad de Barcelona (Espa\u00f1a), 2002-2004.\r\n\r\nFue destinado al Ministerio de Ciencia y Tecnolog\u00eda como asesor de la Direcci\u00f3n General de Formaci\u00f3n Cient\u00edfica y Tecnol\u00f3gica y Gesti\u00f3n de la Innovaci\u00f3n en 2004 y al Gabinete del Ministro en 2005.\r\n\r\nAl mismo tiempo, es miembro de la Junta Directiva de la Fundaci\u00f3n Venezolana de Antropolog\u00eda, de la Junta Directiva del Ateneo para Venezuela, de la Junta Directiva de la editorial El Ojo del Hurac\u00e1n desde 2004, y del Colegio Venezolano de Soci\u00f3logos y Antrop\u00f3logos.\r\n\r\n----------------------------------------------------------------------------------------------\r\n\r\nH\u00e9ctor-Michel Mujica Ricardo (Paris, 1949) a \u00e9t\u00e9 ambassadeur du Venezuela en Alg\u00e9rie de 2005 \u00e0 2013 et en France de 2013 \u00e0 2020, menant une double carri\u00e8re dans l'enseignement sup\u00e9rieur et la diplomatie.\r\nDipl\u00f4m\u00e9 en Sociologie de l\u2019Universit\u00e9 Catholique de Louvain (Belgique)en 1976, il a un doctorat en Sciences sociales et une ma\u00eetrise en Philosophie de l\u2019Histoire de l\u2019Universit\u00e9 centrale du Venezuela.\r\nIl est Professeur invit\u00e9 au Centre d'\u00e9tudes sup\u00e9rieures des Forces arm\u00e9es v\u00e9n\u00e9zu\u00e9liennes, de 1986 \u00e0 1991 et par la suite dans plusieurs universit\u00e9s fran\u00e7aises, espagnoles et chiliennes.\r\nIl est l'auteur de diverses publications parues au Venezuela et le traducteur de deux ouvrages de David Rousset et Maurice Halbwachs en Espagne.\r\n\r\nIl rejoint l'Universit\u00e9 de Caracas pour diriger le D\u00e9partement de Th\u00e9orie sociale, de 1989 \u00e0 1993 et de 1995 \u00e0 1996, ainsi que l\u2019\u00c9cole de sociologie, de 1996 \u00e0 2001. Il est parall\u00e8lement Conseiller au PNUD, de 1990 \u00e0 1991, et directeur de son programme de recherche et de formation pour les femmes, de 1996 \u00e0 1997.\r\n\r\nIl est \u00e9lu Directeur de l\u2019\u00c9cole de sociologie de l'Universit\u00e9 de Caracas, de 1996 \u00e0 2004. Il est professeur invit\u00e9 au D\u00e9partement de sociologie de l\u2019Universit\u00e9 de Barcelone (Espagne), de 2002 \u00e0 2004.\r\nIl est d\u00e9tach\u00e9 aupr\u00e8s de la Ministre de la Science et de la Technologie pour assumer les fonctions de Conseiller \u00e0 la Direction g\u00e9n\u00e9rale de la formation scientifique et technologique et de la gestion de l'innovation, en 2004, et au Cabinet du Ministre en 2005\r\n\r\nIl est parall\u00e8lement membre du Bureau de la Fondation V\u00e9n\u00e9zu\u00e9lienne d'anthropologie, du Conseil de direction des Ath\u00e9n\u00e9es pour le Venezuela, du Conseil d'administration de la maison <em>d'\u00e9dition El Ojo del Hurac\u00e1n<\/em> depuis 2004, et du Coll\u00e8ge v\u00e9n\u00e9zu\u00e9lien des sociologues et anthropologues.","link":"https:\/\/www.lapluma.net\/fr\/author\/michel-mujica\/","slug":"michel-mujica","meta":{"rsssl_two_fa_status":"disabled"},"_links":{"self":[{"href":"https:\/\/www.lapluma.net\/fr\/wp-json\/wp\/v2\/users\/357","targetHints":{"allow":["GET"]}}],"collection":[{"href":"https:\/\/www.lapluma.net\/fr\/wp-json\/wp\/v2\/users"}]}}