{"id":233,"name":"Jean-Luc M\u00e9lenchon","url":"","description":"El eurodiputado Jean-Luc M\u00e9lenchon (T\u00e1nger, Marruecos, 1951), es co-presidente con Martine Billard, del Partido de Izquierda [Parti de Gauche (PG)], que fund\u00f3 en noviembre de 2008, despu\u00e9s de haber abandonado el Partido Socialista en el Congreso de Reims. Militante de la Organizaci\u00f3n Comunista Internacionalista  (OCI), grupo trotskista lambertista, de 1968 a 1975, se afili\u00f3 al Partido Socialista en 1977. Fue sucesivamente elegido concejal  de Massy (1983), miembro del Consejo General de Essonne (1985), m\u00e1s tarde senador del mismo departamento en 1986, 1995 y 2004, y en 2009 fue elegido diputado al Parlamento Europeo. Fue Ministro de Educaci\u00f3n Profesional desde 2000 hasta 2002, en el gobierno de coalici\u00f3n de Lionel Jospin.\r\nCandidato del Frente de Izquierda [Front de Gauche], conformado por el Partido de Izquierda, el Partido Comunista Franc\u00e9s y otros grupos de izquierda, obtuvo el cuarto lugar en la primera vuelta de las elecciones presidenciales de 2012, con el 11,10% de los votos. Fue eliminado en la primera vuelta de las elecciones legislativas de 2012 en el distrito 11 de Pas-de-Calais, donde se present\u00f3 como candidato para oponerse a la presidente del Frente Nacional, Marine Le Pen, y al alcalde socialista de Carvin, Philippe Kemel.\r\n------------------------------------------------------------------------------------------------------------------------------------------------------------\r\nJean-Luc M\u00e9lenchon (Tanger, Maroc,, 1951), est copr\u00e9sident aux c\u00f4t\u00e9s de Martine Billard du Parti de gauche (PG), qu\u2019il a fond\u00e9 en en novembre 2008, apr\u00e8s avoir quitt\u00e9 le Parti socialiste au congr\u00e8s de Reims. Militant  de l\u2019OCI, organisation trotskyste dite lambertiste, de 1968 \u00e0 1975, il adh\u00e8re au PS en 1977. Il est successivement \u00e9lu conseiller municipal de Massy (1983), conseiller g\u00e9n\u00e9ral de l'Essonne (1985) puis s\u00e9nateur du m\u00eame d\u00e9partement en 1986, 1995 et 2004, enfin d\u00e9put\u00e9 europ\u00e9en en 2009 dans la circonscription Sud-Ouest. Il est ministre de l'Enseignement professionnel de 2000 \u00e0 2002, dans le gouvernement de cohabitation de Lionel Jospin.\r\nCandidat du Front de gauche, constitu\u00e9 par le Parti de Gauche, le PCF et d\u2019autres groupes d\u2019extr\u00eame-gauche, \u00e0 l'\u00e9lection pr\u00e9sidentielle de 2012, il termine \u00e0 la quatri\u00e8me position au premier tour, avec 11,10 % des voix. Il est ensuite \u00e9limin\u00e9 au premier tour des \u00e9lections l\u00e9gislatives de 2012 dans la onzi\u00e8me circonscription du Pas-de-Calais, o\u00f9 il se pr\u00e9sentait contre la pr\u00e9sidente du Front national, Marine Le Pen et le maire socialiste de Carvin, Philippe Kemel .","link":"https:\/\/www.lapluma.net\/fr\/author\/jean-luc-melenchon\/","slug":"jean-luc-melenchon","meta":{"rsssl_two_fa_status":"disabled"},"_links":{"self":[{"href":"https:\/\/www.lapluma.net\/fr\/wp-json\/wp\/v2\/users\/233","targetHints":{"allow":["GET"]}}],"collection":[{"href":"https:\/\/www.lapluma.net\/fr\/wp-json\/wp\/v2\/users"}]}}