{"id":1731,"name":"Bryan Avelar","url":"","description":"Bryan Avelar: Periodista salvadore\u00f1o. Cubro violencias, migraci\u00f3n y crimen organizado en M\u00e9xico y Centroam\u00e9rica. Actualmente desarrollo un proyecto en la frontera sur de M\u00e9xico. He ganado un par de premios de periodismo. He publicado en The New York Times, The Guardian, El Pa\u00eds y otros. Algunos de mis textos han sido traducidos al ingl\u00e9s, alem\u00e1n, italiano y ruso. Trabaj\u00e9 durante cinco a\u00f1os en Factum, mi nido, mi casa.\r\n\r\n\/\/\/\/\/\/\/\/\/\/\/\/\/\/\/\/\/\/\/\/\/\/\/\/\/\/\/\/\/\/\/\/\/\/\/\/\/\/\/\/\/\/\/\/\/\/\/\/\/\/\/\/\/\/\/\/\/\/\/\/\/\/\/\/\/\/\/\/\/\/\/\/\/\/\/\/\/\/\/\/\/\/\/\/\/\/\/\/\r\nBryan Avelar : Journaliste salvadorien. Je couvre les violences, les migrations et le crime organis\u00e9 au Mexique et en Am\u00e9rique centrale. Je travaille actuellement sur un projet \u00e0 la fronti\u00e8re sud du Mexique. J'ai remport\u00e9 plusieurs prix de journalisme. J'ai publi\u00e9 des articles dans The New York Times, The Guardian, El Pa\u00eds et d'autres titres. Certains de mes articles ont \u00e9t\u00e9 traduits en anglais, en allemand, en italien et en russe. J'ai travaill\u00e9 pendant cinq ans chez Factum, mon nid, ma maison.","link":"https:\/\/www.lapluma.net\/fr\/author\/bryan-avelar\/","slug":"bryan-avelar","meta":{"rsssl_two_fa_status":"disabled"},"_links":{"self":[{"href":"https:\/\/www.lapluma.net\/fr\/wp-json\/wp\/v2\/users\/1731","targetHints":{"allow":["GET"]}}],"collection":[{"href":"https:\/\/www.lapluma.net\/fr\/wp-json\/wp\/v2\/users"}]}}