{"id":1239,"name":"Oswaldo P\u00e1ez Barrera","url":"","description":"Oswaldo P\u00e1ez Barrera nace en 1953 en  Cuenca, Ecuador, es Doctor (PhD) \u2013 Sobresaliente Cum Laude \u2013 por la Universidad Polit\u00e9cnica de Catalu\u00f1a (UPC) 2010, con la tesis \"La ciudad de la presencia: memorias, deseos y narrativas\", que est\u00e1 publicada por la UPC. En 1993 obtuvo tambi\u00e9n su t\u00edtulo de M\u00e0ster en Hist\u00f2ria: Arte, Arquitectura, Ciudad, en la misma universidad. Su t\u00edtulo de arquitecto lo obtuvo en la Facultad de Arquitectura y Urbanismo de la Universidad Central del Ecuador en 1980.\r\n\r\nAutor de m\u00e1s de 30 publicaciones acad\u00e9micas. Profesor titular de Teor\u00eda e Historia de la Arquitectura en la UCE. Presidente de ICOMOS\u2013Ecuador (2013\u20132019). Miembro de la Academia Nacional de Historia (2016). Miembro de la Casa de la Cultura Ecuatoriana (1986). Cr\u00edtico de arte independiente, ejerce la arquitectura, la planificaci\u00f3n urbana y regional. Presidente de la Asociaci\u00f3n de PhDs de la UCE (2019) y candidato a rector de la misma (2018). Actualmente es Decano de la Facultad de Arquitectura y Urbanismo de la Universidad Internacional SEK en Quito. Biograf\u00eda completa: https:\/\/www.haremoshistoria.net\/invitados\/oswaldo-pez-barrera","link":"https:\/\/www.lapluma.net\/fr\/author\/oswaldo-paez-barrera\/","slug":"oswaldo-paez-barrera","meta":{"rsssl_two_fa_status":"disabled"},"_links":{"self":[{"href":"https:\/\/www.lapluma.net\/fr\/wp-json\/wp\/v2\/users\/1239","targetHints":{"allow":["GET"]}}],"collection":[{"href":"https:\/\/www.lapluma.net\/fr\/wp-json\/wp\/v2\/users"}]}}