{"id":1143,"name":"Carlos Guti\u00e9rrez M","url":"","description":"Carlos Guti\u00e9rrez M: Director de Le monde diplomatique, edici\u00f3n Colombia. Editorialista de Desdeabajo.com","link":"https:\/\/www.lapluma.net\/fr\/author\/carlos-gutierrez-m\/","slug":"carlos-gutierrez-m","meta":{"rsssl_two_fa_status":"disabled"},"_links":{"self":[{"href":"https:\/\/www.lapluma.net\/fr\/wp-json\/wp\/v2\/users\/1143","targetHints":{"allow":["GET"]}}],"collection":[{"href":"https:\/\/www.lapluma.net\/fr\/wp-json\/wp\/v2\/users"}]}}