{"id":111,"name":"Carlos Soledad","url":"","description":"Carlos Soledad: M\u00e1s que sentirme \"Hijo de todos los pueblos\" -y agregar\u00eda de todos los pueblos oprimidos- como se\u00f1ala el literato indonesio Pramoedya Ananta Toer, simpatizo con sus luchas y las considero la esperanza ante el colapso planetario.\r\n\r\nMe gustar\u00eda decir que soy indio o gitano, pero no lo soy. Soy de esos mexicanos nacidos en los ochenta que crecimos en una sociedad muy colonizada y desindianizada en el DF. Eso s\u00ed, soy en Valencia orgullasamente sudaka y en M\u00e9xico bien pinche naco. Migrante mexicano, pero tambi\u00e9n me considero ciudadano del Pa\u00eds Valenci\u00e0 y del mundo.\r\n\r\nParticipo como activista en movimientos sociales y medios de comunicaci\u00f3n alternativa. Principalmente en la Asamblea de Solidaridad con M\u00e9xico -Pa\u00eds Valenci\u00e0-, Slow Food -Palancia-Mijares- y en la Asociaci\u00f3n de Madres y Padres del colegio Pare Catal\u00e0 de Benimaclet. He colaborado con el peri\u00f3dico mexicano La Jornada y con el salto diario Pa\u00eds Valenci\u00e0.  Las lentejas me las gano como profesor de Mecanizado y Mantenimiento de m\u00e1quinas en la Educaci\u00f3n P\u00fablica, en la etapa de Formaci\u00f3n Profesional.\r\n\r\nNo soy escritor, ni soci\u00f3logo, ni periodista. Soy un ingeniero industrial desprofesionalizado, doctor especialista en el movimiento de sin papeles por la Universidad Polit\u00e9cnica de Valencia. No obstante, mi formaci\u00f3n es b\u00e1sicamente autodidacta y colectiva. Me considero heredero de la tradici\u00f3n anarquista, libertaria, feminista, antirracista y anticapitalista.\r\n\r\nA veces, las injusticias y la inercia del desarrollo occidental ecocida me hacen perder la esperanza. Otras veces, mi compa\u00f1era Mar\u00eda y mis hijas\/os, mi familia transnacional, lxs zapatistas, lxs sin papeles, lxs de abajo, lxs del s\u00f3tano y tantos otros movimientos y colectivos, me recuerdan que otro mundo, donde quepan muchos mundos, es posible.","link":"https:\/\/www.lapluma.net\/fr\/author\/carlos-soledad\/","slug":"carlos-soledad","meta":{"rsssl_two_fa_status":"disabled"},"_links":{"self":[{"href":"https:\/\/www.lapluma.net\/fr\/wp-json\/wp\/v2\/users\/111","targetHints":{"allow":["GET"]}}],"collection":[{"href":"https:\/\/www.lapluma.net\/fr\/wp-json\/wp\/v2\/users"}]}}