{"id":1092,"name":"Pablo Has\u00e9l","url":"","description":"Pablo Rivadulla Dur\u00f3, conocido en el mundo art\u00edstico como Pablo Has\u00e9l, es un rapero, poeta, escritor y activista pol\u00edtico antifascista catal\u00e1n que naci\u00f3 en L\u00e9rida, Catalu\u00f1a, Espa\u00f1a, el 9 de agosto de 1988. Muchas de sus canciones son pol\u00e9micas por sus fuertes letras sobre temas pol\u00edticos y ataques a la monarqu\u00eda espa\u00f1ola.\r\n\r\nEn 2021 se convirti\u00f3 en la persona de m\u00e1s alto perfil de ir a la c\u00e1rcel por sus expresiones art\u00edsticas en Espa\u00f1a en los \u00faltimos a\u00f1os. Su detenci\u00f3n provoc\u00f3 un gran debate y fuertes protestas sobre la libertad de expresi\u00f3n en Espa\u00f1a.\r\nPablo Hans\u00e9l es autor de varios libros y poemarios, en los que se destaca h\u00e1bilmente.\r\n\r\nHa formado parte de actividades pol\u00edticas usando su carrera artista para reflejar sus diversas ideolog\u00edas y fuertes opiniones.\r\n\r\nhttps:\/\/www.buenamusica.com\/pablo-hasel\/biografia","link":"https:\/\/www.lapluma.net\/fr\/author\/pablo-hasel\/","slug":"pablo-hasel","meta":{"rsssl_two_fa_status":"disabled"},"_links":{"self":[{"href":"https:\/\/www.lapluma.net\/fr\/wp-json\/wp\/v2\/users\/1092","targetHints":{"allow":["GET"]}}],"collection":[{"href":"https:\/\/www.lapluma.net\/fr\/wp-json\/wp\/v2\/users"}]}}