{"id":6371,"count":1,"description":"","link":"https:\/\/www.lapluma.net\/fr\/tag\/moviles-economicos-politicos-y-culturales\/","name":"m\u00f3viles econ\u00f3micos-pol\u00edticos y culturales","slug":"moviles-economicos-politicos-y-culturales","taxonomy":"post_tag","meta":[],"_links":{"self":[{"href":"https:\/\/www.lapluma.net\/fr\/wp-json\/wp\/v2\/tags\/6371","targetHints":{"allow":["GET"]}}],"collection":[{"href":"https:\/\/www.lapluma.net\/fr\/wp-json\/wp\/v2\/tags"}],"about":[{"href":"https:\/\/www.lapluma.net\/fr\/wp-json\/wp\/v2\/taxonomies\/post_tag"}],"wp:post_type":[{"href":"https:\/\/www.lapluma.net\/fr\/wp-json\/wp\/v2\/posts?tags=6371"}],"curies":[{"name":"wp","href":"https:\/\/api.w.org\/{rel}","templated":true}]}}