{"id":2202,"count":1,"description":"","link":"https:\/\/www.lapluma.net\/fr\/tag\/lutte-contre-la-precarite-energetique-transition-ecologique\/","name":"lutte contre la pr\u00e9carit\u00e9 \u00e9nerg\u00e9tique\/transition \u00e9cologique","slug":"lutte-contre-la-precarite-energetique-transition-ecologique","taxonomy":"post_tag","meta":[],"_links":{"self":[{"href":"https:\/\/www.lapluma.net\/fr\/wp-json\/wp\/v2\/tags\/2202","targetHints":{"allow":["GET"]}}],"collection":[{"href":"https:\/\/www.lapluma.net\/fr\/wp-json\/wp\/v2\/tags"}],"about":[{"href":"https:\/\/www.lapluma.net\/fr\/wp-json\/wp\/v2\/taxonomies\/post_tag"}],"wp:post_type":[{"href":"https:\/\/www.lapluma.net\/fr\/wp-json\/wp\/v2\/posts?tags=2202"}],"curies":[{"name":"wp","href":"https:\/\/api.w.org\/{rel}","templated":true}]}}