{"id":2141,"count":1,"description":"","link":"https:\/\/www.lapluma.net\/fr\/tag\/disociacion-dimension-politica-luchas-sociales\/","name":"disociaci\u00f3n dimensi\u00f3n pol\u00edtica Luchas sociales","slug":"disociacion-dimension-politica-luchas-sociales","taxonomy":"post_tag","meta":[],"_links":{"self":[{"href":"https:\/\/www.lapluma.net\/fr\/wp-json\/wp\/v2\/tags\/2141","targetHints":{"allow":["GET"]}}],"collection":[{"href":"https:\/\/www.lapluma.net\/fr\/wp-json\/wp\/v2\/tags"}],"about":[{"href":"https:\/\/www.lapluma.net\/fr\/wp-json\/wp\/v2\/taxonomies\/post_tag"}],"wp:post_type":[{"href":"https:\/\/www.lapluma.net\/fr\/wp-json\/wp\/v2\/posts?tags=2141"}],"curies":[{"name":"wp","href":"https:\/\/api.w.org\/{rel}","templated":true}]}}