{"id":21134,"count":1,"description":"","link":"https:\/\/www.lapluma.net\/fr\/tag\/valoracion-de-la-gestion-economica\/","name":"valoraci\u00f3n de la gesti\u00f3n econ\u00f3mica","slug":"valoracion-de-la-gestion-economica","taxonomy":"post_tag","meta":[],"_links":{"self":[{"href":"https:\/\/www.lapluma.net\/fr\/wp-json\/wp\/v2\/tags\/21134","targetHints":{"allow":["GET"]}}],"collection":[{"href":"https:\/\/www.lapluma.net\/fr\/wp-json\/wp\/v2\/tags"}],"about":[{"href":"https:\/\/www.lapluma.net\/fr\/wp-json\/wp\/v2\/taxonomies\/post_tag"}],"wp:post_type":[{"href":"https:\/\/www.lapluma.net\/fr\/wp-json\/wp\/v2\/posts?tags=21134"}],"curies":[{"name":"wp","href":"https:\/\/api.w.org\/{rel}","templated":true}]}}