{"id":19954,"count":1,"description":"","link":"https:\/\/www.lapluma.net\/fr\/tag\/simon-bolivar-y-jose-de-san-martin\/","name":"Sim\u00f3n Bol\u00edvar y Jos\u00e9 de San Martin","slug":"simon-bolivar-y-jose-de-san-martin","taxonomy":"post_tag","meta":[],"_links":{"self":[{"href":"https:\/\/www.lapluma.net\/fr\/wp-json\/wp\/v2\/tags\/19954","targetHints":{"allow":["GET"]}}],"collection":[{"href":"https:\/\/www.lapluma.net\/fr\/wp-json\/wp\/v2\/tags"}],"about":[{"href":"https:\/\/www.lapluma.net\/fr\/wp-json\/wp\/v2\/taxonomies\/post_tag"}],"wp:post_type":[{"href":"https:\/\/www.lapluma.net\/fr\/wp-json\/wp\/v2\/posts?tags=19954"}],"curies":[{"name":"wp","href":"https:\/\/api.w.org\/{rel}","templated":true}]}}