{"id":9610,"date":"2019-05-30T15:46:17","date_gmt":"2019-05-30T15:46:17","guid":{"rendered":"http:\/\/www.lapluma.net\/?p=9610"},"modified":"2024-06-24T20:45:36","modified_gmt":"2024-06-24T20:45:36","slug":"allemagne-annee-rezo","status":"publish","type":"post","link":"https:\/\/www.lapluma.net\/fr\/2019\/05\/30\/allemagne-annee-rezo\/","title":{"rendered":"Allemagne, ann\u00e9e Rezo"},"content":{"rendered":"<p style=\"text-align: justify;\"><span style=\"font-size: 12pt;\">Le r\u00e9sultat des \u00e9lections europ\u00e9ennes en Allemagne est sans doute le plus riche d\u2019enseignements pour l\u2019ensemble de l\u2019Europe \u00e0 28 et, au-del\u00e0, de ses n\u00e9ocolonies, les pays \u00ab\u00a0associ\u00e9s\u00a0\u00bb, du Maroc \u00e0 Isra\u00ebl. Ce r\u00e9sultat sonne le glas de la politique du XX\u00e8me si\u00e8cle et des partis politiques n\u00e9s au XIX\u00e8me si\u00e8cle et cr\u00e9e les bases d\u2019une expression politique nouvelle, celle qui correspond au \u00ab\u00a0nouveau capitalisme\u00a0\u00bb, le \u00ab\u00a0capitalisme vert et arc-en-ciel\u00a0\u00bb.<\/span><\/p>\n<p align=\"center\"><img loading=\"lazy\" decoding=\"async\" src=\"http:\/\/www.tlaxcala-int.org\/upload\/gal_20338.jpg\" alt=\"\" width=\"499\" height=\"500\" \/><\/p>\n<p style=\"text-align: center;\"><strong>\u00ab\u00a0C&rsquo;est ou le palmier qui se balance au vent ou la bi\u00e8re fra\u00eeche, tu ne peux pas avoir les deux\u00a0\u00bb<\/strong><\/p>\n<p style=\"text-align: justify;\"><span style=\"font-size: 12pt;\">Fini le noir et rouge de la Grand Coalition entre sociaux-d\u00e9mocrates et chr\u00e9tiens-d\u00e9mocrates\/sociaux, place \u00e0 Jamaika, la coalition noire (CDU), jaune (FPD) et verte. Les Verts, avec 20,5 % des voix (34% des 18-24 ans et des scores de 40 \u00e0 50% dans certaines circonscriptions branch\u00e9es des grandes villes), sont d\u00e9sormais les ma\u00eetres du jeu\u00a0: ils ont le choix entre l\u2019option Jamaika et l\u2019option Rot-rot-gr\u00fcn (RRG\u00a0: rouge SPD, rouge die Linke).\u00a0 Comme ils l\u2019ont d\u00e9j\u00e0 pratiqu\u00e9 r\u00e9gionalement, ils vont sans doute opter pour l\u2019alliance avec les chr\u00e9t-d\u00e9m et les lib\u00e9raux. Et ils von tenter de bricoler une majorit\u00e9 au Parlement europ\u00e9en en s\u2019alliant avec la macronie, dont Cohn-Bendit est un fid\u00e8le alli\u00e9.<\/span><\/p>\n<p style=\"text-align: justify;\"><span style=\"font-size: 12pt;\">L\u2019\u00e9chec le plus spectaculaire est celui de la SPD et, en son sein, des deux groupes d\u2019influence les plus importants\u00a0: les Seeheimer et les Netzwerker. Les premiers sont les successeurs des Kanalarbeiter, le canal historique du parti, rassemblant le gratin de la bureaucratie -fonctionnaires et syndicalistes \u2013 et tirent leur nom du Club du personnel de la Lufthansa, \u00e0 Seeheim, o\u00f9 ils se sont r\u00e9unis depuis des d\u00e9cennies. Les seconds, les \u00ab\u00a0R\u00e9seauteurs\u00a0\u00bb, sont l\u2019ancienne \u00ab\u00a0jeune garde du secr\u00e9tariat, rassemblant au d\u00e9part els d\u00e9put\u00e9s de moins de 40, puis \u00e9largie \u00e0 des d\u00e9put\u00e9s et fonctionnaires plus \u00e2g\u00e9s. Les deux ensembles se recoupent partiellement. Pour faire bref, ce sont des \u00ab\u00a0modernisateurs\u00a0\u00bb, partisans du libre march\u00e9, de l\u2019aust\u00e9rit\u00e9, des coupes sociales, de l\u2019OTAN, en un mot des sociaux-lib\u00e9raux. Ils portent la responsabilit\u00e9 de l\u2019\u00e9rosion progressive de l\u2019\u00e9lectorat social-d\u00e9mocrate, pass\u00e9 de 48,5% en 1972 (victoire de Willy Brandt) aux 15,6% d\u2019aujourd\u2019hui. Leur d\u00e9faite aux \u00e9lections dans la ville-\u00c9tat de Br\u00eame, qui avaient lieu le m\u00eame dimanche, est tout aussi parlante\u00a0: cette d\u00e9faite met fin \u00e0 70 ans de r\u00e8gne incontest\u00e9. Ici aussi, se pose la question\u00a0: quelle coalition va-t-elle gouverner la ville des animaux-musiciens\u00a0? Jamaika ou RRG\u00a0?<\/span><\/p>\n<p style=\"text-align: justify;\"><span style=\"font-size: 12pt;\">Le second \u00e9chec, un peu moins spectaculaire, est celui de la CDU-CSU, qui perd 7% des voix par rapport \u00e0 2014, mais reste le premier parti allemand.<\/span><\/p>\n<p style=\"text-align: justify;\"><span style=\"font-size: 12pt;\">Le troisi\u00e8me \u00e9chec est celui de la \u00ab\u00a0gauche\u00a0\u00bb, le parti nomm\u00e9 Die Linke, qui, avec un petit 5,5%, n\u2019enverra que 5 d\u00e9put\u00e9s \u00e0 Strasbourg. Ses dirigeants paient ainsi leurs choix \u00ab\u00a0strat\u00e9giques\u00a0\u00bb suicidaires consistant \u00e0 mettre \u00e0 l\u2019\u00e9cart les porte-parole de l\u2019aile militante, souverainiste et assez populaire, repr\u00e9sent\u00e9e principalement par \u00a0Sahra Wagenknecht, et de se livrer \u00e0 un plagiat des Verts sur le plan \u00e9lectoral, en mettant de c\u00f4t\u00e9 l\u2019aspect revendications sociales. Voil\u00e0 ce qu\u2019il en co\u00fbte de se fier aux sondages.<\/span><\/p>\n<p style=\"text-align: justify;\"><span style=\"font-size: 12pt;\">En effet, ceux-ci avaient indiqu\u00e9, dans l\u2019ordre, les 4 principales pr\u00e9occupations des \u00e9lecteurs allemands. En t\u00eate, le changement climatique et l\u2019environnement (un \u00e9crasant 48%), suivi de la \u00ab\u00a0s\u00e9curit\u00e9 sociale\u00a0\u00bb (43%), la \u00ab\u00a0recherche de la paix\u00a0\u00bb (35%) et de l\u2019immigration (25%).<\/span><\/p>\n<p style=\"text-align: justify;\"><span style=\"font-size: 12pt;\">La premi\u00e8re victoire est celle de la jeunesse, en particulier des 5 millions de nouveaux \u00e9lecteurs. Ils ont massivement vot\u00e9 pour tout sauf SPD, CDU\/CSU, AfD, pr\u00e9f\u00e9rant les Verts et Le Parti (Die Partei), un parti satirique, qui envoie 2 d\u00e9put\u00e9s \u00e0 Strasbourg. On a l\u00e0 un double effet\u00a0:\u00a0 l\u2019effet Greta et l\u2019effet Rezo.<\/span><\/p>\n<p style=\"text-align: justify;\"><span style=\"font-size: 12pt;\">Greta Thunberg, la lyc\u00e9enne su\u00e9doise manag\u00e9e par des pros de la com, qui a lanc\u00e9 le mouvement de gr\u00e8ves scolaires contre le changement climatique, a \u00e9t\u00e9 \u00e0 l\u2019origine d\u2019un mouvement mondial de jeunes, les \u00ab\u00a0Fridays for Future\u00a0\u00bb (les vendredis pour le futur), qui ont fait un tabac en Allemagne chez les \u00e9tudiants et lyc\u00e9ens et ont eu des retomb\u00e9es \u00e9lectorales, ce qui n\u2019a pas \u00e9t\u00e9 le cas en Su\u00e8de (nul n\u2019est proph\u00e8te en son pays).<\/span><\/p>\n<p><img loading=\"lazy\" decoding=\"async\" class=\"aligncenter\" src=\"http:\/\/www.tlaxcala-int.org\/upload\/gal_20336.jpg\" alt=\"\" width=\"600\" height=\"372\" \/><\/p>\n<p style=\"text-align: justify;\"><span style=\"font-size: 12pt;\">Rezo est un gar\u00e7on qui a trouv\u00e9 son cr\u00e9neau, qui s\u2019est av\u00e9r\u00e9 un business rentable\u00a0: il est youtubeur avec 874\u00a0000 abonn\u00e9s, ce qui lui rapporte largement de quoi vivre. \u00c0 cela s\u2019ajoute son shop, sur lequel il vend T-shirts, sweats, hoodies, casquettes, sacs et posters. Rezo, avec ses cheveux bleus et son bonnet rose, n\u2019\u00e9tait pas un youtubeur politique d\u00e9clar\u00e9, mais un <i>entertainer<\/i>, produisant des vid\u00e9os se voulant amusantes et consid\u00e9r\u00e9es comme telles par les 8-24 ans. Soudain, le 18 Mai, il a mis en ligne une vid\u00e9o de 55 minutes intitul\u00e9e \u00ab\u00a0La d\u00e9molition de la CDU\u00a0\u00bb. Et il a r\u00e9ellement d\u00e9moli le parti de Madame\u00a0 Annegret Kramp-Karrenbauer, la successeure d\u2019Angie. Vous me direz, avec un nom pareil, \u00e7a ne peut \u00eatre qu\u2019une dinosaure. 8 jours plus tard, la vid\u00e9o avait eu 11 millions de vues, de quoi rapporter 11\u00a0000 \u20ac \u00e0 notre gar\u00e7on aux yeux bleus, et faire perdre quelques millions de voix aux noirs et rouges. Entretemps, le 24 mai, Rezo avait enfonc\u00e9 le clou en mettant en ligne une vid\u00e9o de 2 minutes 49 secondes, intitul\u00e9e \u00ab\u00a0Ein Statement von 90+ Youtubern\u00a0\u00bb (comme on dit en Germanglish), une lettre ouverte de plus de 90 youtubeurs et youtubeuses, jeunes et branch\u00e9s, appelant les \u00e9lecteurs \u00e0 surtout ne pas votre pour les trois partis dont la politique est contraire \u00e0 \u00ab\u00a0la science et la logique\u00a0\u00bb, \u00e0 savoir la CDU\/CSU, la SPD et l\u2019AfD. Cette vid\u00e9o n\u2019a \u00e9t\u00e9 visionn\u00e9e \u00ab\u00a0que\u00a0\u00bb 3 millions de fois\u2026<\/span><\/p>\n<p align=\"center\"><img loading=\"lazy\" decoding=\"async\" src=\"http:\/\/www.tlaxcala-int.org\/upload\/gal_20337.jpg\" alt=\"\" width=\"500\" height=\"333\" \/><br \/>\n<strong>CDU\u00a0: Je n\u2019entends rien<\/strong><br \/>\n<strong>SPD\u00a0: Moi non plus<\/strong><br \/>\n<strong>par <\/strong><a href=\"https:\/\/de.toonpool.com\/artists\/Kostas%20Koufogiorgos_65\"><strong>Kostas Koufogiorgos<\/strong><\/a><\/p>\n<p style=\"text-align: justify;\"><span style=\"font-size: 12pt;\">Bolsonaro avait gagn\u00e9 les \u00e9lections br\u00e9siliennes en confiant \u00e0 une bo\u00eete priv\u00e9e l\u2019envoi massif de <i>fake<\/i> sur whatspp. Le plus c\u00e9l\u00e8bre de ces messages racontait que le Parti des travailleurs avait distribu\u00e9 dans les cr\u00e8ches des biberons avec des t\u00e9tines en forme de p\u00e9nis pour encourager d\u00e8s le berceau le d\u00e9veloppement de l\u2019homosexualit\u00e9 chez les gar\u00e7ons. Les Verts allemands ont gagn\u00e9 les faveurs des \u00e9lecteurs avec un discours tenant la route pour lequel ils n\u2019ont rien eu \u00e0 payer.<\/span><\/p>\n<p style=\"text-align: justify;\"><span style=\"font-size: 12pt;\">Les prochaines guerres qu\u2019ils lanceront ne seront plus humanitaires, elles seront vertes et arc-en-ciel, et men\u00e9es sur le terrain par des gar\u00e7ons et des filles biberonn\u00e9s au youtube et avec un \u00ab\u00a0multikulti background\u00a0\u00bb, pour le dire en Germanglish.<\/span><\/p>\n<p style=\"text-align: justify;\"><strong><span class=\"auteur\" style=\"font-size: 12pt;\"><a href=\"http:\/\/www.tlaxcala-int.org\/biographie.asp?ref_aut=2&amp;lg_pp=fr\">Fausto Giudice \u0424\u0430\u0443\u0441\u0442\u043e \u0414\u0436\u0443\u0434\u0438\u0447\u0435 \u0641\u0627\u0648\u0633\u062a\u0648 \u062c\u064a\u0648\u062f\u064a\u0634\u064a<\/a><\/span><\/strong><\/p>\n<p style=\"text-align: justify;\"><strong><span style=\"font-size: 12pt;\">Source: <a href=\"http:\/\/www.tlaxcala-int.org\/article.asp?reference=26132\">Tlaxcala<\/a>, le 28 mai 2019<\/span><\/strong><\/p>\n<p>\u00a0<\/p>\n","protected":false},"excerpt":{"rendered":"<p>Les prochaines guerres qu\u2019ils lanceront ne seront plus humanitaires, elles seront vertes et arc-en-ciel, et men\u00e9es sur le terrain par des gar\u00e7ons et des filles biberonn\u00e9s au youtube et avec un \u00ab multikulti background \u00bb, pour le dire en Germanglish.<\/p>\n","protected":false},"author":84,"featured_media":9612,"comment_status":"open","ping_status":"open","sticky":false,"template":"","format":"standard","meta":{"_uf_show_specific_survey":0,"_uf_disable_surveys":false,"footnotes":""},"categories":[5],"tags":[11411,5277,5276,5293,5294,5295,5273,5274,5239,27154,364],"coauthors":[732],"class_list":["post-9610","post","type-post","status-publish","format-standard","has-post-thumbnail","hentry","category-editoriales-y-opiniones","tag-alemania-palida-madre","tag-allemagne-mere-blafarde","tag-capitalisme-vert","tag-capitalismo-verde-y-arco-iris","tag-efecto-greta","tag-efecto-rezo","tag-effet-greta","tag-effet-rezo","tag-elecciones-europeas-2019","tag-elections-europeennes-2019","tag-uerope"],"translation":{"provider":"WPGlobus","version":"2.12.2","language":"fr","enabled_languages":["es","fr"],"languages":{"es":{"title":true,"content":true,"excerpt":false},"fr":{"title":true,"content":true,"excerpt":true}}},"_links":{"self":[{"href":"https:\/\/www.lapluma.net\/fr\/wp-json\/wp\/v2\/posts\/9610","targetHints":{"allow":["GET"]}}],"collection":[{"href":"https:\/\/www.lapluma.net\/fr\/wp-json\/wp\/v2\/posts"}],"about":[{"href":"https:\/\/www.lapluma.net\/fr\/wp-json\/wp\/v2\/types\/post"}],"author":[{"embeddable":true,"href":"https:\/\/www.lapluma.net\/fr\/wp-json\/wp\/v2\/users\/84"}],"replies":[{"embeddable":true,"href":"https:\/\/www.lapluma.net\/fr\/wp-json\/wp\/v2\/comments?post=9610"}],"version-history":[{"count":6,"href":"https:\/\/www.lapluma.net\/fr\/wp-json\/wp\/v2\/posts\/9610\/revisions"}],"predecessor-version":[{"id":68102,"href":"https:\/\/www.lapluma.net\/fr\/wp-json\/wp\/v2\/posts\/9610\/revisions\/68102"}],"wp:featuredmedia":[{"embeddable":true,"href":"https:\/\/www.lapluma.net\/fr\/wp-json\/wp\/v2\/media\/9612"}],"wp:attachment":[{"href":"https:\/\/www.lapluma.net\/fr\/wp-json\/wp\/v2\/media?parent=9610"}],"wp:term":[{"taxonomy":"category","embeddable":true,"href":"https:\/\/www.lapluma.net\/fr\/wp-json\/wp\/v2\/categories?post=9610"},{"taxonomy":"post_tag","embeddable":true,"href":"https:\/\/www.lapluma.net\/fr\/wp-json\/wp\/v2\/tags?post=9610"},{"taxonomy":"author","embeddable":true,"href":"https:\/\/www.lapluma.net\/fr\/wp-json\/wp\/v2\/coauthors?post=9610"}],"curies":[{"name":"wp","href":"https:\/\/api.w.org\/{rel}","templated":true}]}}