{"id":9546,"date":"2019-05-26T21:19:17","date_gmt":"2019-05-26T21:19:17","guid":{"rendered":"http:\/\/www.lapluma.net\/?p=9546"},"modified":"2019-05-26T21:19:17","modified_gmt":"2019-05-26T21:19:17","slug":"mhamed-khadad-polisario-los-esfuerzos-del-enviado-de-la-onu-para-el-sahara-occidental-kohler-han-sido-saboteados-por-francia-y-usa","status":"publish","type":"post","link":"https:\/\/www.lapluma.net\/fr\/2019\/05\/26\/mhamed-khadad-polisario-los-esfuerzos-del-enviado-de-la-onu-para-el-sahara-occidental-kohler-han-sido-saboteados-por-francia-y-usa\/","title":{"rendered":"Mhamed Khadad (POLISARIO) : les efforts de l\u2019\u00e9missaire de l\u2019Onu pour le Sahara occidental K\u00f6hler ont \u00e9t\u00e9 \u00absabot\u00e9s par la France et les USA\u00bb"},"content":{"rendered":"<div class=\"b-article__lead\">\n<p style=\"text-align: justify;\"><span style=\"font-size: 12pt;\"><img loading=\"lazy\" decoding=\"async\" class=\"alignleft\" src=\"http:\/\/www.tlaxcala-int.org\/upload\/aut_6749.jpg\" width=\"81\" height=\"81\" border=\"0\" \/>S\u2019exprimant sur la d\u00e9mission de Horst K\u00f6hler, envoy\u00e9 personnel du SG de l\u2019Onu pour le Sahara occidental, le Polisario a affirm\u00e9 \u00e0 Sputnik qu\u2019en plus \u00abdes raisons de sant\u00e9\u00bb \u00e9voqu\u00e9es, le diplomate rencontrait des obstacles, dress\u00e9s notamment par Paris et Washington. L\u2019Onu, Rabat, le Polisario et Alger ont regrett\u00e9 son d\u00e9part.<\/span><\/p>\n<p><img loading=\"lazy\" decoding=\"async\" class=\"aligncenter\" src=\"http:\/\/www.tlaxcala-int.org\/upload\/gal_20331.jpg\" alt=\"\" width=\"600\" height=\"338\" \/><\/p>\n<\/div>\n<div class=\"b-article__text\">\n<p style=\"text-align: justify;\"><span style=\"font-size: 12pt;\">Horst K\u00f6hler, envoy\u00e9 du secr\u00e9taire g\u00e9n\u00e9ral de l\u2019Onu pour le <a href=\"https:\/\/fr.sputniknews.com\/tags\/geo_Sahara_occidental\/\">Sahara occidental<\/a>, a d\u00e9missionn\u00e9 mercredi 22 mai de son poste \u00abpour des raisons de sant\u00e9\u00bb, informe un communiqu\u00e9 des Nations unies. L\u2019Onu, l\u2019Alg\u00e9rie, <a href=\"https:\/\/fr.sputniknews.com\/tags\/organization_Front_Polisario\/\">le Front Polisario<\/a> et le Maroc ont exprim\u00e9 \u00e0 l\u2019unisson leurs regrets \u00e0 l\u2019annonce de la d\u00e9mission du diplomate onusien. Ils lui ont rendu hommage pour les efforts qu\u2019il a d\u00e9ploy\u00e9s dans la r\u00e9solution du conflit au Sahara occidental.<\/span><\/p>\n<p><span style=\"font-size: 12pt;\">Dans un entretien \u00e0 Sputnik, Mhamed Khadad, membre de la direction et responsable des relations ext\u00e9rieures du\u00a0Front Polisario, a confirm\u00e9 que le diplomate onusien avait effectivement d\u00e9missionn\u00e9 pour des problmes de sant\u00e9, ajoutant que d\u2019autres facteurs avaient \u00e9galement pes\u00e9 dans sa prise de d\u00e9cision.<\/span><\/p>\n<p class=\"marker-quote1\" style=\"text-align: justify;\"><span style=\"font-size: 12pt;\">\u00abEffectivement, il y a les raisons de sant\u00e9 que M.K\u00f6hler a mentionn\u00e9 dans sa lettre d\u2019adieu aux deux parties du conflit au Sahara occidental [le Maroc et le Front Polisario, ndlr] et \u00e0 leurs voisins [l\u2019Alg\u00e9rie et la Mauritanie, ndlr]. Cependant, il faut bien signaler que depuis sa nomination au poste d\u2019envoy\u00e9 sp\u00e9cial du secr\u00e9taire g\u00e9n\u00e9ral de l\u2019Onu beaucoup d\u2019obstacles ont \u00e9t\u00e9 \u00e9rig\u00e9s sur sa route\u00bb, a-t-il d\u00e9clar\u00e9.<\/span><\/p>\n<p style=\"text-align: justify;\"><span style=\"font-size: 12pt;\">Tout en affirmant que Horst K\u00f6hler avait toutes les qualit\u00e9s et les comp\u00e9tences n\u00e9cessaires pour r\u00e9ussir sa mission, notamment son exp\u00e9rience diplomatique et sa connaissance du continent africain et de ses probl\u00e8mes, M.Khadad a signal\u00e9 que d\u00e8s sa prise de fonction, le diplomate \u00aba insist\u00e9 pour que l\u2019Union africaine et l\u2019Union europ\u00e9enne soient parties prenantes de <a href=\"https:\/\/fr.sputniknews.com\/tags\/keyword_conflit_au_Sahara_occidental\/\">la solution du conflit au Sahara occidental<\/a>\u00bb.<\/span><\/p>\n<p><span style=\"font-size: 12pt;\">\u00abDans ce sens, il a visit\u00e9 l\u2019Afrique plusieurs fois, Addis-Abeba et Kigali. Il s\u2019\u00e9tait \u00e9galement rendu \u00e0 deux-trois reprises \u00e0 Bruxelles\u00bb, a-t-il ajout\u00e9.<\/span><\/p>\n<p style=\"text-align: justify;\"><span style=\"font-size: 12pt;\">Selon M.Khadad, l\u2019envoy\u00e9 personnel du secr\u00e9taire g\u00e9n\u00e9ral de l\u2019Onu a rencontr\u00e9 beaucoup d\u2019entraves dans l\u2019accomplissement de sa mission aux Nations unies et \u00e0 l\u2019Union europ\u00e9enne.<\/span><\/p>\n<p class=\"marker-quote1\" style=\"text-align: justify;\"><span style=\"font-size: 12pt;\">\u00abMalheureusement son travail a \u00e9t\u00e9 entrav\u00e9 et carr\u00e9ment sabot\u00e9 par l\u2019attitude du gouvernement fran\u00e7ais qui \u00e0 New York [aux Nations unies, ndlr] ne voulait pas que le mandat de la Minurso [la\u00a0Mission des Nations unies pour l&rsquo;organisation d&rsquo;un r\u00e9f\u00e9rendum au Sahara occidental, ndlr]\u00a0soit r\u00e9duit \u00e0 six mois\u00bb, a-t-il affirm\u00e9.<\/span><\/p>\n<p style=\"text-align: justify;\"><span style=\"font-size: 12pt;\">Sur la m\u00eame lanc\u00e9e, le responsable sahraoui a ajout\u00e9 qu\u2019\u00ab\u00e9galement \u00e0 Bruxelles, Paris a tout fait pour saboter les efforts de M.K\u00f6hler et ce n\u2019est pas sans raisons qu\u2019il n\u2019a d\u2019ailleurs jamais \u00e9t\u00e9 re\u00e7u par les hautes autorit\u00e9s fran\u00e7aises durant son mandat\u00bb.<\/span><\/p>\n<p><span style=\"font-size: 12pt;\">\u00abC\u2019est la France qui a pes\u00e9 de tout son poids pour que l\u2019Union europ\u00e9enne signe de nouveaux accords incluant le territoire du Sahara occidental [accord d\u2019association UE-Maroc et l\u2019accord d\u2019agriculture et de p\u00eache UE-Maroc, ndlr] en violation flagrante des d\u00e9cisions de la Cours de justice de l\u2019Union europ\u00e9enne (CJUE) [les arr\u00eat\u00e9s de 2015, 2016 et 2018, affirmant que le Sahara occidental et les eaux qui lui sont adjacentes ne faisaient pas partie du territoire du Royaume du Maroc, ndlr]\u00bb, a-t-il expliqu\u00e9.<\/span><\/p>\n<p style=\"text-align: justify;\"><span style=\"font-size: 12pt;\">Par ailleurs, Mhamed Khadad a \u00e9voqu\u00e9 un second \u00e9l\u00e9ment qui a pes\u00e9 dans la d\u00e9cision de d\u00e9mission du diplomate onusien.<\/span><\/p>\n<p class=\"marker-quote1\" style=\"text-align: justify;\"><span style=\"font-size: 12pt;\">\u00ab\u00c0 New York, M.K\u00f6hler a toujours cherch\u00e9 \u00e0 ce qu\u2019il y ait un consensus au conseil de s\u00e9curit\u00e9 et que ses quinze membres apportent leur soutien en votant une r\u00e9solution\u00bb a-t-il expliqu\u00e9, regrettant encore une fois que \u00abmalheureusement ces efforts ont \u00e9t\u00e9 sabot\u00e9s par la France et les \u00c9tats-Unis, qui cette fois-ci n\u2019ont pas cherch\u00e9 le consensus qu\u2019a demand\u00e9 M.K\u00f6hler au sein de cette institution internationale\u00bb.<\/span><\/p>\n<p><span style=\"font-size: 12pt;\">\u00abDonc au bout du compte, M.K\u00f6hler s\u2019est trouv\u00e9 sans soutien unanime du conseil de s\u00e9curit\u00e9, sans soutien de l\u2019Union europ\u00e9enne, en plus du travail de sape m\u00e9thodique men\u00e9 par le Maroc pour emp\u00eacher que l\u2019Union africaine joue son r\u00f4le dans le r\u00e9solution de ce conflit qui n\u2019a que trop dur\u00e9\u00bb, a-t-il pr\u00e9cis\u00e9.<\/span><\/p>\n<p style=\"text-align: justify;\"><span style=\"font-size: 12pt;\">En conclusion, l\u2019interlocuteur de Sputnik a affirm\u00e9 que \u00abM.K\u00f6hler avec son honn\u00eatet\u00e9 intellectuelle et sa probit\u00e9, qui a subi de grandes pressions par certains membres du conseil de s\u00e9curit\u00e9, a refus\u00e9 que soient instrumentalis\u00e9s par certaines forces les droits l\u00e9gitimes du peuple sahraoui, notamment celui relatif \u00e0 l\u2019autod\u00e9termination et \u00e0 l\u2019ind\u00e9pendance, pr\u00e9f\u00e9rant jeter l\u2019\u00e9ponge, et c\u2019est tout \u00e0 son honneur d\u2019avoir refus\u00e9\u00bb.<\/span><\/p>\n<p style=\"text-align: justify;\"><span style=\"font-size: 12pt;\">\u00c2g\u00e9 de 76 ans, Horst K\u00f6hler avait \u00e9t\u00e9 nomm\u00e9 envoy\u00e9 personnel d\u2019Antonio Guterres pour le Sahara occidental en ao\u00fbt 2017, succ\u00e9dant \u00e0 l\u2019Am\u00e9ricain Christopher Ross qui avait d\u00e9missionn\u00e9 quelques mois auparavant, apr\u00e8s avoir occup\u00e9 ce poste pendant huit ans.<\/span><\/p>\n<\/div>\n<p style=\"text-align: justify;\">\n","protected":false},"excerpt":{"rendered":"<p>\u00abC\u2019est la France qui a pes\u00e9 de tout son poids pour que l\u2019Union europ\u00e9enne signe de nouveaux accords incluant le territoire du Sahara occidental en violation flagrante des d\u00e9cisions de la Cours de justice de l\u2019Union europ\u00e9enne (CJUE)&#8230;<\/p>\n","protected":false},"author":542,"featured_media":9547,"comment_status":"open","ping_status":"open","sticky":false,"template":"","format":"standard","meta":{"_uf_show_specific_survey":0,"_uf_disable_surveys":false,"footnotes":""},"categories":[218],"tags":[1353,5246,299,286,1557,1754,2377,5247,938,481,5248,1076,29],"coauthors":[5245],"class_list":["post-9546","post","type-post","status-publish","format-standard","has-post-thumbnail","hentry","category-monde","tag-conseil-de-securite-onu","tag-consejo-de-seguridad-nnuu","tag-france","tag-francia","tag-frente-polisario","tag-front-polisario","tag-horst-kohler","tag-kamal-louadj","tag-occupation-marocaine","tag-ocupacion-marroqui","tag-sahara-occident-occupe","tag-sahara-occidental","tag-usa"],"translation":{"provider":"WPGlobus","version":"2.12.2","language":"fr","enabled_languages":["es","fr"],"languages":{"es":{"title":true,"content":true,"excerpt":true},"fr":{"title":true,"content":true,"excerpt":true}}},"_links":{"self":[{"href":"https:\/\/www.lapluma.net\/fr\/wp-json\/wp\/v2\/posts\/9546","targetHints":{"allow":["GET"]}}],"collection":[{"href":"https:\/\/www.lapluma.net\/fr\/wp-json\/wp\/v2\/posts"}],"about":[{"href":"https:\/\/www.lapluma.net\/fr\/wp-json\/wp\/v2\/types\/post"}],"author":[{"embeddable":true,"href":"https:\/\/www.lapluma.net\/fr\/wp-json\/wp\/v2\/users\/542"}],"replies":[{"embeddable":true,"href":"https:\/\/www.lapluma.net\/fr\/wp-json\/wp\/v2\/comments?post=9546"}],"version-history":[{"count":2,"href":"https:\/\/www.lapluma.net\/fr\/wp-json\/wp\/v2\/posts\/9546\/revisions"}],"predecessor-version":[{"id":9549,"href":"https:\/\/www.lapluma.net\/fr\/wp-json\/wp\/v2\/posts\/9546\/revisions\/9549"}],"wp:featuredmedia":[{"embeddable":true,"href":"https:\/\/www.lapluma.net\/fr\/wp-json\/wp\/v2\/media\/9547"}],"wp:attachment":[{"href":"https:\/\/www.lapluma.net\/fr\/wp-json\/wp\/v2\/media?parent=9546"}],"wp:term":[{"taxonomy":"category","embeddable":true,"href":"https:\/\/www.lapluma.net\/fr\/wp-json\/wp\/v2\/categories?post=9546"},{"taxonomy":"post_tag","embeddable":true,"href":"https:\/\/www.lapluma.net\/fr\/wp-json\/wp\/v2\/tags?post=9546"},{"taxonomy":"author","embeddable":true,"href":"https:\/\/www.lapluma.net\/fr\/wp-json\/wp\/v2\/coauthors?post=9546"}],"curies":[{"name":"wp","href":"https:\/\/api.w.org\/{rel}","templated":true}]}}