{"id":9353,"date":"2019-05-18T22:37:04","date_gmt":"2019-05-18T22:37:04","guid":{"rendered":"http:\/\/www.lapluma.net\/?p=9353"},"modified":"2019-05-18T22:37:04","modified_gmt":"2019-05-18T22:37:04","slug":"colombia-la-no-extradicion-de-santrich-y-la-busqueda-de-la-tormenta-perfecta","status":"publish","type":"post","link":"https:\/\/www.lapluma.net\/fr\/2019\/05\/18\/colombia-la-no-extradicion-de-santrich-y-la-busqueda-de-la-tormenta-perfecta\/","title":{"rendered":"Colombia: la no extradici\u00f3n de Santrich y la b\u00fasqueda de la tormenta perfecta"},"content":{"rendered":"<p style=\"text-align: justify;\"><span style=\"font-size: 12pt;\">La Jurisdicci\u00f3n Especial para la Paz finalmente este mi\u00e9rcoles 15 de mayo tom\u00f3 la decisi\u00f3n de negar la solicitud de extradici\u00f3n de Jes\u00fas Santrich, Seuxis Paucias Hern\u00e1ndez, antiguo jefe guerrillero quien fue adem\u00e1s uno de los miembros del equipo negociador por parte de la guerrilla de las Fuerzas Armadas Revolucionarias de Colombia, FARC-EP, en los di\u00e1logos de La Habana. La decisi\u00f3n fue tomada por la Secci\u00f3n de Revisi\u00f3n una de las instancias de la Jurisdicci\u00f3n Especial para la Paz en un fallo dividido, tres magistrados negaron la extradici\u00f3n mientras que dos magistradas no estuvieron de acuerdo con la decisi\u00f3n.<\/span><\/p>\n<p><img loading=\"lazy\" decoding=\"async\" class=\" wp-image-9355 aligncenter\" src=\"http:\/\/www.lapluma.net\/wp-content\/uploads\/2019\/05\/Jesus-Santrich2-300x193.jpg\" alt=\"\" width=\"670\" height=\"431\" srcset=\"https:\/\/www.lapluma.net\/wp-content\/uploads\/2019\/05\/Jesus-Santrich2-300x193.jpg 300w, https:\/\/www.lapluma.net\/wp-content\/uploads\/2019\/05\/Jesus-Santrich2-768x494.jpg 768w, https:\/\/www.lapluma.net\/wp-content\/uploads\/2019\/05\/Jesus-Santrich2.jpg 900w\" sizes=\"auto, (max-width: 670px) 100vw, 670px\" \/><\/p>\n<p style=\"text-align: justify;\"><span style=\"font-size: 12pt;\">Los togados tomaron esa decisi\u00f3n despu\u00e9s de un a\u00f1o de recibir una solicitud de una Corte de New York que solicitaba la extradici\u00f3n de Santrich por el delito de narcotr\u00e1fico. Seg\u00fan el indictment, o la acusaci\u00f3n, Santrich se habr\u00eda complotado con los carteles mexicanos de la droga para enviar cinco toneladas de coca\u00edna a los Estados Unidos. Para ello presentaron unos videos en que se ve a Santrich en conversaciones con algunas personas en su casa. Las pruebas no son claras se dijo desde el comienzo de la investigaci\u00f3n y pareciera m\u00e1s bien una encerrona preparada por la Fiscal\u00eda General de la Naci\u00f3n y la Agencia Antidrogas de los Estados Unidos, DEA.<\/span><\/p>\n<p style=\"text-align: justify;\"><span style=\"font-size: 12pt;\">En el voluminoso fallo de 148 p\u00e1ginas los togados se\u00f1alan que los miembros de la DEA no fueron debidamente legalizados por la Fiscal\u00eda colombiana que bien hubiera podido hacerlo con los mecanismos que cuenta en materia de cooperaci\u00f3n judicial. Este es un hecho resaltado en el fallo como tambi\u00e9n que del material contenido en la acusaci\u00f3n y que era el sustento probatorio para solicitar la extradici\u00f3n no se colige que el supuesto delito se hubiese cometido despu\u00e9s del primero diciembre de 2016 en que las conductas punibles cometidas por miembros de la antigua guerrilla de las FARC, son competencia de la jurisdicci\u00f3n ordinaria. Justamente tanto la acusaci\u00f3n de la Corte de los Estados Unidos como de la Fiscal\u00eda General de Colombia sostuvieron que Santrich hab\u00eda incurrido en el delito de narcotr\u00e1fico despu\u00e9s de esa fecha.<\/span><\/p>\n<p><img loading=\"lazy\" decoding=\"async\" class=\"wp-image-9238 size-full aligncenter\" src=\"http:\/\/www.lapluma.net\/wp-content\/uploads\/2019\/05\/JEP-Santrich.jpg\" sizes=\"auto, (max-width: 639px) 100vw, 639px\" srcset=\"http:\/\/www.lapluma.net\/wp-content\/uploads\/2019\/05\/JEP-Santrich.jpg 639w, http:\/\/www.lapluma.net\/wp-content\/uploads\/2019\/05\/JEP-Santrich-300x139.jpg 300w\" alt=\"\" width=\"639\" height=\"297\" \/><\/p>\n<p style=\"text-align: center;\"><a href=\"http:\/\/www.lapluma.net\/wp-content\/uploads\/2019\/05\/Comunicado-073-Sobre-Seuxis-Paucias-Hern\u00e1ndez-Solarte-DEF-MAYO-15-DE-2019.pdf\"><strong>Comunicado 073 Sobre Seuxis Paucias Hern\u00e1ndez Solarte DEF MAYO 15 DE 2019<\/strong><\/a><\/p>\n<p style=\"text-align: justify;\"><span style=\"font-size: 12pt;\">Para los magistrados de la JEP del material probatorio entregado por la Fiscal\u00eda Colombiana y por la Corte de New York no se colige claramente que esas supuestas reuniones se hubiesen llevado a cabo despu\u00e9s del 1 de diciembre por esas razones neg\u00f3 la solicitud de extradici\u00f3n, orden\u00f3 la libertad de Santrich y trasladar\u00e1 el material probatorio a la Corte Suprema de Justicia dado que Santrich es un parlamentario elegido que no se ha posesionado por encontrarse detenido en la c\u00e1rcel La Picota de Bogot\u00e1. Al mismo tiempo se\u00f1al\u00f3 que Santrich seguir\u00e1 bajo la \u00f3rbita de la JEP donde deber\u00e1 responder por los delitos cometidos como miembro de las FARC y deber\u00e1 ofrecer toda la verdad as\u00ed como reparar a las v\u00edctimas.<\/span><\/p>\n<p style=\"text-align: justify;\"><span style=\"font-size: 12pt;\">El proceso siempre ha estado rodeado de una intensa pol\u00e9mica. Los enemigos del proceso de Paz con las FARC que ahora se han fortalecido con el triunfo de Iv\u00e1n Duque en las elecciones presidenciales de junio pasado han hecho todo lo posible por lograr la extradici\u00f3n de Santrich. Intentaron aprobar una norma que imped\u00eda a los jueces de la JEP la pr\u00e1ctica de pruebas que fue declarada inconstitucional por la Corte Constitucional, con lo cual esta jurisdicci\u00f3n intento en vano que la Corte de New York ampliara el acervo probatorio as\u00ed mismo solicit\u00f3 a la Fiscal\u00eda Colombiana la entrega de todas las pruebas. Al final despu\u00e9s de mucho ruido medi\u00e1tico las pruebas solicitadas nunca llegaron muy seguramente porque no existen.<\/span><\/p>\n<p style=\"text-align: justify;\"><span style=\"font-size: 12pt;\">Santrich desde un comienzo ha negado que haya negociado un env\u00edo de coca\u00edna a los Estados Unidos, siempre ha sostenido que todo ha sido un montaje para atentar contra el proceso de Paz. Finalmente como ya se dijo la JEP neg\u00f3 la extradici\u00f3n y orden\u00f3 la libertad de Santrich que deber\u00e1 hacerse efectiva este jueves 16 de mayo.<\/span><\/p>\n<p style=\"text-align: justify;\"><span style=\"font-size: 12pt;\"><strong>La renuncia de un fiscal profundamente cuestionado <\/strong><\/span><\/p>\n<p style=\"text-align: justify;\"><span style=\"font-size: 12pt;\">Conocida la decisi\u00f3n de no extradici\u00f3n de Santrich el fiscal general, N\u00e9stor Humberto Mart\u00ednez anunci\u00f3 en rueda de prensa hab\u00eda presentado su renuncia irrevocable a su cargo por no compartir la decisi\u00f3n y porque a su juicio la JEP se hab\u00eda extralimitado en sus funciones poniendo en serio riesgo la colaboraci\u00f3n judicial con los Estados Unidos. La verdad es que la decisi\u00f3n de la JEP le ofreci\u00f3 al fiscal general una oportunidad para tratar de salir por la puerta grande dado los innumerables esc\u00e1ndalos de los cu\u00e1les no se ha podido librar en los casi tres a\u00f1os en que ocup\u00f3 el cargo. En m\u00faltiples casos de corrupci\u00f3n bajo la responsabilidad de la fiscal\u00eda ha sido recusado por haber intervenido en esos procesos cuando ejerc\u00eda como abogado. Los dos m\u00e1s significativos en que aparece claramente vinculado son las investigaciones sobre la corrupci\u00f3n propiciada por la firma brasilera Odebrecht para hacerse a jugosos contratos para la construcci\u00f3n de infraestructura en el pa\u00eds, all\u00ed aparece Mart\u00ednez como abogado del grupo Aval socio de la corrupta firma brasilera. Sus actuaciones como abogado lo compromet\u00edan como parte interesada en esos procesos sin que desde un comienzo se hubiera declarado impedido por conflicto de intereses. La Corte Suprema de Colombia lo separ\u00f3 de tres de las l\u00edneas de investigaci\u00f3n y la pr\u00f3xima semana deber\u00eda resolver si lo separaba de todas las investigaciones sobre este caso. Tambi\u00e9n aparece comprometido en las investigaciones contra Carlos Mattos un empresario colombiano propietario de la franquicia para representar a la firma coreana Hyundai. Mart\u00ednez hab\u00eda sido abogado de Mattos a quien ahora la fiscal\u00eda acusa de corrupci\u00f3n de jueces y operadores judiciales. Contra Mattos se ha librado una orden de captura. As\u00ed que la situaci\u00f3n de Mart\u00ednez era insostenible. La decisi\u00f3n de la JEP sobre la no extradici\u00f3n de Santrich le brind\u00f3 la oportunidad de renunciar e intentar salir por la puerta grande. Dudo que lo logre.<\/span><\/p>\n<p style=\"text-align: center;\">\n<iframe loading=\"lazy\" src=\"https:\/\/www.youtube.com\/embed\/mOK-PO2Ztn8\" width=\"560\" height=\"315\" frameborder=\"0\" allowfullscreen=\"allowfullscreen\"><\/iframe><\/p>\n<p style=\"text-align: justify;\"><span style=\"font-size: 12pt;\">La decisi\u00f3n de la JEP sobre Santrich mantiene a ese tribunal judicial en el centro de la pol\u00e9mica y de la confrontaci\u00f3n sobre el futuro de los acuerdos de Paz. El presidente Iv\u00e1n Duque despu\u00e9s de una reuni\u00f3n con funcionarios del Alto Gobierno se pronunci\u00f3 no en una alocuci\u00f3n presidencial que de haberse producido le dar\u00eda a la oposici\u00f3n la posibilidad de una r\u00e9plica sino en un video divulgado profusamente por los medios de comunicaci\u00f3n en lo que se bien acata la decisi\u00f3n de los jueces de la JEP pues no ten\u00eda otra posibilidad denigra del fallo y se compromete a seguir actuando para la extradici\u00f3n del antiguo jefe guerrillero, anuncia que buscar\u00e1 un acuerdo pol\u00edtico para la reforma de los Acuerdos de Paz as\u00ed como para seg\u00fan \u00e9l fortalecer los mecanismos en la lucha contra el narcotr\u00e1fico debilitados por el fallo de la JEP en el caso Santrich.<\/span><\/p>\n<p style=\"text-align: justify;\"><span style=\"font-size: 12pt;\">En el terreno pol\u00edtico la decisi\u00f3n de la JEP reafirma en l\u00edneas b\u00e1sicas el comportamiento pol\u00edtico m\u00e1s reciente de las fuerzas pol\u00edticas tanto de aquellas que respaldan el proceso como de quienes lo combaten. El alinderamiento que se hab\u00eda presentado en el Congreso de la Rep\u00fablica en el reciente tr\u00e1mite de las objeciones presidenciales a la Ley estatutaria de la JEP se reafirma ahora en el caso de la decisi\u00f3n sobre Santrich. Del lado de la JEP y de su decisi\u00f3n se alinean los partidos independientes que son la mayor\u00eda en el Congreso de la Rep\u00fablica, el Partido Liberal, Cambio Radical y la mayor\u00eda del Partido de la U llaman a respetar la decisi\u00f3n de la JEP y a dejarla funcionar as\u00ed mismo la bancada de oposici\u00f3n mayoritariamente respalda la decisi\u00f3n de la JEP y llama a acatar sus decisiones. Por ahora este es un colch\u00f3n pol\u00edtico que le da respaldo a los acuerdos en general y en particular a las decisiones de la JEP. Y digo por ahora porque esto no est\u00e1 completamente garantizado hacia el futuro toda vez que depender\u00e1 de las decisiones del gobierno de si los mantiene fuera de la coalici\u00f3n que gobierna o los llama a tomar parte del Gobierno.<\/span><\/p>\n<p style=\"text-align: justify;\"><span style=\"font-size: 12pt;\">En la rama judicial atacada desde los Estados Unidos que ha retirado las visas a varios magistrados de la Corte Constitucional y de la Corte Suprema de Justicia hay hasta ahora unidad de cuerpo tanto para proteger los acuerdos de paz como de respaldar las actuaciones de la JEP, lo cual tambi\u00e9n brinda cierto margen de maniobra a la JEP en sus decisiones.<\/span><\/p>\n<p style=\"text-align: justify;\"><span style=\"font-size: 12pt;\">Los enemigos del proceso como era inevitable se han pronunciado en contra de la decisi\u00f3n de la JEP. La declaraci\u00f3n m\u00e1s fuerte y beligerante provino tambi\u00e9n como era de esperarse del Centro Democr\u00e1tico que no solo rechaz\u00f3 la decisi\u00f3n sino que se\u00f1al\u00f3 que en los Acuerdos de La Habana se hab\u00eda pactado para Colombia un cogobierno con el narcotr\u00e1fico al tiempo que llama a redoblar los esfuerzos para una reforma de los mismos y principalmente de la JEP. Incluso llama al presidente a que trate por todos los medios de evitar la liberaci\u00f3n de Santrich. El vocero del partido Conservador tambi\u00e9n en el gobierno va m\u00e1s all\u00e1 al se\u00f1alar que Duque deber\u00eda convocar un referendo para reformar los acuerdos. Ambos partidos de Gobierno respaldan al corrupto fiscal general, N\u00e9stor Humberto Mart\u00ednez y tratan de vender la teor\u00eda que nos encontramos frente a una crisis institucional de hondas proporciones pues se pone en riesgo la colaboraci\u00f3n con los Estados Unidos.<\/span><\/p>\n<p style=\"text-align: justify;\"><span style=\"font-size: 12pt;\">La verdad es que la teor\u00eda que nos encontramos frente a una profunda crisis institucional es desmentida por los hechos. Lo que s\u00ed es evidente es que los enemigos de la Paz se han fortalecido pues ahora cuentan con el Gobierno en cabeza de Duque pero han encontrado una resistencia en las mayor\u00edas en el Congreso y en la rama judicial. Tambi\u00e9n cuentan ahora con el respaldo del gobierno de los Estados Unidos. Los m\u00e1s extremistas de los opositores al proceso de paz, a la reconciliaci\u00f3n, a la verdad y a la reparaci\u00f3n a las v\u00edctimas, siguen en lo suyo y ahora plantean mecanismos como el del referendo o la convocatoria a una Asamblea Constituyente que por ahora no se ven como salidas reales a la crisis. La confrontaci\u00f3n seguir\u00e1 si el gobierno como lo ha hecho hasta ahora persiste en el incumplimiento de los acuerdos y en la profunda reforma de los mismos.<\/span><\/p>\n<p style=\"text-align: justify;\"><span style=\"font-size: 12pt;\">Los enemigos de la Paz trabajan por proyectar la imagen que es por los acuerdos de Paz que el pa\u00eds se encuentra en una profunda crisis que en realidad ellos mismos tratan de profundizar por no afrontar su cumplimiento ni doblar la p\u00e1gina. Mientras persistan en sus posturas la divisi\u00f3n y polarizaci\u00f3n alrededor de los acuerdos continuara, de eso no me cabe la menor duda.<\/span><\/p>\n<p style=\"text-align: center;\"><img loading=\"lazy\" decoding=\"async\" class=\" wp-image-9354 aligncenter\" src=\"http:\/\/www.lapluma.net\/wp-content\/uploads\/2019\/05\/2012-10-18-inst-oslo-01-bell-300x181.jpg\" alt=\"\" width=\"550\" height=\"332\" srcset=\"https:\/\/www.lapluma.net\/wp-content\/uploads\/2019\/05\/2012-10-18-inst-oslo-01-bell-300x181.jpg 300w, https:\/\/www.lapluma.net\/wp-content\/uploads\/2019\/05\/2012-10-18-inst-oslo-01-bell-768x464.jpg 768w, https:\/\/www.lapluma.net\/wp-content\/uploads\/2019\/05\/2012-10-18-inst-oslo-01-bell.jpg 1024w\" sizes=\"auto, (max-width: 550px) 100vw, 550px\" \/><strong>El 18 de octubre, en Oslo, Noruega, se instal\u00f3 la mesa de negociaci\u00f3n para los di\u00e1logos de paz entre el Gobierno y las Farc-EP, \u00a0que se han adelantado en La Habana, Cuba.\u00a0Foto : <span class=\"irc_ho\" dir=\"ltr\">Equipo Paz Gobierno<\/span><\/strong><\/p>\n<p style=\"text-align: justify;\"><strong><span style=\"font-size: 12pt;\">Pedro Santana Rodr\u00edguez<br \/>\n<\/span><\/strong><\/p>\n<p><strong><span style=\"font-size: 12pt;\">Fuente<a href=\"https:\/\/www.sur.org.co\/colombia-la-no-extradicion-de-santrich-y-la-busqueda-de-la-tormenta-perfecta\/\"> Sur y Sur,<\/a> 13 de mayo de 2019<\/span><\/strong><\/p>\n","protected":false},"excerpt":{"rendered":"<p>La Jurisdicci&oacute;n Especial para la Paz finalmente este mi&eacute;rcoles 15 de mayo tom&oacute; la decisi&oacute;n de negar la solicitud de extradici&oacute;n de Jes&uacute;s Santrich, Seuxis Paucias Hern&aacute;ndez, antiguo jefe guerrillero quien fue adem&aacute;s uno de los miembros del equipo negociador por parte de la guerrilla de las Fuerzas Armadas Revolucionarias de Colombia, FARC-EP, en los&#8230;<\/p>\n","protected":false},"author":36,"featured_media":9357,"comment_status":"open","ping_status":"open","sticky":false,"template":"","format":"standard","meta":{"_uf_show_specific_survey":0,"_uf_disable_surveys":false,"footnotes":""},"categories":[216,15],"tags":[28,5119,5117,2743,5109,1172,321],"coauthors":[322],"class_list":["post-9353","post","type-post","status-publish","format-standard","has-post-thumbnail","hentry","category-colombia","category-impunidad","tag-colombia","tag-falso-positivo-judicial","tag-farc-jesus-santrich","tag-jep","tag-jurisdiccion-especial-para-la-paz","tag-paz-con-justicia-social","tag-pedro-santana-rodriguez"],"translation":{"provider":"WPGlobus","version":"2.12.2","language":"fr","enabled_languages":["es","fr"],"languages":{"es":{"title":true,"content":true,"excerpt":false},"fr":{"title":false,"content":false,"excerpt":false}}},"_links":{"self":[{"href":"https:\/\/www.lapluma.net\/fr\/wp-json\/wp\/v2\/posts\/9353","targetHints":{"allow":["GET"]}}],"collection":[{"href":"https:\/\/www.lapluma.net\/fr\/wp-json\/wp\/v2\/posts"}],"about":[{"href":"https:\/\/www.lapluma.net\/fr\/wp-json\/wp\/v2\/types\/post"}],"author":[{"embeddable":true,"href":"https:\/\/www.lapluma.net\/fr\/wp-json\/wp\/v2\/users\/36"}],"replies":[{"embeddable":true,"href":"https:\/\/www.lapluma.net\/fr\/wp-json\/wp\/v2\/comments?post=9353"}],"version-history":[{"count":2,"href":"https:\/\/www.lapluma.net\/fr\/wp-json\/wp\/v2\/posts\/9353\/revisions"}],"predecessor-version":[{"id":9359,"href":"https:\/\/www.lapluma.net\/fr\/wp-json\/wp\/v2\/posts\/9353\/revisions\/9359"}],"wp:featuredmedia":[{"embeddable":true,"href":"https:\/\/www.lapluma.net\/fr\/wp-json\/wp\/v2\/media\/9357"}],"wp:attachment":[{"href":"https:\/\/www.lapluma.net\/fr\/wp-json\/wp\/v2\/media?parent=9353"}],"wp:term":[{"taxonomy":"category","embeddable":true,"href":"https:\/\/www.lapluma.net\/fr\/wp-json\/wp\/v2\/categories?post=9353"},{"taxonomy":"post_tag","embeddable":true,"href":"https:\/\/www.lapluma.net\/fr\/wp-json\/wp\/v2\/tags?post=9353"},{"taxonomy":"author","embeddable":true,"href":"https:\/\/www.lapluma.net\/fr\/wp-json\/wp\/v2\/coauthors?post=9353"}],"curies":[{"name":"wp","href":"https:\/\/api.w.org\/{rel}","templated":true}]}}