{"id":9137,"date":"2019-05-13T22:00:06","date_gmt":"2019-05-13T22:00:06","guid":{"rendered":"http:\/\/www.lapluma.net\/?p=9137"},"modified":"2019-05-13T22:07:54","modified_gmt":"2019-05-13T22:07:54","slug":"objetivos-2030-incumplimiento-galopante","status":"publish","type":"post","link":"https:\/\/www.lapluma.net\/fr\/2019\/05\/13\/objetivos-2030-incumplimiento-galopante\/","title":{"rendered":"Objetivos 2030: incumplimiento galopante"},"content":{"rendered":"<div class=\"authorArticleLead\">\n<p style=\"text-align: justify;\"><span style=\"font-size: 12pt;\"><img loading=\"lazy\" decoding=\"async\" class=\" wp-image-1154 alignleft\" src=\"http:\/\/www.lapluma.net\/wp-content\/uploads\/2018\/10\/JuanPazYMinoBis.jpg\" alt=\"\" width=\"86\" height=\"86\" \/>En el a\u00f1o 2000, los 189 pa\u00edses miembros de las Naciones Unidas (ONU) acordaron los Objetivos de Desarrollo del Milenio (ODM) que deb\u00edan conseguirse para el a\u00f1o 2015. De acuerdo con la CEPAL (<a href=\"https:\/\/bit.ly\/2YhVShx\" target=\"_blank\" rel=\"noopener\">https:\/\/bit.ly\/2YhVShx<\/a>), en Am\u00e9rica Latina hubo importantes avances en los ocho ODM:<\/span><\/p>\n<\/div>\n<div class=\"authorArticleContent\" style=\"text-align: justify;\">\n<p><span style=\"font-size: 12pt;\"><img loading=\"lazy\" decoding=\"async\" class=\"articlePhoto50 alignright\" title=\"\" src=\"https:\/\/firmas.prensa-latina.cu\/images\/FotosArticulos\/2019\/05-2019\/09\/Objetivos-de-Desarrollo-del-Milenio.jpg\" alt=\"\" width=\"341\" height=\"321\" align=\"left\" border=\"0\" \/>-Objetivo 1. <em>Erradicar la pobreza extrema y el hambre:<\/em> entre 1990 y 2015 \u201clogr\u00f3 reducir en m\u00e1s de la mitad\u00a0 el porcentaje de personas con ingresos inferiores a un d\u00f3lar-4,6% viv\u00eda con menos de 1,25 d\u00f3lares diarios en 2011, frente a 12,6% en 1990-, as\u00ed como la proporci\u00f3n de personas que pasan hambre, que se redujo desde 14,7% en el bienio 1990-1992 hasta el 5,5% en 2014-2016\u201d.<\/span><\/p>\n<p><span style=\"font-size: 12pt;\">-Objetivo 2. <em>Lograr la ense\u00f1anza primaria universal:<\/em> \u201cen Am\u00e9rica Latina y el Caribe se estima que la tasa neta de matr\u00edcula en ese nivel al a\u00f1o 2015 es de 93%\u201d, pero no se alcanza la universalidad, y el analfabetismo descendi\u00f3 de 6,9% en 1990 a 1,7% en 2015.<\/span><\/p>\n<blockquote><p><span style=\"font-size: 12pt;\">Favorecidos por los gobiernos progresistas y de nueva izquierda surgidos en Am\u00e9rica Latina, los Objetivos de Desarrollo del Milenio (ODS) acordados por la ONU para la etapa 2000-2015 alcanzaron resultados apreciables.<\/span><\/p><\/blockquote>\n<p><span style=\"font-size: 12pt;\">-Objetivo 3. <em>Promover la igualdad entre los g\u00e9neros y la autonom\u00eda de la mujer:<\/em> se asegur\u00f3 el acceso de las ni\u00f1as a la educaci\u00f3n primaria, secundaria y superior, pero no hubo una mejora equivalente en el mercado de trabajo y se mantienen salarios inferiores, aunque la proporci\u00f3n de mujeres en los parlamentos nacionales ascendi\u00f3 a 27,4%.<\/span><\/p>\n<blockquote><p>Dominada por los gobiernos identificados con las derechas pol\u00edticas y las consignas neoliberales y empresariales, el cumplimiento de las nuevas metas de los ODS en la regi\u00f3n enfrenta una situaci\u00f3n cr\u00edtica, sostiene Alicia B\u00e1rcena, secretaria ejecutiva de la CEPAL.<\/p><\/blockquote>\n<p><span style=\"font-size: 12pt;\">-Objetivo 4. <em>Reducir la mortalidad infantil:<\/em> se redujo en dos tercios las muertes de menores de 5 a\u00f1os, se logr\u00f3 eliminar el sarampi\u00f3n casi por completo.<\/span><\/p>\n<p><span style=\"font-size: 12pt;\">-Objetivo 5. <em>Mejorar la salud materna:<\/em> \u201cla regi\u00f3n todav\u00eda muestra altos niveles de mortalidad materna y de fecundidad adolescente\u201d, pero hubo progreso en la planificaci\u00f3n familiar, en la atenci\u00f3n prenatal y en la asistencia de partos.<\/span><\/p>\n<p><span style=\"font-size: 12pt;\">-Objetivo 6. <em>Combatir el VIH\/SIDA, el paludismo y otras enfermedades:<\/em> la regi\u00f3n tiene una prevalencia del VIH\/SIDA inferior al promedio mundial (0,4%), pero esta se eleva al 1,1% en el Caribe; la regi\u00f3n destaca por tener la mayor cobertura del tratamiento antirretroviral y ha progresado en el control de enfermedades contagiosas como la tuberculosis y paludismo.<\/span><\/p>\n<p><span style=\"font-size: 12pt;\">-Objetivo 7. <em>Garantizar la sostenibilidad del medio ambiente:<\/em> la regi\u00f3n emiti\u00f3 7,7 toneladas anuales per c\u00e1pita de gases de efecto invernadero, por encima de la media mundial de 6,7 toneladas, redujo el consumo de sustancias que agotan la capa de ozono y aument\u00f3 las superficies terrestres y marinas protegidas; aunque tambi\u00e9n alcanz\u00f3 la meta de acceso sostenible al agua potable y estuvo cerca de lograr la de uso de instalaciones de saneamiento mejorado.<\/span><\/p>\n<p><span style=\"font-size: 12pt;\">-Objetivo 8. <em>Fomentar una asociaci\u00f3n mundial para el desarrollo:<\/em> \u201cAm\u00e9rica Latina y el Caribe pas\u00f3 de recibir 14% a 7,6% del total mundial de ayuda oficial al desarrollo (AOD) entre 1960 y la d\u00e9cada actual\u201d, pero los flujos de AOD son inferiores a la inversi\u00f3n extranjera directa (IED), las remesas y los flujos de cartera.<\/span><\/p>\n<p><span style=\"font-size: 12pt;\"><img loading=\"lazy\" decoding=\"async\" class=\"articlePhoto25 alignleft\" title=\"\" src=\"https:\/\/firmas.prensa-latina.cu\/images\/FotosArticulos\/2019\/05-2019\/09\/Ecuador-Cuba-Nicaragua.jpg\" alt=\"\" width=\"266\" height=\"495\" align=\"left\" border=\"0\" \/>Hay que destacar el cumplimiento de los ODM por parte de Ecuador, Nicaragua y Cuba. Adem\u00e1s, durante los quince a\u00f1os de los ODM, buena parte de los pa\u00edses de Am\u00e9rica Latina tuvieron gobiernos progresistas, democr\u00e1ticos y de nueva izquierda.<\/span><\/p>\n<p><span style=\"font-size: 12pt;\">Sobre estos antecedentes, en septiembre de 2015, la Asamblea General de la ONU aprob\u00f3 los nuevos Objetivos para el Desarrollo Sostenible (ODS) que los Estados miembros se proponen conseguir en los pr\u00f3ximos 15 a\u00f1os. En la resoluci\u00f3n, reconocieron: <em>&lt;&gt;.<\/em><\/span><\/p>\n<p><span style=\"font-size: 12pt;\">Ahora son 17 los ODS (<a href=\"https:\/\/bit.ly\/2Hen33F\" target=\"_blank\" rel=\"noopener\">https:\/\/bit.ly\/2Hen33F<\/a>):<\/span><\/p>\n<p><span style=\"font-size: 12pt;\">1. Poner fin a la pobreza en todas sus formas en todo el mundo.<\/span><\/p>\n<p><span style=\"font-size: 12pt;\">2. Poner fin al hambre, lograr la seguridad alimentaria y la mejora de la nutricio\u0301n y promover la agricultura sostenible..<\/span><\/p>\n<\/div>\n<p style=\"text-align: justify;\"><span style=\"font-size: 12pt;\">3. Garantizar una vida sana y promover el bienestar de todos a todas las edades.<\/span><\/p>\n<p style=\"text-align: justify;\"><span style=\"font-size: 12pt;\">4. Garantizar una educacio\u0301n inclusiva y equitativa de calidad y promover oportunidades de aprendizaje permanente para todos.<\/span><\/p>\n<p style=\"text-align: justify;\"><span style=\"font-size: 12pt;\">5. Lograr la igualdad de ge\u0301nero y empoderar a todas las mujeres y las nin\u0303as.<\/span><\/p>\n<p style=\"text-align: justify;\"><span style=\"font-size: 12pt;\">6. Garantizar la disponibilidad y la gestio\u0301n sostenible del agua y el saneamiento para todos.<\/span><\/p>\n<p style=\"text-align: justify;\"><span style=\"font-size: 12pt;\">7. Garantizar el acceso a una energi\u0301a asequible, fiable, sostenible y moderna para todos.<\/span><\/p>\n<p style=\"text-align: justify;\"><span style=\"font-size: 12pt;\">8. Promover el crecimiento econo\u0301mico sostenido, inclusivo y sostenible, el empleo pleno y productivo y el trabajo decente para todos.<\/span><\/p>\n<p style=\"text-align: justify;\"><span style=\"font-size: 12pt;\">9. Construir infraestructuras resilientes, promover la industrializacio\u0301n inclusiva y sostenible y fomentar la innovacio\u0301n.<\/span><\/p>\n<p style=\"text-align: justify;\"><span style=\"font-size: 12pt;\">10. Reducir la desigualdad en los pai\u0301ses y entre ellos.<\/span><\/p>\n<p style=\"text-align: justify;\"><span style=\"font-size: 12pt;\">11.Lograr que las ciudades y los asentamientos humanos sean inclusivos, seguros, resilientes y sostenibles.<\/span><\/p>\n<p style=\"text-align: justify;\"><span style=\"font-size: 12pt;\">12. Garantizar modalidades de consumo y produccio\u0301n sostenibles.<\/span><\/p>\n<p style=\"text-align: justify;\"><span style=\"font-size: 12pt;\">13. Adoptar medidas urgentes para combatir el cambio clima\u0301tico y sus efectos.<\/span><\/p>\n<p style=\"text-align: justify;\"><span style=\"font-size: 12pt;\">14. Conservar y utilizar sosteniblemente los oce\u0301anos, los mares y los recursos marinos para el desarrollo sostenible.<\/span><\/p>\n<p style=\"text-align: justify;\"><span style=\"font-size: 12pt;\">15. Proteger, restablecer y promover el uso sostenible de los ecosistemas terrestres, gestionar sosteniblemente los bosques, luchar contra la desertificacio\u0301n, detener e invertir la degradacio\u0301n de las tierras y detener la pe\u0301rdida de biodiversidad.<\/span><\/p>\n<p style=\"text-align: justify;\"><span style=\"font-size: 12pt;\">16. Promover sociedades paci\u0301ficas e inclusivas para el desarrrollo sostenible, facilitar el acceso a la justicia para todos y construir a todos los niveles instituciones eficaces e inclusivas que rindan cuentas.<\/span><\/p>\n<p style=\"text-align: justify;\"><span style=\"font-size: 12pt;\">17. Fortalecer los medios de implementacio\u0301n y revitalizar la Alianza Mundial para el Desarrollo Sostenible.<\/span><\/p>\n<figure style=\"width: 350px\" class=\"wp-caption alignleft\"><img loading=\"lazy\" decoding=\"async\" class=\"articlePhoto50\" src=\"https:\/\/firmas.prensa-latina.cu\/images\/FotosArticulos\/2019\/05-2019\/09\/Alicia-Brcena.jpg\" alt=\"\" width=\"350\" height=\"239\" align=\"left\" border=\"0\" \/><figcaption class=\"wp-caption-text\">Alicia B\u00e1rcena Ibarra<\/figcaption><\/figure>\n<p style=\"text-align: justify;\"><span style=\"font-size: 12pt;\">Como puede advertirse, los ODS constituyen un serio desaf\u00edo mundial. Si se lograran en Am\u00e9rica Latina y el Caribe, se habr\u00eda dado un paso gigantesco en beneficio de sus sociedades. Pero, a diferencia de lo que ocurri\u00f3 a\u00f1os atr\u00e1s, hoy la regi\u00f3n est\u00e1 dominada por gobiernos identificados con las derechas pol\u00edticas, que han convertido otra vez a las consignas neoliberales y empresariales en la gu\u00eda de sus pol\u00edticas y acciones.<\/span><\/p>\n<p style=\"text-align: justify;\"><span style=\"font-size: 12pt;\">Con mucha raz\u00f3n -y con un discurso diplom\u00e1tico- Alicia B\u00e1rcena, Secretaria Ejecutiva de la CEPAL, se\u00f1al\u00f3, durante la tercera reuni\u00f3n del Foro de los Pa\u00edses de Am\u00e9rica Latina y el Caribe sobre el Desarrollo Sostenible (abril, 2019), su preocupaci\u00f3n sobre el cumplimiento de las metas trazadas por los ODS. \u201cNos encontramos en punto cr\u00edtico\u201d, advirti\u00f3.<\/span><\/p>\n<p style=\"text-align: justify;\"><span style=\"font-size: 12pt;\">En r\u00e1pida observaci\u00f3n, hay una grave tendencia decreciente, pues en los \u00faltimos 10 a\u00f1os el PIB de Am\u00e9rica Latina creci\u00f3 a menos del 2% anual (1,7%); adem\u00e1s, el coeficiente de Gini (mide la distribuci\u00f3n del ingreso), si bien se redujo 0,9% anual en una d\u00e9cada, en los \u00faltimos 3 a\u00f1os el ritmo de reducci\u00f3n fue de solo 0,6% anual. En definitiva, subraya, \u201csin un cambio del estilo de desarrollo no se alcanzar\u00edan las metas de varios ODS\u201d (<a href=\"https:\/\/bit.ly\/2YgspV7\" target=\"_blank\" rel=\"noopener\">https:\/\/bit.ly\/2YgspV7<\/a>).<\/span><\/p>\n<p style=\"text-align: justify;\"><span style=\"font-size: 12pt;\">En las nuevas circunstancias de la regi\u00f3n, los gobiernos derechistas han privilegiado el retiro y el achicamiento del Estado, el alivio o supresi\u00f3n de impuestos a las empresas, la subordinaci\u00f3n al capital transnacional, la flexibilizaci\u00f3n de las relaciones laborales, el mundo de la globalizaci\u00f3n, los tratados de libre comercio, los acuerdos bilaterales de inversi\u00f3n y, en materia pol\u00edtica, la subordinaci\u00f3n al americanismo monro\u00edsta en contra de todo latinoamericanismo.<\/span><\/p>\n<p style=\"text-align: justify;\"><span style=\"font-size: 12pt;\">Los caminos de Brasil con Jair Bolsonaro o de Ecuador con Len\u00edn Moreno, permiten hacer previsiones sobre el derrumbe de las condiciones de vida y de trabajo de la poblaci\u00f3n, algo que hoy es una realidad indiscutible en la Argentina gobernada por Mauricio Macri.<\/span><\/p>\n<p><strong><span style=\"font-size: 12pt;\">Juan Paz y Mi\u00f1o Cepeda para la Pluma, 13 de mayo de 2019<\/span><\/strong><\/p>\n<p><strong><span style=\"font-size: 12pt;\">Editado por <a href=\"http:\/\/www.lapluma.net\/nosotros\/editora\/\">Mar\u00eda Piedad Ossaba<\/a><\/span><\/strong><\/p>\n<p><strong><span style=\"font-size: 12pt;\">Publicado por <a href=\"https:\/\/firmas.prensa-latina.cu\/index.php?opcion=ver-article&amp;cat=P&amp;authorID=129&amp;articleID=2680&amp;SEO=paz-y-mino-cepeda-juan-jose-objetivos-2030-incumplimiento-galopante\">Firmas Selectas de Prensa Latina<\/a><\/span><\/strong><\/p>\n<p><strong><span style=\"font-size: 12pt;\">Visita la red del colectivo\u00a0<a href=\"https:\/\/rutakritica.org\">Ruta Kr\u00edtica<\/a>, el\u00a0nuevo blog de difusi\u00f3n del pensamiento y la comunicaci\u00f3n alternativos<\/span><\/strong><\/p>\n","protected":false},"excerpt":{"rendered":"<p>Los caminos de Brasil con Jair Bolsonaro o de Ecuador con Len\u00edn Moreno, permiten hacer previsiones sobre el derrumbe de las condiciones de vida y de trabajo de la poblaci\u00f3n, algo que hoy es una realidad indiscutible en la Argentina gobernada por Mauricio Macri.<\/p>\n","protected":false},"author":8,"featured_media":9142,"comment_status":"open","ping_status":"open","sticky":false,"template":"","format":"standard","meta":{"_uf_show_specific_survey":0,"_uf_disable_surveys":false,"footnotes":""},"categories":[5],"tags":[5072],"coauthors":[257],"class_list":["post-9137","post","type-post","status-publish","format-standard","has-post-thumbnail","hentry","category-editoriales-y-opiniones","tag-objetivos-de-desarrollo-del-milenio"],"translation":{"provider":"WPGlobus","version":"2.12.2","language":"fr","enabled_languages":["es","fr"],"languages":{"es":{"title":true,"content":true,"excerpt":true},"fr":{"title":false,"content":false,"excerpt":false}}},"_links":{"self":[{"href":"https:\/\/www.lapluma.net\/fr\/wp-json\/wp\/v2\/posts\/9137","targetHints":{"allow":["GET"]}}],"collection":[{"href":"https:\/\/www.lapluma.net\/fr\/wp-json\/wp\/v2\/posts"}],"about":[{"href":"https:\/\/www.lapluma.net\/fr\/wp-json\/wp\/v2\/types\/post"}],"author":[{"embeddable":true,"href":"https:\/\/www.lapluma.net\/fr\/wp-json\/wp\/v2\/users\/8"}],"replies":[{"embeddable":true,"href":"https:\/\/www.lapluma.net\/fr\/wp-json\/wp\/v2\/comments?post=9137"}],"version-history":[{"count":3,"href":"https:\/\/www.lapluma.net\/fr\/wp-json\/wp\/v2\/posts\/9137\/revisions"}],"predecessor-version":[{"id":9144,"href":"https:\/\/www.lapluma.net\/fr\/wp-json\/wp\/v2\/posts\/9137\/revisions\/9144"}],"wp:featuredmedia":[{"embeddable":true,"href":"https:\/\/www.lapluma.net\/fr\/wp-json\/wp\/v2\/media\/9142"}],"wp:attachment":[{"href":"https:\/\/www.lapluma.net\/fr\/wp-json\/wp\/v2\/media?parent=9137"}],"wp:term":[{"taxonomy":"category","embeddable":true,"href":"https:\/\/www.lapluma.net\/fr\/wp-json\/wp\/v2\/categories?post=9137"},{"taxonomy":"post_tag","embeddable":true,"href":"https:\/\/www.lapluma.net\/fr\/wp-json\/wp\/v2\/tags?post=9137"},{"taxonomy":"author","embeddable":true,"href":"https:\/\/www.lapluma.net\/fr\/wp-json\/wp\/v2\/coauthors?post=9137"}],"curies":[{"name":"wp","href":"https:\/\/api.w.org\/{rel}","templated":true}]}}