{"id":87525,"date":"2026-09-06T12:00:48","date_gmt":"2026-09-06T10:00:48","guid":{"rendered":"https:\/\/www.lapluma.net\/?p=87525"},"modified":"2026-09-06T16:16:06","modified_gmt":"2026-09-06T14:16:06","slug":"gorgona-alienada","status":"publish","type":"post","link":"https:\/\/www.lapluma.net\/fr\/2026\/09\/06\/gorgona-alienada\/","title":{"rendered":"Gorgona ha sido alienada"},"content":{"rendered":"<p style=\"text-align: justify; padding-left: 40px;\"><em><strong><span style=\"font-size: 18pt;\">Los Parques Naturales Nacionales, tienen como finalidad conservar los valores sobresalientes de fauna, flora y paisajes, con un r\u00e9gimen especial de manejo de planeaci\u00f3n integral y con principios ecol\u00f3gicos para evitar su deterioro, perpetuando en estado natural comunidades bi\u00f3ticas, caracter\u00edsticas fisiogr\u00e1ficas, unidades biogeogr\u00e1ficas, recursos gen\u00e9ticos y especies silvestres en via de extinci\u00f3n.<\/span><\/strong><\/em><\/p>\n<p style=\"text-align: justify;\"><span style=\"font-size: 14pt;\">Son puntos de referencia para investigaciones cient\u00edficas y educaci\u00f3n ambiental, asegurando la estabilidad ecol\u00f3gica y para mantener la biodiversidad protegi\u00e9ndola de fen\u00f3menos naturales, culturales, hist\u00f3ricos e internacionales, con el prop\u00f3sito de contribuir a la preservaci\u00f3n del patrimonio com\u00fan de la humanidad. Por todo esto, los Parques Nacionales Naturales son incompatibles con actividades militares.<\/span><\/p>\n<p style=\"text-align: justify;\"><span style=\"font-size: 14pt;\">Con ocasi\u00f3n de la visita de seguimiento de funcionarios de la Autoridad de Licencias Ambientales al Parque Natural Gorgona, para determinar la procedencia de una audiencia p\u00fablica ambiental respecto de la construcci\u00f3n de la Estaci\u00f3n Guardacostas, se argument\u00f3 por parte del Ministerio de Defensa en Guapi (con el benepl\u00e1cito anticipado de la ANLA), que no podemos visitar ciertos senderos de la biodiversa isla, puesto que tienen restricci\u00f3n al p\u00fablico por razones de seguridad nacional, no obstante que se dijo tambi\u00e9n, en un lenguaje disuasivo, que la obra tiene como objetivo principal cuidar y salvar a los navegantes circunvecinos, sin hacer \u00e9nfasis que su objetivo principal son misiones militares de defensa de la soberan\u00eda nacional y seguridad mar\u00edtima mediante la represi\u00f3n de la delincuencia en el mar.<\/span><\/p>\n<p style=\"text-align: justify;\"><span style=\"font-size: 14pt;\">Esta narrativa no es del nuevo gobierno (tambi\u00e9n se utiliz\u00f3 en el anterior), lo que nos lleva a abordar nuevamente la discusi\u00f3n sobre la riesgosa alienaci\u00f3n militar de los fr\u00e1giles y vitales nichos de biodiversidad, so pretexto de operaciones militares para salvar vidas, un indiscutible contrasentido y una evidente falacia. Las labores para garantizar la seguridad nacional, corresponde a un criterio militar que contradice la vocaci\u00f3n ambiental de un Parque Natural (as\u00ed lo determin\u00f3 el C\u00f3digo de los Recursos Naturales, 1974), poni\u00e9ndose de presente un discurso manique\u00edsta, que lejos de su vocaci\u00f3n guerrerista, pretende hacernos creer la priorizaci\u00f3n del disfraz de la ayuda humanitaria de la Estaci\u00f3n de la Armada Nacional.<\/span><\/p>\n<p style=\"text-align: justify;\"><span style=\"font-size: 14pt;\">As\u00ed las cosas, las funciones legales militares de defensa de la soberan\u00eda nacional y seguridad mar\u00edtima, confirman que estamos ante la construcci\u00f3n de una Estaci\u00f3n Militar Guardacostas que se pretende aclamar falazmente como Centro Salvavidas dentro de un fr\u00e1gil nicho de megabiodiversidad, desatendiendo las din\u00e1micas de la realidad de la contundencia de la madre natura que nos advierte la fragilidad de la vida con sus terremotos y avalanchas, sin que logren sensibilizar a mujeres y hombres al servicio pasajero de la funci\u00f3n p\u00fablica en las entra\u00f1as de establishment profundo.<\/span><\/p>\n<p style=\"text-align: justify;\"><span style=\"font-size: 14pt;\">Los parques nacionales naturales, desde tiempos iniciales de la rep\u00fablica, en cualquiera de las visiones gubernamentales por las que ha trajinado nuestra matria en estos dos siglos de institucionalidad, constitucional y legalmente son bienes de uso p\u00fablico de car\u00e1cter inalienable, uno de sus mayores atributos estatales. As\u00ed las cosas a partir del licenciamiento para construir la Estaci\u00f3n Militar Guardacostas con su muelle para el arribo de lanchas artilladas y la pretendida instalaci\u00f3n del contaminante radar, quien administra el Parque Natural Gorgona no es la Unidad de Parques Nacionales sino la Armada Nacional que lo ocupa con prop\u00f3sitos de seguridad nacional. Nadie puede tapar el solo con un dedo, dice el refr\u00e1n popular. Es un Parque Natural y ahora es una Estaci\u00f3n Militar Guardacostas.<\/span><\/p>\n<p style=\"text-align: justify;\"><span style=\"font-size: 14pt;\">La noci\u00f3n latina de lo inalienable, nos indica que un bien desde la perspectiva jur\u00eddica, no puede transferirse ni cederse su propiedad a otro, m\u00e1xime en el caso de los Parques Nacionales catalogados desde todas las perspectivas como bienes de uso p\u00fablico, pues son constitucionalmente riquezas naturales de la Naci\u00f3n. Estas garant\u00edas jur\u00eddicas que permanecen en el imaginario normativo, seguir\u00e1n siendo reclamados contra viento y mareo por pocos y pocas, que luchamos incansablemente y sin declinar por la defensa de la vida haciendo camino al andar, pregonando por estas entelequias hol\u00edsticas virtuales, que como los cantos de las Ballenas Jorobadas se escuchan remotamente bajo la superficie de la mar y alrededor de la Gorgona, el ombligo vital del Pac\u00edfico.<\/span><\/p>\n<p style=\"text-align: justify;\"><span style=\"font-size: 14pt;\">Por supuesto que estas disertaciones son constancias que m\u00e1s temprano que tarde afloraran como antesala a la tragedia de nuestra casa com\u00fan, que esta tierra nos depara y nos presta para proyectar el bello y sublime don de la vida y de nuestra existencia. Dice el bello tango de Canaro y Pelay \u00ab\u00a0Todo es mentira\u00a0\u00bb, cuando pensamos en funcionarias ambientales de turno y en una caterva de congresistas alternativos:<\/span><\/p>\n<p style=\"text-align: justify;\"><span style=\"font-size: 14pt;\">\u00ab\u00a0No creo en nada ni en nadie creo;<\/span><br \/>\n<span style=\"font-size: 14pt;\">y en mi sendero desolador,<\/span><br \/>\n<span style=\"font-size: 14pt;\">el desenga\u00f1o tan solo brilla,<\/span><br \/>\n<span style=\"font-size: 14pt;\">el desenga\u00f1o y el desamor.<\/span><br \/>\n<span style=\"font-size: 14pt;\">\u00a1Noche en el alma. Caras siniestras!<\/span><br \/>\n<span style=\"font-size: 14pt;\">Horas amargas solo encontr\u00e9.<\/span><br \/>\n<span style=\"font-size: 14pt;\">\u00a1Mentira, todo es mentira!<\/span><br \/>\n<span style=\"font-size: 14pt;\">Falso del mundo, \u00a1cuando so\u00f1\u00e9!\u00a0\u00bb.<\/span><\/p>\n<p style=\"text-align: justify;\"><span style=\"font-size: 14pt;\">Armando Palau Aldana, Guapi, 28 de agosto de 2026<\/span><\/p>\n","protected":false},"excerpt":{"rendered":"<p>Disertaciones del Crep\u00fasculo<\/p>\n","protected":false},"author":1515,"featured_media":59658,"comment_status":"open","ping_status":"open","sticky":false,"template":"","format":"standard","meta":{"_uf_show_specific_survey":0,"_uf_disable_surveys":false,"footnotes":""},"categories":[9],"tags":[27746,31497,24966],"coauthors":[27744],"class_list":["post-87525","post","type-post","status-publish","format-standard","has-post-thumbnail","hentry","category-economia-de-la-naturaleza","tag-armando-palau-aldana","tag-defensa-natura","tag-isla-gorgona"],"translation":{"provider":"WPGlobus","version":"2.12.2","language":"fr","enabled_languages":["es","fr"],"languages":{"es":{"title":true,"content":true,"excerpt":true},"fr":{"title":false,"content":false,"excerpt":false}}},"_links":{"self":[{"href":"https:\/\/www.lapluma.net\/fr\/wp-json\/wp\/v2\/posts\/87525","targetHints":{"allow":["GET"]}}],"collection":[{"href":"https:\/\/www.lapluma.net\/fr\/wp-json\/wp\/v2\/posts"}],"about":[{"href":"https:\/\/www.lapluma.net\/fr\/wp-json\/wp\/v2\/types\/post"}],"author":[{"embeddable":true,"href":"https:\/\/www.lapluma.net\/fr\/wp-json\/wp\/v2\/users\/1515"}],"replies":[{"embeddable":true,"href":"https:\/\/www.lapluma.net\/fr\/wp-json\/wp\/v2\/comments?post=87525"}],"version-history":[{"count":4,"href":"https:\/\/www.lapluma.net\/fr\/wp-json\/wp\/v2\/posts\/87525\/revisions"}],"predecessor-version":[{"id":87531,"href":"https:\/\/www.lapluma.net\/fr\/wp-json\/wp\/v2\/posts\/87525\/revisions\/87531"}],"wp:featuredmedia":[{"embeddable":true,"href":"https:\/\/www.lapluma.net\/fr\/wp-json\/wp\/v2\/media\/59658"}],"wp:attachment":[{"href":"https:\/\/www.lapluma.net\/fr\/wp-json\/wp\/v2\/media?parent=87525"}],"wp:term":[{"taxonomy":"category","embeddable":true,"href":"https:\/\/www.lapluma.net\/fr\/wp-json\/wp\/v2\/categories?post=87525"},{"taxonomy":"post_tag","embeddable":true,"href":"https:\/\/www.lapluma.net\/fr\/wp-json\/wp\/v2\/tags?post=87525"},{"taxonomy":"author","embeddable":true,"href":"https:\/\/www.lapluma.net\/fr\/wp-json\/wp\/v2\/coauthors?post=87525"}],"curies":[{"name":"wp","href":"https:\/\/api.w.org\/{rel}","templated":true}]}}