{"id":87518,"date":"2026-09-05T12:00:00","date_gmt":"2026-09-05T10:00:00","guid":{"rendered":"https:\/\/www.lapluma.net\/?p=87518"},"modified":"2026-09-05T15:58:06","modified_gmt":"2026-09-05T13:58:06","slug":"venice-4-palestine","status":"publish","type":"post","link":"https:\/\/www.lapluma.net\/fr\/2026\/09\/05\/venice-4-palestine\/","title":{"rendered":"Y sin embargo Gaza est\u00e1 ardiendo<br><i>Llamado de Venice4Palestine<\/i>"},"content":{"rendered":"<p style=\"text-align: justify;\"><span style=\"font-size: 14pt;\">A LA BIENAL DE VENECIA<br \/>\n<\/span><span style=\"font-size: 14pt;\">A LA MUESTRA INTERNACIONAL DE ARTE CINEMATOGR\u00c1FICO<br \/>\n<\/span><span style=\"font-size: 14pt;\">A LXS TRABAJADORXS DEL CINE, DEL AUDIOVISUAL Y DE LA CULTURA<\/span><\/p>\n<h2 class=\"header-anchor-post\" style=\"text-align: justify;\"><span style=\"font-size: 24pt;\"><strong>Y SIN EMBARGO GAZA SIGUE ARDIENDO<\/strong><\/span><\/h2>\n<h3 class=\"header-anchor-post\" style=\"text-align: justify;\"><span style=\"font-size: 18pt;\"><strong>Ha pasado un a\u00f1o\u2026<\/strong><\/span><\/h3>\n<p style=\"text-align: justify;\"><span style=\"font-size: 14pt;\">Hace un a\u00f1o, miles de personas se sumaron al llamado de Venice4Palestine para poner a Palestina bajo los reflectores de la Muestra de Cine y llevar la resistencia del pueblo palestino al centro del discurso p\u00fablico : por fin se habl\u00f3 abiertamente de\u00a0<em>genocidio<\/em>\u00a0en lugar de\u00a0<em>guerra<\/em>. Mientras ped\u00edamos a la Bienal y a la Muestra que tomaran una posici\u00f3n clara, y a lxs trabajadorxs del cine que expresaran su solidaridad, la proyecci\u00f3n de\u00a0<em>Sawt Hind Rajab<\/em>\u00a0(<em>La voz de Hind Rajab<\/em>), durante el festival, pareci\u00f3 de pronto hacerse cargo de esas demandas, generando una conmoci\u00f3n y una indignaci\u00f3n colectivas. En los d\u00edas y semanas siguientes, como parte de ese flujo de conciencia popular que se hab\u00eda creado, salimos por millones a las calles y fuimos por mar en solidaridad con el pueblo palestino. Una ola de participaci\u00f3n nos hizo esperar que juntxs pudi\u00e9ramos contribuir a detener el genocidio.<\/span><\/p>\n<p style=\"text-align: justify;\"><span style=\"font-size: 14pt;\">Sin embargo, se ha impuesto una nueva normalidad, tambi\u00e9n gracias a un falso alto el fuego. Israel no solo no se ha detenido, sino que ha continuado con las atrocidades, ampliando su poder de fuego hacia Cisjordania, Siria, el L\u00edbano y el Ir\u00e1n. Para el pueblo palestino nada ha cambiado, y las l\u00e1grimas no bastan para absolvernos : son m\u00e1s bien la evidencia de que no logramos recurrir con suficiente fuerza a nuestro poder de acci\u00f3n colectivo.<\/span><\/p>\n<h3 class=\"header-anchor-post\" style=\"text-align: justify;\"><span style=\"font-size: 18pt;\"><strong>Palestina nos recuerda que \u00abotro mundo es posible\u00bb<\/strong><\/span><\/h3>\n<p style=\"text-align: justify;\"><span style=\"font-size: 14pt;\">Hace veinticinco a\u00f1os vivimos el trauma colectivo de G\u00e9nova 2001. Presenciamos una de las suspensiones m\u00e1s graves de la democracia. Las expresiones que manifestaban el disenso fueron silenciadas con una violencia indecible. Una carnicer\u00eda expuesta voluntariamente como acto demostrativo, para dictar a la memoria colectiva un orden preciso para el futuro : recordar la sangre y olvidar las ideas que una colectividad hab\u00eda expresado para cambiar el mundo.<\/span><\/p>\n<p style=\"text-align: justify;\"><span style=\"font-size: 14pt;\">Ese enorme laboratorio de represi\u00f3n lo encontramos hoy cada vez m\u00e1s aplicado en Italia y en muchos otros Estados que se declaran democr\u00e1ticos. El acoso opresivo de nuestros gobiernos, las acciones represivas de sus brazos armados, las leyes liberticidas, los relatos mistificadores difundidos por medios complacientes, representan un muro contra el que se estrellan las demandas de justicia, equidad y reciprocidad. Por tr\u00e1gico y amargo que pueda parecer, sin embargo, la resistencia palestina nos ha reconectado con la idea de que \u00abotro mundo es posible\u00bb. El pueblo palestino sigue oponi\u00e9ndose y creando, narrando la realidad presente a riesgo de su propia vida, custodiando la memoria y alimentando la posibilidad de un ma\u00f1ana distinto y m\u00e1s justo : tenemos el deber de acoger y practicar esta ense\u00f1anza. Las ciudades militarizadas y las leyes anticonstitucionales que criminalizan la disidencia traicionan el miedo de un sistema deshumanizante frente a la fuerza de una colectividad consciente y decidida. No debemos, por tanto, dejar que estas represalias nos paralicen y nos separen. El endurecimiento de la represi\u00f3n es la prueba de que nuestras acciones tienen impacto. Hay que seguir insistiendo, pues.<\/span><\/p>\n<h3 class=\"header-anchor-post\" style=\"text-align: justify;\"><span style=\"font-size: 18pt;\"><strong>Ya ha ocurrido. Est\u00e1 ocurriendo<\/strong><\/span><\/h3>\n<p style=\"text-align: justify;\"><span style=\"font-size: 14pt;\">Lxs trabajadorxs portuari@s bloquean los cargamentos de armas, reivindicando el derecho a la objeci\u00f3n de conciencia como herramienta de protecci\u00f3n frente a acusaciones injustificadas y sanciones disciplinarias. En la Bienal de Arte de Venecia, tambi\u00e9n gracias a la acci\u00f3n de ANGA (Art Not Genocide Alliance), el jurado internacional dimiti\u00f3 en bloque y lxs trabajadorxs cuestionaron la apertura del pabell\u00f3n israel\u00ed, haciendo huelga por primera vez en la historia de esta instituci\u00f3n. En aguas internacionales, la Global Sumud Flotilla desafi\u00f3 el asedio israel\u00ed, transformando la solidaridad en acci\u00f3n concreta y revelando el verdadero rostro de un Estado criminal. Son luchas que avanzan todas en la misma direcci\u00f3n : negarse a ser un engranaje de la normalizaci\u00f3n.<\/span><\/p>\n<h2 class=\"header-anchor-post\" style=\"text-align: justify;\"><span style=\"font-size: 18pt;\"><strong>Un llamado a la Muestra y a nuestrxs colegas :<\/strong><\/span><\/h2>\n<p style=\"text-align: justify;\"><span style=\"font-size: 14pt;\">Como trabajadorxs del cine, del audiovisual y del sector cultural, creemos que es hora de organizarnos en acci\u00f3n colectiva para incidir concretamente en los mecanismos de complicidad y normalizaci\u00f3n.<\/span><\/p>\n<p style=\"text-align: justify;\"><strong><span style=\"font-size: 14pt;\"><em>1- Rastrear la cadena, romper la complicidad<\/em><\/span><\/strong><\/p>\n<p style=\"text-align: justify;\"><span style=\"font-size: 14pt;\">El cine, como muchos otros sectores del arte y la cultura, se apoya en cadenas : financiamientos, coproducciones, acuerdos de distribuci\u00f3n, ventas, festivales y muestras, alianzas con festivales y patrocinadores. Cada uno de estos eslabones puede contribuir a la normalizaci\u00f3n de la barbarie en curso, o bien oponerse a ella e interrumpirla. Es necesario, entonces, exigir transparencia en todas las fases de la cadena, suspendiendo todo acuerdo con entes e instituciones vinculadas al gobierno israel\u00ed. La excepcionalidad del momento hist\u00f3rico que vivimos nos impone aislar a Israel en los planos diplom\u00e1tico, cultural y econ\u00f3mico. El boicot, como instrumento de presi\u00f3n sobre las instituciones y como forma de resistencia (respondiendo al llamado lanzado en 2005 por la sociedad civil palestina a trav\u00e9s de PACBI y BDS*), no apunta a la identidad como tal, sino que act\u00faa precisamente sobre los mecanismos de complicidad. Esto, hasta que el gobierno israel\u00ed se ajuste al derecho internacional y acepte al menos las tres condiciones principales expresadas en el llamado original del BDS:<\/span><\/p>\n<p style=\"text-align: justify;\"><span style=\"font-size: 14pt;\">\u25cf poner fin a la ocupaci\u00f3n y colonizaci\u00f3n de Palestina;<\/span><\/p>\n<p style=\"text-align: justify;\"><span style=\"font-size: 14pt;\">\u25cf reconocer los derechos fundamentales de lxs ciudadanxs \u00e1rabe-palestinxs de Israel;<\/span><\/p>\n<p style=\"text-align: justify;\"><span style=\"font-size: 14pt;\">\u25cf respetar el derecho de lxs refugiadxs palestinxs a regresar a sus propiedades, tal como establece la resoluci\u00f3n 194 de las Naciones Unidas.<\/span><\/p>\n<p style=\"text-align: justify;\"><strong><span style=\"font-size: 14pt;\"><em>2- De la toma de conciencia a la pr\u00e1ctica compartida<\/em><\/span><\/strong><\/p>\n<p style=\"text-align: justify;\"><span style=\"font-size: 14pt;\">Pedimos a todos los sujetos y colectivos del cine, la informaci\u00f3n y la cultura que se unan para construir\u00a0<strong>una estructura de protecci\u00f3n que defienda a lxs trabajadorxs del sector frente a los riesgos profesionales de un compromiso concreto contra el genocidio<\/strong>, rompiendo as\u00ed el chantaje laboral que hoy desalienta la desobediencia.<\/span><\/p>\n<p style=\"text-align: justify;\"><span style=\"font-size: 14pt;\">Ante la necesidad de una acci\u00f3n com\u00fan, hemos elaborado, junto con un equipo legal, una primera herramienta que permita a cada trabajadorx del cine disociarse de la complicidad con los cr\u00edmenes que Israel sigue cometiendo con impunidad. Este documento conjuga la Constituci\u00f3n italiana, el derecho internacional y el derecho de autor, en respuesta a la reciente controversia sobre la retrospectiva de cine italiano en Israel y a la sensaci\u00f3n de impotencia expresada por lxs autorxs implicadxs respecto a la gesti\u00f3n y explotaci\u00f3n de sus obras y de su imagen.<\/span><\/p>\n<p style=\"text-align: justify;\"><strong><span style=\"font-size: 14pt;\"><em>3- Palestina no se olvida<\/em><\/span><\/strong><\/p>\n<p style=\"text-align: justify;\"><span style=\"font-size: 14pt;\">Para honrar la presencia de las dos pel\u00edculas palestinas,\u00a0<em>Al Mowaten Osama<\/em>\u00a0de Ahmed Hassouna e\u00a0<em>Hiwar ma\u2019 albahr<\/em>\u00a0de Muayad Alayan, pedimos a la Muestra que ice, durante toda la duraci\u00f3n del festival, tambi\u00e9n la bandera de Palestina junto a todas las dem\u00e1s banderas que representan las pel\u00edculas presentes en la selecci\u00f3n oficial, tal como es costumbre y como ya han reconocido las propias fuentes de informaci\u00f3n oficiales de la Muestra.<\/span><\/p>\n<p style=\"text-align: justify;\"><span style=\"font-size: 14pt;\">El a\u00f1o pasado hab\u00edamos expresado la necesidad de que, durante las ceremonias de apertura y clausura de la Muestra, se diera relieve a las voces de artistas palestinxs. Una petici\u00f3n acogida por la presidencia de la Bienal y la direcci\u00f3n art\u00edstica de la Muestra no dando espacio a voces palestinas, sino invitando a quienes trabajaban en Palestina y eran testigos de lo que ocurr\u00eda. Las recientes declaraciones del cardenal Pizzaballa, ya testigo en el escenario de la Muestra hace un a\u00f1o, nos llevan a pedir, hoy con a\u00fan m\u00e1s urgencia, que se renueve en la misma ocasi\u00f3n ese testimonio, dando voz a quienes resisten junto al pueblo palestino y siguen narrando esa destrucci\u00f3n incesante que la Uni\u00f3n Europea y los Estados que la componen todav\u00eda no quieren enfrentar.<\/span><\/p>\n<p style=\"text-align: justify;\"><span style=\"font-size: 14pt;\">Exhortamos, por \u00faltimo, a todx trabajadorx del cine y de la cultura a seguir llevando, con todos los medios a su disposici\u00f3n, a Palestina bajo los reflectores de la Muestra y al centro de la conversaci\u00f3n p\u00fablica, invitando a todxs al panel\u00a0<strong>Y SIN EMBARGO GAZA SIGUE ARDIENDO \u2013 de qu\u00e9 sirve ver si no es para actuar<\/strong>, que celebraremos el\u00a0<strong>martes 8 de septiembre a las 17.30 h en la Casa degli Autori, Via Pietro Buratti 1, Lido de Venecia<\/strong>, donde seremos hu\u00e9spedes de las Giornate degli Autori, para presentar junto a nuestro equipo legal el documento en el que estamos trabajando y dialogar con expertxs en derecho internacional y activistxs de Global Sumud Flotilla, CRED, CALP USB, ANGA, Artisti #NoBavaglio y Gaza International Festival for Women\u2019s Cinema, para construir juntxs nuevos caminos de acci\u00f3n concreta.<\/span><\/p>\n<p style=\"text-align: justify;\"><span style=\"font-size: 14pt;\"><strong>GAZA SIGUE ARDIENDO:<\/strong><\/span><\/p>\n<p style=\"text-align: justify;\"><span style=\"font-size: 14pt;\"><strong>\u00bfDE QU\u00c9 SIRVE VER, SI LUEGO NO SE ACT\u00daA?<\/strong><\/span><\/p>\n<h3 class=\"header-anchor-post\" style=\"text-align: justify;\"><span style=\"font-size: 14pt;\"><strong><a href=\"https:\/\/cryptpad.fr\/form\/#\/2\/form\/view\/g68i6HvBxeY8oTlSq94LleykGda8pF4tWnCWO9SXjKM\/\">ADHI\u00c9RETE A ESTE LLAMADO FIRMANDO AQU\u00cd<\/a><\/strong><\/span><\/h3>\n<h3 class=\"header-anchor-post\" style=\"text-align: justify;\"><span style=\"font-size: 14pt;\"><strong><a href=\"https:\/\/venice4palestine.org\/media\/files\/Documento_legale_V4P.pdf\">Lee aqu\u00ed el documento legal.<\/a><\/strong><\/span><\/h3>\n<p style=\"text-align: justify;\"><span style=\"font-size: 14pt;\">*(BDS: Boycott Divest Sanction; PACBI: Palestinian Campaign for the Academic and Cultural Boycott of Israel)<\/span><\/p>\n<h3 class=\"header-anchor-post\" style=\"text-align: justify;\"><span style=\"font-size: 14pt;\"><strong>HAN FIRMADO :<\/strong><\/span><\/h3>\n<div class=\"pencraft pc-display-flex pc-alignItems-center pc-position-absolute pc-reset header-anchor-parent\" style=\"text-align: justify;\">\n<div class=\"pencraft pc-display-contents pc-reset pubTheme-yiXxQA\"><\/div>\n<\/div>\n<p style=\"text-align: justify;\"><span style=\"font-size: 14pt;\">Annie Ernaux \u2013 escritora, Premio Nobel (Francia)<br \/>\n<\/span><span style=\"font-size: 14pt;\">Roger Waters \u2013 m\u00fasico (Reino Unido)<br \/>\n<\/span><span style=\"font-size: 14pt;\">Saleh Bakri \u2013 actor (Palestina)<br \/>\n<\/span><span style=\"font-size: 14pt;\">Yanis Varoufakis \u2013 economista y profesor, exministro (Grecia)<br \/>\n<\/span><span style=\"font-size: 14pt;\">Matteo Garrone \u2013 director (Italia)<br \/>\n<\/span><span style=\"font-size: 14pt;\">Fabrizio Gifuni \u2013 actor y director teatral (Italia)<br \/>\n<\/span><span style=\"font-size: 14pt;\">Anna Foglietta \u2013 actriz y directora (Italia)<br \/>\n<\/span><span style=\"font-size: 14pt;\">Laura Morante \u2013 actriz y directora (Italia)<br \/>\n<\/span><span style=\"font-size: 14pt;\">Luigi Lo Cascio \u2013 actor (Italia)<br \/>\n<\/span><span style=\"font-size: 14pt;\">Sergio Rubini \u2013 actor y director (Italia)<\/span><\/p>\n<p style=\"text-align: justify;\"><strong><span style=\"font-size: 14pt;\">y otras 1155 personas y 45 organizaciones (<a href=\"https:\/\/venice4palestine.org\/appello\/\">lista completa aqu\u00ed<\/a>)<\/span><\/strong><\/p>\n<p><strong><span style=\"font-size: 14pt;\"><a href=\"https:\/\/tlaxcalaitaliano.substack.com\/p\/eppure-gaza-continua-a-bruciare\">Venice4Palestine<\/a>, 28 de agosto de 2026<\/span><\/strong><br \/>\n<strong><span style=\"font-size: 14pt;\">Traducido por <a href=\"https:\/\/faustotounsi.substack.com\/p\/y-sin-embargo-gaza-sigue-ardiendo\">Tlaxcala<\/a><\/span><\/strong><br \/>\n<strong><span style=\"font-size: 14pt;\"><a href=\"https:\/\/tlaxcalaitaliano.substack.com\/p\/eppure-gaza-continua-a-bruciare\">Italiano<\/a>&#8211;\u00a0<a href=\"https:\/\/faustotounsi.substack.com\/p\/and-yet-gaza-keeps-burning\">English<\/a> &#8211; <a href=\"https:\/\/faustotounsi.substack.com\/p\/et-pourtant-gaza-continue-de-bruler\">Fran\u00e7ais<\/a>\u00a0\u2013\u00a0<a href=\"https:\/\/tlaxcaladeutsch.substack.com\/p\/und-doch-brennt-gaza-weiter\">Deutsch<\/a>\u00a0&#8211;\u00a0<\/span><a href=\"https:\/\/faustotounsi.substack.com\/p\/e-no-entanto-gaza-continua-a-arder\"><strong><span style=\"font-size: 14pt;\">Portugu\u00eas<\/span><\/strong><\/a><\/strong><\/p>\n<p>&nbsp;<\/p>\n","protected":false},"excerpt":{"rendered":"<p>\u00bfDe qu\u00e9 sirve ver, si luego no se act\u00faa?<\/p>\n","protected":false},"author":45,"featured_media":87519,"comment_status":"open","ping_status":"open","sticky":false,"template":"","format":"standard","meta":{"_uf_show_specific_survey":0,"_uf_disable_surveys":false,"footnotes":""},"categories":[8,5,22,1],"tags":[31493,24873,31495,26389,31492],"coauthors":[423],"class_list":["post-87518","post","type-post","status-publish","format-standard","has-post-thumbnail","hentry","category-culture","category-editoriales-y-opiniones","category-teatro-cine","category-sin-categoria","tag-bienal-de-venecia","tag-genocidio-de-gaza","tag-mostra-internacional-de-cine","tag-solidaridad-palestina","tag-venice4palestine"],"translation":{"provider":"WPGlobus","version":"2.12.2","language":"fr","enabled_languages":["es","fr"],"languages":{"es":{"title":true,"content":true,"excerpt":true},"fr":{"title":false,"content":false,"excerpt":false}}},"_links":{"self":[{"href":"https:\/\/www.lapluma.net\/fr\/wp-json\/wp\/v2\/posts\/87518","targetHints":{"allow":["GET"]}}],"collection":[{"href":"https:\/\/www.lapluma.net\/fr\/wp-json\/wp\/v2\/posts"}],"about":[{"href":"https:\/\/www.lapluma.net\/fr\/wp-json\/wp\/v2\/types\/post"}],"author":[{"embeddable":true,"href":"https:\/\/www.lapluma.net\/fr\/wp-json\/wp\/v2\/users\/45"}],"replies":[{"embeddable":true,"href":"https:\/\/www.lapluma.net\/fr\/wp-json\/wp\/v2\/comments?post=87518"}],"version-history":[{"count":5,"href":"https:\/\/www.lapluma.net\/fr\/wp-json\/wp\/v2\/posts\/87518\/revisions"}],"predecessor-version":[{"id":87524,"href":"https:\/\/www.lapluma.net\/fr\/wp-json\/wp\/v2\/posts\/87518\/revisions\/87524"}],"wp:featuredmedia":[{"embeddable":true,"href":"https:\/\/www.lapluma.net\/fr\/wp-json\/wp\/v2\/media\/87519"}],"wp:attachment":[{"href":"https:\/\/www.lapluma.net\/fr\/wp-json\/wp\/v2\/media?parent=87518"}],"wp:term":[{"taxonomy":"category","embeddable":true,"href":"https:\/\/www.lapluma.net\/fr\/wp-json\/wp\/v2\/categories?post=87518"},{"taxonomy":"post_tag","embeddable":true,"href":"https:\/\/www.lapluma.net\/fr\/wp-json\/wp\/v2\/tags?post=87518"},{"taxonomy":"author","embeddable":true,"href":"https:\/\/www.lapluma.net\/fr\/wp-json\/wp\/v2\/coauthors?post=87518"}],"curies":[{"name":"wp","href":"https:\/\/api.w.org\/{rel}","templated":true}]}}