{"id":87514,"date":"2026-09-05T07:37:25","date_gmt":"2026-09-05T05:37:25","guid":{"rendered":"https:\/\/www.lapluma.net\/?p=87514"},"modified":"2026-09-05T07:38:42","modified_gmt":"2026-09-05T05:38:42","slug":"volkswagen-futuro-2030","status":"publish","type":"post","link":"https:\/\/www.lapluma.net\/fr\/2026\/09\/05\/volkswagen-futuro-2030\/","title":{"rendered":"Volkswagen o el arte del compromiso: el consejo de vigilancia aprueba 100.000 recortes de empleo, pero deja en suspenso el destino de cuatro f\u00e1bricas alemanas"},"content":{"rendered":"<div class=\"captioned-image-container\">\n<figure style=\"text-align: justify;\"><figcaption class=\"image-caption\"><\/figcaption><\/figure>\n<\/div>\n<p style=\"text-align: justify;\"><span style=\"font-size: 14pt;\">Reunido el 3 de septiembre de 2026, el consejo de vigilancia de Volkswagen aprob\u00f3 por unanimidad el \u00abPlan de Futuro 2030\u00bb, que eleva a 100.000 el n\u00famero total de recortes de empleo previstos de aqu\u00ed al final de la d\u00e9cada, en torno al 15% de la plantilla mundial del grupo. Esta cifra suma 50.000 nuevas salidas a escala mundial a las 50.000 ya acordadas en Alemania desde 2024, principalmente en la marca Volkswagen. Tras casi dos a\u00f1os de tensiones abiertas, jalonadas por manifestaciones en Wolfsburgo y Zwickau y una petici\u00f3n sindical firmada por m\u00e1s de 200.000 personas, la direcci\u00f3n y los representantes de los trabajadores han alcanzado un compromiso que evita, al menos por ahora, el enfrentamiento frontal temido desde el verano. La votaci\u00f3n no lo resuelve todo: el destino de cuatro grandes f\u00e1bricas alemanas \u2014Emden, Zwickau, Hann\u00f3ver y la planta de Audi en Neckarsulm\u2014 sigue en suspenso, aplazado a plazos que van de 2031 a 2034.<\/p>\n<p><\/span><strong><span style=\"font-size: 18pt;\">Un compromiso negociado paso a paso<\/span><\/strong><\/p>\n<p style=\"text-align: justify;\"><span style=\"font-size: 14pt;\">La votaci\u00f3n del viernes estuvo precedida, la v\u00edspera, por una reuni\u00f3n de la comisi\u00f3n de presidencia del consejo, antes de la sesi\u00f3n plenaria del \u00f3rgano de control del grupo en Wolfsburgo. En su seno, trabajadores y accionistas pesan a partes iguales, y los representantes del personal disponen, a trav\u00e9s del sistema alem\u00e1n de cogesti\u00f3n, de un peso determinante en las cuestiones relativas a los centros industriales, una arquitectura que durante mucho tiempo ha limitado la capacidad de la direcci\u00f3n para imponer una reestructuraci\u00f3n r\u00e1pida.<\/span><\/p>\n<p style=\"text-align: justify;\"><span style=\"font-size: 14pt;\">Christiane Benner, presidenta de IG Metall y vicepresidenta del consejo de vigilancia, celebr\u00f3 un acuerdo logrado tras una negociaci\u00f3n encarnizada en busca de buenas soluciones para esta situaci\u00f3n de crisis. Daniela Cavallo, presidenta del comit\u00e9 de empresa del grupo, destac\u00f3 por su parte un proyecto llamado a preparar el futuro de Volkswagen sin medidas impuestas unilateralmente a los trabajadores. Para el experto en automoci\u00f3n Ferdinand Dudenh\u00f6ffer, el grupo ha obtenido sobre todo, en esta etapa, un compromiso m\u00e1s presentable que los dolorosos debates p\u00fablicos de los dos \u00faltimos a\u00f1os.<\/span><\/p>\n<h2 class=\"header-anchor-post\" style=\"text-align: justify;\"><span style=\"font-size: 18pt;\">Lo que prev\u00e9 el plan<\/span><\/h2>\n<p style=\"text-align: justify;\"><span style=\"font-size: 14pt;\">M\u00e1s all\u00e1 del volumen de empleos suprimidos, el \u00abPlan de Futuro 2030\u00bb redise\u00f1a a fondo el modelo industrial del grupo. Volkswagen prev\u00e9 reducir a la mitad su gama de modelos de aqu\u00ed a 2035 y disminuir un 75% la complejidad de su oferta, concentrando las plataformas t\u00e9cnicas y las arquitecturas de software para eliminar duplicidades. El objetivo financiero anunciado es un margen operativo del 9% en 2030, frente a apenas el 3,8% en el primer semestre de 2026, respaldado por 135.000 millones de euros de inversiones programadas entre 2027 y 2031 en f\u00e1bricas, investigaci\u00f3n y nuevas tecnolog\u00edas. El grupo reconoce, adem\u00e1s, una sobrecapacidad de m\u00e1s de 500.000 veh\u00edculos al a\u00f1o en Europa, consecuencia directa de la presi\u00f3n competitiva china y del retroceso de la demanda en el Viejo Continente.<\/span><\/p>\n<p style=\"text-align: justify;\"><span style=\"font-size: 14pt;\">La propia gobernanza debe \u00absimplificarse\u00bb, sin que se hayan detallado las modalidades precisas. El proyecto m\u00e1s sensible en este terreno, la escisi\u00f3n de la marca Volkswagen en una sociedad independiente, sigue topando con la oposici\u00f3n del comit\u00e9 de empresa y del Land de Baja Sajonia, que ven en ello una amenaza para los derechos de cogesti\u00f3n garantizados por la ley espec\u00edfica sobre la gobernanza del grupo, adoptada en 1960.<\/span><\/p>\n<h2 class=\"header-anchor-post\" style=\"text-align: justify;\"><span style=\"font-size: 18pt;\">Cuatro f\u00e1bricas en la incertidumbre<\/span><\/h2>\n<p style=\"text-align: justify;\"><span style=\"font-size: 14pt;\">Dos cierres ya est\u00e1n decididos: el de Dresde y el fin de la producci\u00f3n de autom\u00f3viles en Osnabr\u00fcck, previsto para 2027. El destino de otros cuatro centros, en cambio, sigue abierto. Seg\u00fan informaci\u00f3n de WirtschaftsWoche recogida por Reuters a principios de septiembre, el consejo de administraci\u00f3n propuso al consejo de vigilancia el cierre, de aqu\u00ed a 2034, de:<\/span><\/p>\n<p style=\"text-align: justify; padding-left: 40px;\"><span style=\"font-size: 14pt;\">\u2022 Emden, que produce actualmente los ID.4 e ID.7, con un cierre previsto para 2031;<\/span><\/p>\n<p style=\"text-align: justify; padding-left: 40px;\"><span style=\"font-size: 14pt;\">\u2022 Zwickau, que ensambla los ID.3, ID.4, ID.5, el Audi Q4 e-tron y el Cupra Born, y emplea a unos 9.200 trabajadores; su cierre tambi\u00e9n est\u00e1 previsto para 2031, ya que la planta funciona actualmente con dos turnos en lugar de tres por falta de salidas comerciales suficientes;<\/span><\/p>\n<p style=\"text-align: justify; padding-left: 40px;\"><span style=\"font-size: 14pt;\">\u2022 Hann\u00f3ver, dedicada al montaje de veh\u00edculos comerciales, con un plazo fijado en 2032;<\/span><\/p>\n<p style=\"text-align: justify; padding-left: 40px;\"><span style=\"font-size: 14pt;\">\u2022 Neckarsulm, la f\u00e1brica de Audi que produce los A5, A6, A8 y e-tron GT, con un plazo fijado en 2034.<\/span><\/p>\n<p style=\"text-align: justify;\"><span style=\"font-size: 14pt;\">Estos cuatro centros representar\u00edan por s\u00ed solos unos 40.000 empleos. El director general del grupo, Oliver Blume, ha reconocido que hoy por hoy no ve un uso suficientemente competitivo para estas instalaciones de cara a la d\u00e9cada de 2030, aunque ha precisado que, por el momento, no se ha decidido formalmente ning\u00fan cierre. La votaci\u00f3n del 3 de septiembre valid\u00f3 el rumbo financiero y el volumen global de recortes de empleo, pero aplaz\u00f3 la decisi\u00f3n centro por centro: el punto m\u00e1s explosivo del expediente sigue por resolver.<\/span><\/p>\n<h2 class=\"header-anchor-post\" style=\"text-align: justify;\"><span style=\"font-size: 18pt;\">Una movilizaci\u00f3n sindical que pes\u00f3 en el desenlace<\/span><\/h2>\n<p style=\"text-align: justify;\"><span style=\"font-size: 14pt;\">El clima social en torno a este asunto se tens\u00f3 claramente durante el verano. En julio, trabajadores con banderas de IG Metall se hab\u00edan manifestado ante la sede hist\u00f3rica de Wolfsburgo y en Zwickau, mientras el negociador sindical Thorsten Gr\u00f6ger advert\u00eda de que atacar a los trabajadores y a la cogesti\u00f3n corr\u00eda el riesgo de desencadenar un conflicto social de gran alcance. Una petici\u00f3n impulsada por IG Metall, que reclamaba que no se aplicara ning\u00fan plan de despidos sin un plan de inversi\u00f3n a cambio, hab\u00eda reunido m\u00e1s de 200.000 firmas en pocos d\u00edas. Las reivindicaciones sindicales se centraban entonces en tres puntos: una garant\u00eda de mantenimiento de los centros hasta 2030, la preservaci\u00f3n de la formaci\u00f3n dual y un reparto del valor generado por el nuevo software embarcado.<\/span><\/p>\n<p style=\"text-align: justify;\"><span style=\"font-size: 14pt;\">Esta presi\u00f3n influy\u00f3 directamente en la fisonom\u00eda final del plan, ya que la direcci\u00f3n tuvo que renunciar a cualquier anuncio brusco y unilateral para obtener la unanimidad del consejo de vigilancia a principios de septiembre.<\/span><\/p>\n<h2 class=\"header-anchor-post\" style=\"text-align: justify;\"><span style=\"font-size: 18pt;\">Los pr\u00f3ximos plazos<\/span><\/h2>\n<p style=\"text-align: justify;\"><span style=\"font-size: 14pt;\">El compromiso del 3 de septiembre descarta, por el momento, la opci\u00f3n m\u00e1s radical que la direcci\u00f3n hab\u00eda contemplado en caso de bloqueo: la convocatoria de una junta general extraordinaria de accionistas, sugerida para octubre. En una junta de este tipo, los sindicatos no habr\u00edan dispuesto de ning\u00fan derecho de voto, mientras que la familia Porsche-Pi\u00ebch (53,3% de los votos) y Catar (17%) habr\u00edan podido, juntos, acercarse a la mayor\u00eda cualificada del 75% necesaria para cambios estructurales de gran calado, con el riesgo de desencadenar huelgas.<\/span><\/p>\n<p style=\"text-align: justify;\"><span style=\"font-size: 14pt;\">El calendario social no se detiene, sin embargo, en la votaci\u00f3n del 3 de septiembre. El 26 de septiembre est\u00e1 prevista una jornada de acci\u00f3n nacional organizada por la confederaci\u00f3n sindical DGB e IG Metall contra los recortes sociales en la industria, que va m\u00e1s all\u00e1 del caso Volkswagen pero se inscribe en el mismo contexto de tensi\u00f3n sectorial. En el plano industrial, el fin de la producci\u00f3n de autom\u00f3viles en Osnabr\u00fcck se producir\u00e1 ya en 2027, mientras que los plazos propuestos para Emden y Zwickau (2031), Hann\u00f3ver (2032) y Neckarsulm (2034) abren una ventana de varios a\u00f1os durante la cual cabe esperar nuevas negociaciones, centro por centro. El horizonte de 2030 sigue siendo, adem\u00e1s, el del objetivo de margen operativo del 9%, y el de 2035 el de la reducci\u00f3n a la mitad de la gama de modelos.<\/span><\/p>\n<p style=\"text-align: justify;\"><span style=\"font-size: 14pt;\">La votaci\u00f3n un\u00e1nime lograda en Wolfsburgo da a Volkswagen objetivos financieros y estrat\u00e9gicos claros y hechos p\u00fablicos, y a los sindicatos garant\u00edas sobre la ausencia de cierres inmediatos y el mantenimiento de la cogesti\u00f3n. El destino de las cuatro f\u00e1bricas a\u00fan amenazadas sigue abierto, aplazado a una cita posterior.<\/span><\/p>\n<h2 class=\"header-anchor-post\" style=\"text-align: justify; padding-left: 40px;\"><span style=\"font-size: 24pt;\"><strong>Reuni\u00f3n del consejo de vigilancia de VW: escalada evitada \u2014 el consejo de administraci\u00f3n debe ahora hacer los deberes<br \/>\n<\/strong><\/span><span style=\"font-size: 18pt;\"><em><strong>Declaraci\u00f3n conjunta con motivo de la reuni\u00f3n del consejo de vigilancia de VW celebrada hoy, de Christiane Benner, presidenta de IG Metall, y Daniela Cavallo, presidenta del comit\u00e9 de empresa general y de grupo de Volkswagen AG:<\/strong><\/em><\/span><\/h2>\n<div class=\"pencraft pc-display-flex pc-alignItems-center pc-position-absolute pc-reset header-anchor-parent\" style=\"text-align: justify;\">\n<div class=\"pencraft pc-display-contents pc-reset pubTheme-yiXxQA\"><\/div>\n<\/div>\n<p style=\"text-align: justify;\"><span style=\"font-size: 14pt;\">\u00abLa v\u00eda de la confrontaci\u00f3n y la comunicaci\u00f3n del consejo de administraci\u00f3n de las \u00faltimas semanas no han sido constructivas. Ambas cosas han generado una gran inquietud entre la plantilla en todo el grupo. Ante esta situaci\u00f3n, la parte de los trabajadores, junto con el Land de Baja Sajonia, ha vuelto a asumir su responsabilidad, ha evitado una peligrosa escalada del conflicto y ha allanado el camino hacia soluciones viables. Para lograrlo, todas las partes se han acercado unas a otras.<\/span><\/p>\n<p style=\"text-align: justify;\"><span style=\"font-size: 14pt;\">Una escisi\u00f3n de la marca n\u00facleo Volkswagen Turismos y de la divisi\u00f3n de componentes de VW queda descartada, con lo que se ha repelido con \u00e9xito el ataque a las estructuras de cogesti\u00f3n. Ninguna f\u00e1brica ha sido abandonada y, en contra de lo publicado por varios medios, no se ha decidido el cierre de ninguna planta. Antes bien, ahora deben elaborarse soluciones concretas para todos los centros, y en esto seguimos considerando expresamente responsable al consejo de administraci\u00f3n.<\/span><\/p>\n<p style=\"text-align: justify;\"><span style=\"font-size: 14pt;\">Esperamos que el consejo de administraci\u00f3n, sobre la base del compromiso alcanzado hoy, haga ahora los deberes y presente resultados con rapidez. Debe por fin poner en marcha las inversiones necesarias, impulsar la innovaci\u00f3n y garantizar el empleo de forma duradera. Por eso mediremos al consejo de administraci\u00f3n.<\/span><\/p>\n<p style=\"text-align: justify;\"><span style=\"font-size: 14pt;\">Somos conscientes de los retos a los que se enfrenta el grupo y estamos dispuestos a asumir responsabilidad y a aportar nuestra parte. As\u00ed lo hemos vuelto a demostrar hoy. El trabajo no hace m\u00e1s que empezar. Sin embargo, lo que seguiremos sin aceptar nunca es que la carga recaiga unilateralmente sobre los trabajadores.\u00bb<\/span><\/p>\n<p style=\"text-align: justify;\"><span style=\"font-size: 14pt;\"><strong>Fuente:\u00a0<\/strong><a href=\"https:\/\/www.igmetall.de\/presse\/pressemitteilungen\/2026\/vw-aufsichtsratssitzung-eskalation-verhindert--vorstand-muss-jetzt-seine-hausaufgaben-machen\">https:\/\/www.igmetall.de\/presse\/pressemitteilungen\/2026\/vw-aufsichtsratssitzung-eskalation-verhindert&#8211;vorstand-muss-jetzt-seine-hausaufgaben-machen<\/a> \u00a0<em>(traducci\u00f3n de Tlaxcala; comunicado original en alem\u00e1n)<\/em><\/span><\/p>\n<p style=\"text-align: justify; padding-left: 40px;\"><span style=\"font-size: 14pt;\"><em>Imagen de portada:<\/em> Oliver Blume, director general del Grupo Volkswagen, y Christiane Benner, presidenta de IG Metall y vicepresidenta del consejo de supervisi\u00f3n, se estrechan la mano en una representaci\u00f3n simb\u00f3lica del compromiso sobre el \u00abPlan de Futuro 2030\u00bb, bajo la amenaza de recortes de empleo y cierres de f\u00e1bricas.<\/span><\/p>\n<p><strong><span style=\"font-size: 14pt;\"><a href=\"https:\/\/faustotounsi.substack.com\/p\/copy-volkswagen-ou-lart-du-compromis\">Fausto Giudice<\/a>, 4 de septiembre de 2026<\/span><\/strong><\/p>\n<p><strong><span style=\"font-size: 14pt;\"><a href=\"https:\/\/faustotounsi.substack.com\/p\/volkswagen-ou-lart-du-compromis-le\">Fran\u00e7ais\u00a0<\/a>&#8211;\u00a0<a href=\"https:\/\/faustotounsi.substack.com\/p\/volkswagen-and-the-art-of-compromise\">English<\/a> &#8211; <a href=\"https:\/\/tlaxcalaitaliano.substack.com\/p\/volkswagen-o-larte-del-compromesso\">Italiano<\/a>\u00a0\u2013\u00a0<a href=\"https:\/\/tlaxcaladeutsch.substack.com\/p\/volkswagen-und-die-kunst-des-kompromisses\">Deutsch<\/a>\u00a0&#8211;\u00a0<\/span><a href=\"https:\/\/faustotounsi.substack.com\/p\/volkswagen-ou-a-arte-do-compromisso\"><strong><span style=\"font-size: 14pt;\">Portugu\u00eas<\/span><\/strong><\/a><\/strong><\/p>\n","protected":false},"excerpt":{"rendered":"<p>El \u00abPlan de Futuro 2030\u00bb eleva a 100.000 el n\u00famero total de recortes de empleo previstos de aqu\u00ed al final de la d\u00e9cada, en torno al 15% de la plantilla mundial del grupo.<\/p>\n","protected":false},"author":84,"featured_media":87515,"comment_status":"open","ping_status":"open","sticky":false,"template":"","format":"standard","meta":{"_uf_show_specific_survey":0,"_uf_disable_surveys":false,"footnotes":""},"categories":[22393,491],"tags":[11411,736,31491,31490],"coauthors":[732],"class_list":["post-87514","post","type-post","status-publish","format-standard","has-post-thumbnail","hentry","category-economia","category-multinationales","tag-alemania-palida-madre","tag-fausto-giudice","tag-industria-automotriz","tag-volkswagen"],"translation":{"provider":"WPGlobus","version":"2.12.2","language":"fr","enabled_languages":["es","fr"],"languages":{"es":{"title":true,"content":true,"excerpt":true},"fr":{"title":false,"content":false,"excerpt":false}}},"_links":{"self":[{"href":"https:\/\/www.lapluma.net\/fr\/wp-json\/wp\/v2\/posts\/87514","targetHints":{"allow":["GET"]}}],"collection":[{"href":"https:\/\/www.lapluma.net\/fr\/wp-json\/wp\/v2\/posts"}],"about":[{"href":"https:\/\/www.lapluma.net\/fr\/wp-json\/wp\/v2\/types\/post"}],"author":[{"embeddable":true,"href":"https:\/\/www.lapluma.net\/fr\/wp-json\/wp\/v2\/users\/84"}],"replies":[{"embeddable":true,"href":"https:\/\/www.lapluma.net\/fr\/wp-json\/wp\/v2\/comments?post=87514"}],"version-history":[{"count":2,"href":"https:\/\/www.lapluma.net\/fr\/wp-json\/wp\/v2\/posts\/87514\/revisions"}],"predecessor-version":[{"id":87517,"href":"https:\/\/www.lapluma.net\/fr\/wp-json\/wp\/v2\/posts\/87514\/revisions\/87517"}],"wp:featuredmedia":[{"embeddable":true,"href":"https:\/\/www.lapluma.net\/fr\/wp-json\/wp\/v2\/media\/87515"}],"wp:attachment":[{"href":"https:\/\/www.lapluma.net\/fr\/wp-json\/wp\/v2\/media?parent=87514"}],"wp:term":[{"taxonomy":"category","embeddable":true,"href":"https:\/\/www.lapluma.net\/fr\/wp-json\/wp\/v2\/categories?post=87514"},{"taxonomy":"post_tag","embeddable":true,"href":"https:\/\/www.lapluma.net\/fr\/wp-json\/wp\/v2\/tags?post=87514"},{"taxonomy":"author","embeddable":true,"href":"https:\/\/www.lapluma.net\/fr\/wp-json\/wp\/v2\/coauthors?post=87514"}],"curies":[{"name":"wp","href":"https:\/\/api.w.org\/{rel}","templated":true}]}}