{"id":87504,"date":"2026-09-04T08:00:03","date_gmt":"2026-09-04T06:00:03","guid":{"rendered":"https:\/\/www.lapluma.net\/?p=87504"},"modified":"2026-09-04T02:16:26","modified_gmt":"2026-09-04T00:16:26","slug":"karp-fedorov","status":"publish","type":"post","link":"https:\/\/www.lapluma.net\/fr\/2026\/09\/04\/karp-fedorov\/","title":{"rendered":"Alex Karp y Mijailo F\u00e9dorov se casan<br><i>Historia de una relaci\u00f3n: de la guerra de Ucrania (2022) a la alianza empresarial (2026)<\/i>"},"content":{"rendered":"<div style=\"width: 660px;\" class=\"wp-video\"><video class=\"wp-video-shortcode\" id=\"video-87504-1\" width=\"660\" height=\"660\" preload=\"metadata\" controls=\"controls\"><source type=\"video\/mp4\" src=\"https:\/\/www.lapluma.net\/wp-content\/uploads\/2026\/09\/\u0424\u0435\u0434\u043e\u0440\u043e\u0432-\u0441\u0442\u0432\u043e\u0440\u0438\u0442\u044c-\u0443\u043a\u0440\u0430\u0457\u043d\u0441\u044c\u043a\u0443-defense-tech-\u043a\u043e\u043c\u043f\u0430\u043d\u0456\u044e.mp4?_=1\" \/><a href=\"https:\/\/www.lapluma.net\/wp-content\/uploads\/2026\/09\/\u0424\u0435\u0434\u043e\u0440\u043e\u0432-\u0441\u0442\u0432\u043e\u0440\u0438\u0442\u044c-\u0443\u043a\u0440\u0430\u0457\u043d\u0441\u044c\u043a\u0443-defense-tech-\u043a\u043e\u043c\u043f\u0430\u043d\u0456\u044e.mp4\">https:\/\/www.lapluma.net\/wp-content\/uploads\/2026\/09\/\u0424\u0435\u0434\u043e\u0440\u043e\u0432-\u0441\u0442\u0432\u043e\u0440\u0438\u0442\u044c-\u0443\u043a\u0440\u0430\u0457\u043d\u0441\u044c\u043a\u0443-defense-tech-\u043a\u043e\u043c\u043f\u0430\u043d\u0456\u044e.mp4<\/a><\/video><\/div>\n<p><strong><span style=\"font-size: 14pt;\">\u0424\u0435\u0434\u043e\u0440\u043e\u0432 \u0441\u0442\u0432\u043e\u0440\u0438\u0442\u044c \u0443\u043a\u0440\u0430\u0457\u043d\u0441\u044c\u043a\u0443 defense tech-\u043a\u043e\u043c\u043f\u0430\u043d\u0456\u044e<\/span><\/strong><br \/>\n<strong><span style=\"font-size: 14pt;\"><em>Fedorov va a crear una empresa ucraniana especializada en defense tech (en ingl\u00e9s en el texto ucraniano)<\/em><\/span><\/strong><\/p>\n<p><span style=\"font-size: 14pt;\">Alex Karp: \u00abHemos trabajado juntos durante media d\u00e9cada. Me inspira absolutamente lo que usted y los ucranianos han logrado. Estoy muy contento de poder desempe\u00f1ar un papel. Usted y sus colegas est\u00e1n poniendo en marcha una empresa que, creo, va a definir el mundo, llevando sus conocimientos y sus argumentos sobre el arte de la guerra como producto a los pa\u00edses aliados. Estoy muy orgulloso de poder ayudarles en este punto. Muchas gracias\u00bb.<\/span><\/p>\n<p style=\"text-align: justify; padding-left: 40px;\"><strong><em><span style=\"font-size: 18pt;\">Que nadie se enga\u00f1e: estos dos tipos con pinta de adolescentes tard\u00edos aficionados a un equipo de b\u00e9isbol son tecnose\u00f1ores, pesos pesados de lo que algunos han llamado tecnofeudalismo o tecnofascismo. El hombre de la derecha que habla es Alex Karp; el muchacho que lo escucha respetuosamente es Mijailo F\u00e9dorov. Los dos acaban de anunciar su matrimonio empresarial. Veamos m\u00e1s de cerca de qu\u00e9 se trata.<\/span><\/em><\/strong><\/p>\n<p style=\"text-align: justify;\"><strong><span style=\"font-size: 18pt;\">Sumario<\/span><\/strong><br \/>\n<strong><span style=\"font-size: 18pt;\">A. Dos perfiles<\/span><\/strong><br \/>\n<strong><span style=\"font-size: 18pt;\">B. Historia de las relaciones<\/span><\/strong><\/p>\n<p><span style=\"font-size: 14pt;\"><strong><a href=\"https:\/\/faustotounsi.substack.com\/p\/alex-karp-y-mijailo-fedorov-se-casan\">L\u00e9ase aqu\u00ed<\/a><\/strong><\/span><\/p>\n<p data-pm-slice=\"1 1 [&quot;calloutBlock&quot;,null]\"><span style=\"font-size: 14pt;\"><a href=\"https:\/\/faustotounsi.substack.com\/p\/alex-karp-and-mykhailo-fedorov-get\" target=\"_blank\" rel=\"noopener noreferrer nofollow\"><strong>English<\/strong><\/a><strong> \u2013<\/strong><a href=\"https:\/\/faustotounsi.substack.com\/p\/alex-karp-et-mykhailo-fedorov-se\" target=\"_blank\" rel=\"noopener noreferrer nofollow\"><strong>Fran\u00e7ais<\/strong><\/a> <strong>&#8211; <\/strong><a href=\"https:\/\/tlaxcalaitaliano.substack.com\/p\/alex-karp-e-mikhailo-fedorov-si-sposano\" target=\"_blank\" rel=\"noopener noreferrer nofollow\"><strong>Italiano<\/strong><\/a><strong> \u2013 <\/strong><a href=\"https:\/\/tlaxcaladeutsch.substack.com\/p\/alex-karp-und-mychajlo-fedorow-heiraten\" target=\"_blank\" rel=\"noopener noreferrer nofollow\"><strong>Deutsch<\/strong><\/a><strong> &#8211; <\/strong><\/span><a href=\"https:\/\/faustotounsi.substack.com\/p\/alex-karp-e-mykhailo-fedorov-se-casam\" target=\"_blank\" rel=\"noopener noreferrer nofollow\"><strong><span style=\"font-size: 14pt;\">Portugu\u00eas<\/span><\/strong><\/a><\/p>\n","protected":false},"excerpt":{"rendered":"<p>El matrimonio de dos tecnose\u00f1ores<\/p>\n","protected":false},"author":84,"featured_media":87505,"comment_status":"open","ping_status":"open","sticky":false,"template":"","format":"standard","meta":{"_uf_show_specific_survey":0,"_uf_disable_surveys":false,"footnotes":""},"categories":[1],"tags":[31486,31488,28455,31487,31008,31489,29135],"coauthors":[732],"class_list":["post-87504","post","type-post","status-publish","format-standard","has-post-thumbnail","hentry","category-sin-categoria","tag-alex-karp","tag-guerra-con-ia","tag-industria-belica","tag-mijailo-fedorov","tag-palantir","tag-tecnosenorio","tag-ucrania-usa"],"translation":{"provider":"WPGlobus","version":"2.12.2","language":"fr","enabled_languages":["es","fr"],"languages":{"es":{"title":true,"content":true,"excerpt":true},"fr":{"title":false,"content":false,"excerpt":false}}},"_links":{"self":[{"href":"https:\/\/www.lapluma.net\/fr\/wp-json\/wp\/v2\/posts\/87504","targetHints":{"allow":["GET"]}}],"collection":[{"href":"https:\/\/www.lapluma.net\/fr\/wp-json\/wp\/v2\/posts"}],"about":[{"href":"https:\/\/www.lapluma.net\/fr\/wp-json\/wp\/v2\/types\/post"}],"author":[{"embeddable":true,"href":"https:\/\/www.lapluma.net\/fr\/wp-json\/wp\/v2\/users\/84"}],"replies":[{"embeddable":true,"href":"https:\/\/www.lapluma.net\/fr\/wp-json\/wp\/v2\/comments?post=87504"}],"version-history":[{"count":4,"href":"https:\/\/www.lapluma.net\/fr\/wp-json\/wp\/v2\/posts\/87504\/revisions"}],"predecessor-version":[{"id":87511,"href":"https:\/\/www.lapluma.net\/fr\/wp-json\/wp\/v2\/posts\/87504\/revisions\/87511"}],"wp:featuredmedia":[{"embeddable":true,"href":"https:\/\/www.lapluma.net\/fr\/wp-json\/wp\/v2\/media\/87505"}],"wp:attachment":[{"href":"https:\/\/www.lapluma.net\/fr\/wp-json\/wp\/v2\/media?parent=87504"}],"wp:term":[{"taxonomy":"category","embeddable":true,"href":"https:\/\/www.lapluma.net\/fr\/wp-json\/wp\/v2\/categories?post=87504"},{"taxonomy":"post_tag","embeddable":true,"href":"https:\/\/www.lapluma.net\/fr\/wp-json\/wp\/v2\/tags?post=87504"},{"taxonomy":"author","embeddable":true,"href":"https:\/\/www.lapluma.net\/fr\/wp-json\/wp\/v2\/coauthors?post=87504"}],"curies":[{"name":"wp","href":"https:\/\/api.w.org\/{rel}","templated":true}]}}