{"id":8749,"date":"2019-04-29T20:17:16","date_gmt":"2019-04-29T20:17:16","guid":{"rendered":"http:\/\/www.lapluma.net\/?p=8749"},"modified":"2019-04-29T20:17:16","modified_gmt":"2019-04-29T20:17:16","slug":"como-capturaron-en-valencia-al-paramilitar-mas-peligroso-de-latinoamerica","status":"publish","type":"post","link":"https:\/\/www.lapluma.net\/fr\/2019\/04\/29\/como-capturaron-en-valencia-al-paramilitar-mas-peligroso-de-latinoamerica\/","title":{"rendered":"\u00bfC\u00f3mo capturaron en Valencia al paramilitar m\u00e1s peligroso de Latinoam\u00e9rica?"},"content":{"rendered":"<p style=\"text-align: justify;\"><span style=\"font-size: 12pt;\"><img loading=\"lazy\" decoding=\"async\" class=\"wp-image-8759 alignleft\" src=\"http:\/\/www.lapluma.net\/wp-content\/uploads\/2019\/04\/Jos\u00e9-Negr\u00f3n-Varlera.jpg\" alt=\"\" width=\"97\" height=\"97\" \/>Era casi medio d\u00eda del mi\u00e9rcoles veinte de marzo de 2019 cuando una operaci\u00f3n policial, de car\u00e1cter altamente secreto, se ejecutaba en la ciudad de Valencia, a doscientos kil\u00f3metros del centro del poder pol\u00edtico en Venezuela. La misi\u00f3n: \u201ccapturar al paramilitar m\u00e1s peligroso de toda Latinoam\u00e9rica\u201d.<\/span><\/p>\n<p><img loading=\"lazy\" decoding=\"async\" class=\" wp-image-8758 aligncenter\" src=\"http:\/\/www.lapluma.net\/wp-content\/uploads\/2019\/04\/Soldado-venezolano-300x169.jpg\" alt=\"\" width=\"559\" height=\"315\" srcset=\"https:\/\/www.lapluma.net\/wp-content\/uploads\/2019\/04\/Soldado-venezolano-300x169.jpg 300w, https:\/\/www.lapluma.net\/wp-content\/uploads\/2019\/04\/Soldado-venezolano.jpg 678w\" sizes=\"auto, (max-width: 559px) 100vw, 559px\" \/><\/p>\n<p style=\"text-align: justify;\"><span style=\"font-size: 12pt;\">Una vasta operaci\u00f3n de inteligencia que pein\u00f3 cada cent\u00edmetro de la frontera colombo-venezolana durante m\u00e1s de seis meses permiti\u00f3 al Ministerio de Relaciones Interiores Justicia y Paz del Gobierno bolivariano dar con el paradero de Wilfredo de Jes\u00fas Torres G\u00f3mez, alias Necocli, m\u00e1ximo l\u00edder de la banda paramilitar colombiana Los Rastrojos. Su aprehensi\u00f3n, supone un paso importante para desarticular lo que a juicio de Freddy Bernal, miembro de la direcci\u00f3n nacional del Partido Socialista Unido de Venezuela y Protector presidencial para el estado T\u00e1chira, es la amenaza m\u00e1s grande de la regi\u00f3n.<\/span><\/p>\n<figure id=\"attachment_8750\" aria-describedby=\"caption-attachment-8750\" style=\"width: 682px\" class=\"wp-caption aligncenter\"><img loading=\"lazy\" decoding=\"async\" class=\"wp-image-8750\" src=\"http:\/\/www.lapluma.net\/wp-content\/uploads\/2019\/04\/captura-paramilitar-colombiano-300x225.jpg\" alt=\"\" width=\"682\" height=\"511\" \/><figcaption id=\"caption-attachment-8750\" class=\"wp-caption-text\">Ficha de captura del paramilitar Necocli; \u00a9 Sputnik \/ Jos\u00e9 Negr\u00f3n Valera<\/figcaption><\/figure>\n<p style=\"text-align: justify;\"><span style=\"font-size: 12pt;\">Bernal accede a conceder una entrevista en exclusiva para Sputnik para dar detalles sobre el caso de Necocli, pero tambi\u00e9n para profundizar en lo que representa el paramilitarismo colombiano como factor de desestabilizaci\u00f3n y conspiraci\u00f3n contra Venezuela. Desde su oficina, apodada por su equipo cercano como el B\u00fanker, confiesa que ha sido un honor cumplir con la orden del presidente Nicol\u00e1s Maduro de \u201cenfrentar la guerra m\u00faltiple de Colombia y del imperio norteamericano, a trav\u00e9s de 193 kil\u00f3metros de territorio donde el estado T\u00e1chira hace frontera con la OTAN\u201d.<\/span><\/p>\n<p style=\"text-align: justify;\"><span style=\"font-size: 12pt;\"><strong>\u201cEl ISIS de Am\u00e9rica Latina\u201d<\/strong><\/span><\/p>\n<p style=\"text-align: justify;\"><span style=\"font-size: 12pt;\">\u00bfQui\u00e9n es Necocli?, le pregunto con una cierta urgencia de abordar los detalles de su captura. Sin embargo, Bernal me detiene con \u00e1nimo pedag\u00f3gico para apuntar que detr\u00e1s de cada delincuente, existen unas condiciones culturales, sociales y pol\u00edticas que posibilitan su aparici\u00f3n. Por ello, estima conveniente destacar primero la historia del paramilitarismo en el pa\u00eds neogranadino.<\/span><\/p>\n<figure id=\"attachment_8756\" aria-describedby=\"caption-attachment-8756\" style=\"width: 589px\" class=\"wp-caption aligncenter\"><img loading=\"lazy\" decoding=\"async\" class=\"wp-image-8756\" src=\"http:\/\/www.lapluma.net\/wp-content\/uploads\/2019\/04\/Gobierno-venezola-desmantela-banda-300x160.jpg\" alt=\"\" width=\"589\" height=\"314\" srcset=\"https:\/\/www.lapluma.net\/wp-content\/uploads\/2019\/04\/Gobierno-venezola-desmantela-banda-300x160.jpg 300w, https:\/\/www.lapluma.net\/wp-content\/uploads\/2019\/04\/Gobierno-venezola-desmantela-banda.jpg 705w\" sizes=\"auto, (max-width: 589px) 100vw, 589px\" \/><figcaption id=\"caption-attachment-8756\" class=\"wp-caption-text\">Gobierno venezolano desmantela banda dedicada al contrabando de combustible a Colombia. \u00a9 AP Photo \/ Eliecer Mantilla<\/figcaption><\/figure>\n<p style=\"text-align: justify;\"><span style=\"font-size: 12pt;\">\u201cUn pa\u00eds como Colombia, dirigido por la burgues\u00eda, necesita estructuras para hacer lo que al ej\u00e9rcito colombiano no le conviene hacer de cara a la opini\u00f3n p\u00fablica, como secuestrar, asesinar, decapitar o causar conmoci\u00f3n social.\u00a0 Es decir, las bandas paramilitares son una especie de brazo armado de las propias fuerzas armadas de Colombia. Y por supuesto tienen una identificaci\u00f3n absolutamente de derecha. Por esta raz\u00f3n, siempre he dicho y lo ratifico que los paramilitares en la frontera son el ISIS de Am\u00e9rica Latina.\u00a0 As\u00ed como ISIS fue y es un instrumento de Estados Unidos para balcanizar Siria e Irak, para apoderarse del petr\u00f3leo, para asesinar de forma cruel e indiscriminada a hombres, mujeres y ni\u00f1os, estas bandas paramilitares tienen como objetivo precisamente lo mismo en la frontera. Son la punta de lanza, son la vanguardia de una agresi\u00f3n hacia Venezuela, y por supuesto bajo la supervisi\u00f3n, planificaci\u00f3n, direcci\u00f3n y financiamiento de la agencia de inteligencia de Estados Unidos, no tengo la menor duda\u201d, concluye.<\/span><\/p>\n<p style=\"text-align: justify;\"><span style=\"font-size: 12pt;\">Seg\u00fan el recuento hecho por Bernal, los Rastrojos es uno de los cuatro grandes grupos paramilitares que act\u00faan en la frontera. Completan el cuadro: los Urabe\u00f1os (con presencia en Ure\u00f1a hasta la Fr\u00eda); el Cartel del Golfo del Escobal (Ubicados en las poblaciones de San Antonio hasta las Delicias) y la Organizaci\u00f3n Paramilitar de la Frontera (cuyo radio de acci\u00f3n son las poblaciones de San Antonio del T\u00e1chira y parte de Ure\u00f1a);\u00a0 Todos, desde su consideraci\u00f3n, se encuentran protegidos por la polic\u00eda nacional y el ej\u00e9rcito colombiano.<\/span><\/p>\n<p style=\"text-align: justify;\"><span style=\"font-size: 12pt;\">La acad\u00e9mica colombiana, Vilma Franco, en su art\u00edculo \u2018Mercenarismo corporativo y la sociedad contrainsurgente\u2019, hace un recuento importante sobre la g\u00e9nesis de estas estructuras criminales.\u00a0 Y aunque el resumen de dicha genealog\u00eda dice que el paramilitarismo en Colombia lleva m\u00e1s de sesenta a\u00f1os, su naturaleza actual tiene su origen en los acuerdos de desmovilizaci\u00f3n firmados entre el Gobierno de \u00c1lvaro Uribe V\u00e9lez y los ej\u00e9rcitos fundados por Carlos Casta\u00f1o y Jorge 40.<\/span><\/p>\n<figure id=\"attachment_8757\" aria-describedby=\"caption-attachment-8757\" style=\"width: 598px\" class=\"wp-caption aligncenter\"><img loading=\"lazy\" decoding=\"async\" class=\"wp-image-8757\" src=\"http:\/\/www.lapluma.net\/wp-content\/uploads\/2019\/04\/gobierno-venezola-detiene-presuntos-implicados-300x160.jpg\" alt=\"\" width=\"598\" height=\"319\" srcset=\"https:\/\/www.lapluma.net\/wp-content\/uploads\/2019\/04\/gobierno-venezola-detiene-presuntos-implicados-300x160.jpg 300w, https:\/\/www.lapluma.net\/wp-content\/uploads\/2019\/04\/gobierno-venezola-detiene-presuntos-implicados.jpg 705w\" sizes=\"auto, (max-width: 598px) 100vw, 598px\" \/><figcaption id=\"caption-attachment-8757\" class=\"wp-caption-text\">Gobierno venezolano detiene 11 implicados en contrabando de combustible. \u00a9 REUTERS \/ Isaac Urrutia<\/figcaption><\/figure>\n<p style=\"text-align: justify;\"><span style=\"font-size: 12pt;\">Muchos de esos mercenarios, que hab\u00edan cometido innumerables cr\u00edmenes de lesa humanidad, simplemente terminaron ali\u00e1ndose con los carteles de las drogas, para as\u00ed conformar peque\u00f1os ej\u00e9rcitos que sirvieran a los intereses de quienes produc\u00edan y distribu\u00edan la coca\u00edna colombiana. Los Rastrojos tambi\u00e9n conocidos como la Empresa, nace de la fusi\u00f3n de las Autodefensas Unidas de Colombia y el Cartel del Valle del Cauca.<\/span><\/p>\n<p style=\"text-align: justify;\"><span style=\"font-size: 12pt;\">\u201cEstuvo dirigida durante muchos a\u00f1os, por un paramilitar apodado Cara e\u00b4 vieja, que fue dado de baja en un enfrentamiento con autoridades venezolanas en 2016. Luego toma el mando, Necocli. Se dedicaron entonces a cometer cr\u00edmenes tanto del lado de Colombia, pero tambi\u00e9n ten\u00eda influencia en el estado Zulia, espec\u00edficamente en las zonas de Casigo el Cubo y Catatumbo, y en La Fr\u00eda en el estado T\u00e1chira, ambos territorios venezolanos\u201d, apunta Bernal.\u00a0<\/span><\/p>\n<p style=\"text-align: justify;\"><span style=\"font-size: 12pt;\"><strong>\u201cUna n\u00f3mina de un mill\u00f3n de d\u00f3lares\u201d<\/strong><\/span><\/p>\n<p style=\"text-align: justify;\"><span style=\"font-size: 12pt;\">El paramilitarismo es una cultura, afirma Bernal. Es quiz\u00e1 ese uno de los obst\u00e1culos m\u00e1s fuertes a la hora de hacerle frente, porque penetra psicol\u00f3gica y econ\u00f3micamente grandes sectores de la poblaci\u00f3n. Son una base social que les permite tener inteligencia diseminada a lo largo y ancho de la frontera, comenta.<\/span><\/p>\n<p style=\"text-align: center;\">\n<iframe loading=\"lazy\" src=\"https:\/\/www.youtube.com\/embed\/8pPWfPwUSgQ\" width=\"560\" height=\"315\" frameborder=\"0\" allowfullscreen=\"allowfullscreen\"><\/iframe><\/p>\n<p style=\"text-align: justify;\"><span style=\"font-size: 12pt;\">\u201cA veces la gente piensa que un paramilitar es un miembro de las Autodefensas Unidas de Colombia, vestido con traje camuflado con fusil e insignia, no, quiz\u00e1 eso fue as\u00ed hace alg\u00fan tiempo, pero ahora, un paramilitar es lamentablemente un ni\u00f1o de 14 a\u00f1os, una anciana de 70 a\u00f1os, un se\u00f1or de 50, un taxista, alguien que tiene un kiosko, el que trabaja en una tienda de repuesto. \u00bfY por qu\u00e9 es paramilitar? Porque es informante, es custodio de elementos provenientes del delito, es custodio de gente secuestrada, y trabajan para una estructura superior que son las estructuras de car\u00e1cter armado. Se calcula que Necocli, pagaba una n\u00f3mina de un mill\u00f3n de d\u00f3lares semanal, entre la estructura armada, que tienen unos sueldos muy altos, los jefes y subjefes, y luego una inmensa red log\u00edstica que se calcula llegan a las 2.000 personas. Es decir, 400 hombres armados, muy bien apertrechados, y unas 1.600 personas entre informantes, traficantes, los que proveen gasolina, los que vigilan las trochas, los que mueven los veh\u00edculos, los que producen alimentos, los que cuidan fincas. Es una organizaci\u00f3n de car\u00e1cter criminal que genera inmensos recursos\u201d puntualiza.<\/span><\/p>\n<p style=\"text-align: justify;\"><span style=\"font-size: 12pt;\"><strong>\u2014\u00bfC\u00f3mo los organismos de seguridad logran permear una red de estas caracter\u00edsticas?<\/strong><\/span><\/p>\n<p style=\"text-align: justify;\"><span style=\"font-size: 12pt;\">Al llegar a T\u00e1chira entend\u00ed que la \u00fanica manera de poder infiltrar las bandas paramilitares era tambi\u00e9n con una estrategia de car\u00e1cter social. Comenz\u00f3 un trabajo que dur\u00f3 meses, para irnos acercando poco a poco a la estructura paramilitar. Tuvimos que utilizar lo que denominamos dobles agentes, quienes a trav\u00e9s de m\u00e9todos policiales eran de ellos y logramos pasarlos a informantes de nosotros. Si no, no habr\u00eda sido posible infiltrarlos. Por supuesto que todo con negociaciones de car\u00e1cter policial, previstas en las leyes. Fuimos detectando quien era Necocli, en qu\u00e9 sector se mov\u00eda, la estructura financiera, los lugartenientes. Lanzamos varias operaciones que hab\u00edan sido infructuosas. Una macrooperaci\u00f3n con la Fuerza Armada Nacional Bolivariana y el Comandante Estrat\u00e9gico Operacional,\u00a0 Remigio Ceballos, donde logramos expulsarlos hacia Colombia, pero no logramos capturar elementos de gran importancia. Luego, lanzamos dos operaciones m\u00e1s sobre la zona de Ca\u00f1o Amarillo, Boca de Grita y La Palmita, capturamos a dos paramilitares de mediano nivel, pero los grandes se nos escaparon siempre.<\/span><\/p>\n<p style=\"text-align: justify;\"><span style=\"font-size: 12pt;\"><strong>El sutil encanto de la inteligencia<\/strong><\/span><\/p>\n<p style=\"text-align: justify;\"><span style=\"font-size: 12pt;\">Mientras la entrevista avanza, Bernal recibe llamadas telef\u00f3nicas y pone a punto su agenda de trabajo. Hace anotaciones al tiempo que relata que sus equipos se mantuvieron todo el tiempo procesando informaci\u00f3n de inteligencia desde octubre de 2018. Sab\u00edan que Necocli estaba siendo ampliamente perseguido, no solo por los organismos de seguridad venezolanos sino por los carteles y grupos paramilitares enemigos, lo cual lo manten\u00eda en constante movimiento entre el territorio colombiano y venezolano.<\/span><\/p>\n<figure id=\"attachment_8755\" aria-describedby=\"caption-attachment-8755\" style=\"width: 559px\" class=\"wp-caption aligncenter\"><img loading=\"lazy\" decoding=\"async\" class=\"wp-image-8755\" src=\"http:\/\/www.lapluma.net\/wp-content\/uploads\/2019\/04\/autoridades-venezolanas-300x160.jpg\" alt=\"\" width=\"559\" height=\"298\" srcset=\"https:\/\/www.lapluma.net\/wp-content\/uploads\/2019\/04\/autoridades-venezolanas-300x160.jpg 300w, https:\/\/www.lapluma.net\/wp-content\/uploads\/2019\/04\/autoridades-venezolanas.jpg 705w\" sizes=\"auto, (max-width: 559px) 100vw, 559px\" \/><figcaption id=\"caption-attachment-8755\" class=\"wp-caption-text\">Autoridades venezolanas abaten a siete presuntos paramilitares en frontera con Colombia. \u00a9 Sputnik \/ Sergei Mamontov<\/figcaption><\/figure>\n<p style=\"text-align: justify;\"><span style=\"font-size: 12pt;\">\u201cAunque parezca risible, su lugar de esparcimiento era Tucacas, zona costera del estado Falc\u00f3n en Venezuela. \u00c9l no se iba\u00a0 a Cartagena de Indias, ni se iba a la Isla de San Andr\u00e9s, sino que hab\u00eda elegido como lugar de esparcimiento esa zona de Venezuela.\u00a0\u00a0 Entonces, la primera pista de su paradero la tenemos en Valencia. Comenzamos a trav\u00e9s de un patriota cooperante, a procesar informaci\u00f3n, a hacer seguimiento telef\u00f3nico de muchos meses. Trabajamos con diversos organismos de inteligencia, durante seis meses, hasta que efectivamente logramos detectarlo en Valencia. Entonces, para que no se nos escapara decidimos lanzar una operaci\u00f3n de captura. Se coordin\u00f3 dicha operaci\u00f3n con el ministro de Interior, el mayor general, N\u00e9stor Reverol, quien design\u00f3 a Interpol y un equipo especial del CICPC (Cuerpo de Investigaciones Cient\u00edficas, Penales y Criminal\u00edsticas). Apoy\u00e1ndonos en los datos de inteligencia previamente recolectados, logramos su captura. En dicho momento, ten\u00eda una c\u00e9dula falsa venezolana, a nombre de Luis Eduardo Pic\u00f3n G\u00f3mez. Por supuesto, en estos momentos est\u00e1 a \u00f3rdenes de los tribunales de Venezuela, por m\u00faltiples delitos.<\/span><\/p>\n<p style=\"text-align: justify;\"><a href=\"https:\/\/twitter.com\/i\/status\/1110315442030157824\"><span style=\"font-size: 12pt;\"><img loading=\"lazy\" decoding=\"async\" class=\" wp-image-8751 aligncenter\" src=\"http:\/\/www.lapluma.net\/wp-content\/uploads\/2019\/04\/Capture-tuit-terrorista-paramilitar-209x300.jpg\" alt=\"\" width=\"506\" height=\"726\" srcset=\"https:\/\/www.lapluma.net\/wp-content\/uploads\/2019\/04\/Capture-tuit-terrorista-paramilitar-209x300.jpg 209w, https:\/\/www.lapluma.net\/wp-content\/uploads\/2019\/04\/Capture-tuit-terrorista-paramilitar.jpg 420w\" sizes=\"auto, (max-width: 506px) 100vw, 506px\" \/><\/span><\/a><\/p>\n<p style=\"text-align: justify;\"><span style=\"font-size: 12pt;\">Desde la perspectiva de Bernal, la captura de Necocli significa un importante golpe a la banda paramilitar, pero no afecta del todo el funcionamiento de la misma. Seg\u00fan nos refiere, estas estructuras tienen una especie de Estado Mayor, donde en el momento en que es dado de baja o es apresado uno de ellos, directamente sube el segundo, y as\u00ed sucesivamente.<\/span><\/p>\n<figure id=\"attachment_8752\" aria-describedby=\"caption-attachment-8752\" style=\"width: 561px\" class=\"wp-caption aligncenter\"><img loading=\"lazy\" decoding=\"async\" class=\"wp-image-8752\" src=\"http:\/\/www.lapluma.net\/wp-content\/uploads\/2019\/04\/Freddy-Bernal-300x225.jpg\" alt=\"\" width=\"561\" height=\"421\" srcset=\"https:\/\/www.lapluma.net\/wp-content\/uploads\/2019\/04\/Freddy-Bernal-300x225.jpg 300w, https:\/\/www.lapluma.net\/wp-content\/uploads\/2019\/04\/Freddy-Bernal.jpg 720w\" sizes=\"auto, (max-width: 561px) 100vw, 561px\" \/><figcaption id=\"caption-attachment-8752\" class=\"wp-caption-text\">Freddy Bernal, miembro de la direcci\u00f3n nacional del Partido Socialista Freddy Bernal, miembro de la direcci\u00f3n nacional del Partido Socialista Unido de Venezuela Foto \u00a9 Sputnik<\/figcaption><\/figure>\n<p style=\"text-align: justify;\"><span style=\"font-size: 12pt;\">Es inevitable pensar que es una quimera, la lucha contra estas organizaciones delincuenciales y as\u00ed se lo hago saber. Pero Bernal, se muestra optimista. \u201cestamos en una estrategia combinada policial y militar, en funci\u00f3n de detectar, enfrentar y detener, no al primero o segundo al mando, sino ir contra diversos puntos de la estructura para desarticularla. Evidentemente esto va a llevar al enfrentamiento armado en alg\u00fan momento, porque son estructuras que tienen un poder de fuego muy importante\u201d, se\u00f1ala.<\/span><\/p>\n<figure id=\"attachment_8753\" aria-describedby=\"caption-attachment-8753\" style=\"width: 568px\" class=\"wp-caption aligncenter\"><img loading=\"lazy\" decoding=\"async\" class=\"wp-image-8753\" src=\"http:\/\/www.lapluma.net\/wp-content\/uploads\/2019\/04\/Centinella-soberano-300x160.jpg\" alt=\"\" width=\"568\" height=\"303\" srcset=\"https:\/\/www.lapluma.net\/wp-content\/uploads\/2019\/04\/Centinella-soberano-300x160.jpg 300w, https:\/\/www.lapluma.net\/wp-content\/uploads\/2019\/04\/Centinella-soberano.jpg 705w\" sizes=\"auto, (max-width: 568px) 100vw, 568px\" \/><figcaption id=\"caption-attachment-8753\" class=\"wp-caption-text\">Centinela Soberano 2018: el muro de contenci\u00f3n contra \u00ab\u00a0el ISIS\u00a0\u00bb de Suram\u00e9rica. Foto \u00a9 Sputnik \/ Jos\u00e9 Negr\u00f3n Valera<\/figcaption><\/figure>\n<p style=\"text-align: justify;\"><span style=\"font-size: 12pt;\"><strong>La sombra que se cierne<\/strong><\/span><\/p>\n<p style=\"text-align: justify;\"><span style=\"font-size: 12pt;\">El Gobierno venezolano, inform\u00f3 que Necocli no solo era un criminal buscado por cr\u00edmenes como secuestro o tr\u00e1fico de drogas, tambi\u00e9n era una pieza importante dentro del plan de desestabilizaci\u00f3n pol\u00edtica de Venezuela.<\/span><\/p>\n<p style=\"text-align: justify;\"><span style=\"font-size: 12pt;\">Bernal afirma que la captura del diputado Roberto Marrero, asistente de Juan Guaid\u00f3, brind\u00f3 m\u00faltiples pistas sobre el paradero del peligroso paramilitar colombiano, as\u00ed como de su vinculaci\u00f3n con futuros planes terroristas. La fuente principal, fueron los cientos de mensajes de Whatsapp y documentos que Marrero pose\u00eda en su tel\u00e9fono y computadora personal.<\/span><\/p>\n<p style=\"text-align: justify;\"><span style=\"font-size: 12pt;\">\u201cEntre esa madeja de informaci\u00f3n hab\u00eda un lazo conectado a una persona cercana a Necocli. Hay la evidencia que esta derecha venezolana no tiene escr\u00fapulos y es capaz de asociarse con los peores criminales para ejecutar sus fines inconfesables de tomar el poder. Esta banda paramilitar de los Rastrojos, sigue all\u00ed en Colombia, accionando contra Venezuela. Pero ahora, esto se sigue complejizando, porque hay un grupo de militares traidores a la Patria que se fueron hacia Colombia. Las bandas paramilitares est\u00e1n ofreciendo a cada uno, dos millones de pesos para contratarlos.\u00a0 No tengo la menor duda de que muchos de ellos, quiz\u00e1 la mayor\u00eda, van a terminar formando parte de la estructura del paramilitarismo colombiano. Entonces se convertir\u00e1n en secuestradores, extorsionadores y asesinos, mientras preparan las condiciones para una agresi\u00f3n a Venezuela por Colombia.<\/span><\/p>\n<p style=\"text-align: justify;\"><span style=\"font-size: 12pt;\"><strong>\u2014\u00bfQu\u00e9 recomendaci\u00f3n hace al Estado venezolano para enfrentar al paramilitarismo?<\/strong><\/span><\/p>\n<p style=\"text-align: justify;\"><span style=\"font-size: 12pt;\">Estamos haciendo las cosas de manera correcta, pero debemos dar un paso m\u00e1s all\u00e1. Deber\u00edamos tener una Unidad Antiterrorista, donde se agrupen funcionarios del DGCIM, del SEBIN, y del FAES, una unidad de \u00e9lite contraterrorista. Dedicada \u00fanica y exclusivamente a estas acciones. La mayor garant\u00eda para luchar contra esta amenaza es lograr el control territorial a trav\u00e9s de la milicia nacional bolivariana, porque se trata del pueblo en armas. T\u00e1chira tiene 1.120 unidades de defensa programadas, si nosotros las constituimos, las formamos y ocupamos el territorio va a ser muy dif\u00edcil que las bandas paramilitares o cualquier otro ej\u00e9rcito ingresen al territorio venezolano, porque quien controla el territorio tiene la mitad de la guerra ganada.<\/span><\/p>\n<p><img loading=\"lazy\" decoding=\"async\" class=\" wp-image-8754 aligncenter\" src=\"http:\/\/www.lapluma.net\/wp-content\/uploads\/2019\/04\/Capture-Tuit-Freddy-Bernal-300x300.jpg\" alt=\"\" width=\"488\" height=\"488\" srcset=\"https:\/\/www.lapluma.net\/wp-content\/uploads\/2019\/04\/Capture-Tuit-Freddy-Bernal-300x300.jpg 300w, https:\/\/www.lapluma.net\/wp-content\/uploads\/2019\/04\/Capture-Tuit-Freddy-Bernal-150x150.jpg 150w, https:\/\/www.lapluma.net\/wp-content\/uploads\/2019\/04\/Capture-Tuit-Freddy-Bernal.jpg 515w\" sizes=\"auto, (max-width: 488px) 100vw, 488px\" \/><\/p>\n<p style=\"text-align: justify;\"><span style=\"font-size: 12pt;\">Apago la grabadora, sin saber que la entrevista aun no culmina. Recorro visualmente el despacho y observo cuadros de Bol\u00edvar, Ch\u00e1vez y Nicol\u00e1s Maduro. A su escritorio vuelve su pistola, que es un elemento infaltable de su indumentaria cotidiana.<\/span><\/p>\n<p style=\"text-align: justify;\"><span style=\"font-size: 12pt;\">Mientras me brinda detalles espec\u00edficos sobre su mecanismo y el calibre de la munici\u00f3n que usa, fue imposible que no pensara en que ese hombre que me hablaba con aquella calma y hasta entusiasmo de su peligrosa labor, se ha convertido en la punta de lanza contra el paramilitarismo colombiano.<\/span><\/p>\n<p style=\"text-align: justify;\"><span style=\"font-size: 12pt;\">Las preguntas surgen solas y me empe\u00f1o en que sea mi memoria y no el grabador quien las registre.<\/span><\/p>\n<p style=\"text-align: justify;\"><span style=\"font-size: 12pt;\"><strong>\u2014\u00bfQui\u00e9n se encarga de su seguridad personal?<\/strong><\/span><\/p>\n<p style=\"text-align: justify;\"><span style=\"font-size: 12pt;\">Hace algunos a\u00f1os tuve el honor de conversar con el comandante Fidel Castro, que fue objeto de seiscientos atentados, ciento diez asumidos por la CIA. Yo le pregunt\u00e9 sobre qui\u00e9n era su jefe de seguridad. \u00c9l llam\u00f3 a un general como de sesenta a\u00f1os y luego llam\u00f3 a un mayor de cuarenta a\u00f1os. Uno ten\u00eda con \u00e9l cuarenta y dos a\u00f1os en su seguridad, el otro, veinte. De uno dijo que era muy viejo, y del otro dijo que era muy joven, por lo tanto su jefe de seguridad era \u00e9l mismo. Y me recomend\u00f3: \u201cFreddy, nunca dejes tu seguridad en manos de nadie\u201d. Desde ese momento, hace m\u00e1s de quince a\u00f1os, selecciono mis hombres, los entreno, los dirijo, los superviso. Yo mismo act\u00fao como mi propio jefe de seguridad.<\/span><\/p>\n<p style=\"text-align: justify;\"><span style=\"font-size: 12pt;\"><strong>\u2014\u00bfY no le teme a la muerte?, dije con un pie en el umbral y a riesgo de que el cumplimiento de su agenda frenase la respuesta.<\/strong><\/span><\/p>\n<p style=\"text-align: justify;\"><span style=\"font-size: 12pt;\">\u201cS\u00ed, claro. Qui\u00e9n no. El asunto es no dejar que eso te paralice. No hay mejor manera de enfrentar el peligro que chocar contra \u00e9l\u201d,\u00a0 me contesta meditativo mientras su asistente le informa, desde una respetuosa distancia, que su pr\u00f3xima reuni\u00f3n ya est\u00e1 a punto de comenzar.<\/span><\/p>\n<p style=\"text-align: justify;\"><strong><span style=\"font-size: 12pt;\">Jos\u00e9 Negr\u00f3n Valera<\/span><\/strong><\/p>\n<p><strong><span style=\"font-size: 12pt;\">Editado por <a href=\"http:\/\/www.lapluma.net\/nosotros\/editora\/\">Mar\u00eda Piedad Ossaba<\/a><\/span><\/strong><\/p>\n<p><strong><span style=\"font-size: 12pt;\">Fuente: <a href=\"https:\/\/mundo.sputniknews.com\/firmas\/201904291086969870-como-venezuela-capturo-a-necocli\/\">Sputnik<\/a>, 29 de abril de 2019<\/span><\/strong><\/p>\n<p>&nbsp;<\/p>\n","protected":false},"excerpt":{"rendered":"<p>Los paramilitares en la frontera son el ISIS de Am\u00e9rica Latina(&#8230;) Las bandas paramilitares son una especie de brazo armado de las propias fuerzas armadas de Colombia. <\/p>\n","protected":false},"author":510,"featured_media":8464,"comment_status":"open","ping_status":"open","sticky":false,"template":"","format":"standard","meta":{"_uf_show_specific_survey":0,"_uf_disable_surveys":false,"footnotes":""},"categories":[217],"tags":[4865,4866,4861,4867,3431,4863,4860,4864,4868],"coauthors":[4859],"class_list":["post-8749","post","type-post","status-publish","format-standard","has-post-thumbnail","hentry","category-abya-yala","tag-acuerdos-de-demovilizacion","tag-alvaro-uribe-velez-carlos-castano-jorge-40","tag-captura-wilfredo-de-jesus-torres-gomez","tag-el-sutil-encanto-de-la-inteligencia","tag-frontera-colombo-venezolana","tag-isis-de-america-latina","tag-operacion-policial-secreta","tag-paramilitarismo-en-colombia","tag-roberto-marrero-juan-guaido"],"translation":{"provider":"WPGlobus","version":"2.12.2","language":"fr","enabled_languages":["es","fr"],"languages":{"es":{"title":true,"content":true,"excerpt":true},"fr":{"title":false,"content":false,"excerpt":false}}},"_links":{"self":[{"href":"https:\/\/www.lapluma.net\/fr\/wp-json\/wp\/v2\/posts\/8749","targetHints":{"allow":["GET"]}}],"collection":[{"href":"https:\/\/www.lapluma.net\/fr\/wp-json\/wp\/v2\/posts"}],"about":[{"href":"https:\/\/www.lapluma.net\/fr\/wp-json\/wp\/v2\/types\/post"}],"author":[{"embeddable":true,"href":"https:\/\/www.lapluma.net\/fr\/wp-json\/wp\/v2\/users\/510"}],"replies":[{"embeddable":true,"href":"https:\/\/www.lapluma.net\/fr\/wp-json\/wp\/v2\/comments?post=8749"}],"version-history":[{"count":2,"href":"https:\/\/www.lapluma.net\/fr\/wp-json\/wp\/v2\/posts\/8749\/revisions"}],"predecessor-version":[{"id":8761,"href":"https:\/\/www.lapluma.net\/fr\/wp-json\/wp\/v2\/posts\/8749\/revisions\/8761"}],"wp:featuredmedia":[{"embeddable":true,"href":"https:\/\/www.lapluma.net\/fr\/wp-json\/wp\/v2\/media\/8464"}],"wp:attachment":[{"href":"https:\/\/www.lapluma.net\/fr\/wp-json\/wp\/v2\/media?parent=8749"}],"wp:term":[{"taxonomy":"category","embeddable":true,"href":"https:\/\/www.lapluma.net\/fr\/wp-json\/wp\/v2\/categories?post=8749"},{"taxonomy":"post_tag","embeddable":true,"href":"https:\/\/www.lapluma.net\/fr\/wp-json\/wp\/v2\/tags?post=8749"},{"taxonomy":"author","embeddable":true,"href":"https:\/\/www.lapluma.net\/fr\/wp-json\/wp\/v2\/coauthors?post=8749"}],"curies":[{"name":"wp","href":"https:\/\/api.w.org\/{rel}","templated":true}]}}