{"id":87448,"date":"2026-08-31T12:00:32","date_gmt":"2026-08-31T10:00:32","guid":{"rendered":"https:\/\/www.lapluma.net\/?p=87448"},"modified":"2026-08-31T13:47:54","modified_gmt":"2026-08-31T11:47:54","slug":"doctrina-expulsion-israel","status":"publish","type":"post","link":"https:\/\/www.lapluma.net\/fr\/2026\/08\/31\/doctrina-expulsion-israel\/","title":{"rendered":"El Israel arrogante ya no es el ni\u00f1o mimado de Occidente, y el mundo le da la espalda"},"content":{"rendered":"<p style=\"text-align: justify; padding-left: 40px;\"><em><strong><span style=\"font-size: 18pt;\">Israel cree que puede expulsar a los brit\u00e1nicos, humillar a los espa\u00f1oles y castigar al mundo entero sin sufrir represalias. Hasta ahora ten\u00eda raz\u00f3n. Pero se acerca el d\u00eda en que Israel tendr\u00e1 que abrir los ojos y descubrir que, en realidad, existe un mundo del que se ha apartado, al igual que este se ha apartado de \u00e9l, y que se enfrenta a una nueva realidad<\/span><\/strong><\/em><\/p>\n<p style=\"text-align: justify;\"><span style=\"font-size: 14pt;\">El Reino Unido est\u00e1 en vilo. Tras la expulsi\u00f3n de los Pa\u00edses Bajos y Espa\u00f1a del centro internacional de coordinaci\u00f3n para la Gaza de posguerra, en Kiryat Gat, Israel delibera ahora si expulsar tambi\u00e9n a los representantes brit\u00e1nicos.<\/span><\/p>\n<p style=\"text-align: justify;\"><span style=\"font-size: 14pt;\">La\u00a0<a href=\"https:\/\/www.haaretz.com\/israel-news\/2023-05-18\/ty-article-magazine\/.premium\/six-basic-facts-about-the-nakba-everyone-should-know\/00000188-2e5d-d6e4-ab9d-eefdb0fe0000\">Nakba<\/a>\u00a0brit\u00e1nica est\u00e1 en camino, y esto podr\u00eda haber sido para morirse de risa si no fuera porque la realidad subyacente no tiene manifiestamente ninguna gracia. Israel est\u00e1 imponiendo sanciones al mundo. S\u00ed, han o\u00eddo bien.<\/span><\/p>\n<p style=\"text-align: justify;\"><span style=\"font-size: 14pt;\">En vez de al rev\u00e9s. Un pa\u00eds acusado casi universalmente de genocidio y apartheid, un Estado al que hasta la fecha casi no se le ha impuesto ninguna sanci\u00f3n significativa,\u00a0<a href=\"https:\/\/www.haaretz.com\/israel-news\/israel-security\/2026-08-27\/ty-article\/.premium\/report-israel-considers-expelling-u-k-officials-from-gaza-coordination-center\/000001a0-41ba-d02f-a9ed-5dfb95e90000\">est\u00e1 castigando al mundo<\/a>. El acusado hace de fiscal.<\/span><\/p>\n<p style=\"text-align: justify;\"><span style=\"font-size: 14pt;\">Esto encaja perfectamente con la mentalidad israel\u00ed. El mundo tiene la culpa (del antisemitismo), as\u00ed que el mundo pagar\u00e1. Todo es por esos migrantes musulmanes: eso es lo que los medios y los pol\u00edticos no dejan de decirnos. Aqu\u00ed est\u00e1n en juego toda la megaloman\u00eda y toda la ceguera.<\/span><\/p>\n<p style=\"text-align: justify;\"><span style=\"font-size: 14pt;\">El centro internacional de coordinaci\u00f3n para Gaza es un organismo de escasa importancia. Est\u00e1 situado en la zona industrial de Kiryat Gat. Casi un a\u00f1o despu\u00e9s de su creaci\u00f3n, Gaza sigue hundida entre sus ruinas igual que antes. Israel contin\u00faa matando all\u00ed casi tanto como antes del alto el fuego. La expulsi\u00f3n de los delegados de Su Majestad no cambiar\u00e1 nada en Gaza. La cuesti\u00f3n es la arrogancia y\u00a0<em>jutzp\u00e1<\/em>\u00a0[<em>desfachatez<\/em>] de Israel.<\/span><\/p>\n<div class=\"captioned-image-container\" style=\"text-align: justify;\">\n<figure>\n<div class=\"image2-inset\">\n<p><span style=\"font-size: 14pt;\"><span style=\"font-size: 14pt;\"><picture><source srcset=\"https:\/\/substackcdn.com\/image\/fetch\/$s_!FC6a!,w_424,c_limit,f_webp,q_auto:good,fl_progressive:steep\/https%3A%2F%2Fsubstack-post-media.s3.amazonaws.com%2Fpublic%2Fimages%2F25229ac7-d1d5-4424-a0c2-98a1ecb65c28_900x601.webp 424w, https:\/\/substackcdn.com\/image\/fetch\/$s_!FC6a!,w_848,c_limit,f_webp,q_auto:good,fl_progressive:steep\/https%3A%2F%2Fsubstack-post-media.s3.amazonaws.com%2Fpublic%2Fimages%2F25229ac7-d1d5-4424-a0c2-98a1ecb65c28_900x601.webp 848w, https:\/\/substackcdn.com\/image\/fetch\/$s_!FC6a!,w_1272,c_limit,f_webp,q_auto:good,fl_progressive:steep\/https%3A%2F%2Fsubstack-post-media.s3.amazonaws.com%2Fpublic%2Fimages%2F25229ac7-d1d5-4424-a0c2-98a1ecb65c28_900x601.webp 1272w, https:\/\/substackcdn.com\/image\/fetch\/$s_!FC6a!,w_1456,c_limit,f_webp,q_auto:good,fl_progressive:steep\/https%3A%2F%2Fsubstack-post-media.s3.amazonaws.com%2Fpublic%2Fimages%2F25229ac7-d1d5-4424-a0c2-98a1ecb65c28_900x601.webp 1456w\" type=\"image\/webp\" sizes=\"100vw\" \/><\/picture><\/span><\/span><\/p>\n<figure style=\"width: 600px\" class=\"wp-caption aligncenter\"><img loading=\"lazy\" decoding=\"async\" class=\"sizing-normal\" title=\"El ministro de Finanzas israel\u00ed, Bezalel Smotrich, presenta un plan de construcci\u00f3n en la zona E1\" src=\"https:\/\/substackcdn.com\/image\/fetch\/$s_!FC6a!,w_1456,c_limit,f_auto,q_auto:good,fl_progressive:steep\/https%3A%2F%2Fsubstack-post-media.s3.amazonaws.com%2Fpublic%2Fimages%2F25229ac7-d1d5-4424-a0c2-98a1ecb65c28_900x601.webp\" sizes=\"auto, 100vw\" srcset=\"https:\/\/substackcdn.com\/image\/fetch\/$s_!FC6a!,w_424,c_limit,f_auto,q_auto:good,fl_progressive:steep\/https%3A%2F%2Fsubstack-post-media.s3.amazonaws.com%2Fpublic%2Fimages%2F25229ac7-d1d5-4424-a0c2-98a1ecb65c28_900x601.webp 424w, https:\/\/substackcdn.com\/image\/fetch\/$s_!FC6a!,w_848,c_limit,f_auto,q_auto:good,fl_progressive:steep\/https%3A%2F%2Fsubstack-post-media.s3.amazonaws.com%2Fpublic%2Fimages%2F25229ac7-d1d5-4424-a0c2-98a1ecb65c28_900x601.webp 848w, https:\/\/substackcdn.com\/image\/fetch\/$s_!FC6a!,w_1272,c_limit,f_auto,q_auto:good,fl_progressive:steep\/https%3A%2F%2Fsubstack-post-media.s3.amazonaws.com%2Fpublic%2Fimages%2F25229ac7-d1d5-4424-a0c2-98a1ecb65c28_900x601.webp 1272w, https:\/\/substackcdn.com\/image\/fetch\/$s_!FC6a!,w_1456,c_limit,f_auto,q_auto:good,fl_progressive:steep\/https%3A%2F%2Fsubstack-post-media.s3.amazonaws.com%2Fpublic%2Fimages%2F25229ac7-d1d5-4424-a0c2-98a1ecb65c28_900x601.webp 1456w\" alt=\"El ministro de Finanzas israel\u00ed, Bezalel Smotrich, presenta un plan de construcci\u00f3n en la zona E1\" width=\"600\" height=\"401\" data-attrs=\"{&quot;src&quot;:&quot;https:\/\/substack-post-media.s3.amazonaws.com\/public\/images\/25229ac7-d1d5-4424-a0c2-98a1ecb65c28_900x601.webp&quot;,&quot;srcNoWatermark&quot;:null,&quot;fullscreen&quot;:null,&quot;imageSize&quot;:null,&quot;height&quot;:601,&quot;width&quot;:900,&quot;resizeWidth&quot;:null,&quot;bytes&quot;:125670,&quot;alt&quot;:&quot;El ministro de Finanzas israel\u00ed, Bezalel Smotrich, presenta un plan de construcci\u00f3n en la zona E1&quot;,&quot;title&quot;:null,&quot;type&quot;:&quot;image\/webp&quot;,&quot;href&quot;:null,&quot;belowTheFold&quot;:true,&quot;topImage&quot;:false,&quot;internalRedirect&quot;:&quot;https:\/\/faustotounsi.substack.com\/i\/213428842?img=https%3A%2F%2Fsubstack-post-media.s3.amazonaws.com%2Fpublic%2Fimages%2F25229ac7-d1d5-4424-a0c2-98a1ecb65c28_900x601.webp&quot;,&quot;isProcessing&quot;:false,&quot;align&quot;:null,&quot;offset&quot;:false}\" \/><figcaption class=\"wp-caption-text\">El ministro de Finanzas israel\u00ed, Bezalel Smotrich, presenta un plan de construcci\u00f3n en la zona E1. Foto: Menahem Kahana\/AFP<\/figcaption><\/figure>\n<\/div><figcaption class=\"image-caption\"><\/figcaption><\/figure>\n<\/div>\n<p style=\"text-align: justify;\"><span style=\"font-size: 14pt;\">Mientras Europa delibera interminablemente sobre la construcci\u00f3n propuesta en la zona E1, que dividir\u00e1 Cisjordania en dos partes, Israel ya la est\u00e1 castigando.\u00a0<a href=\"https:\/\/www.haaretz.com\/west-bank\/2026-08-24\/ty-article\/.premium\/controversial-west-bank-e1-housing-tender-conducted-in-secret-violated-protocol\/000001a0-3241-d453-afbc-fe679fb70000\">La construcci\u00f3n ilegal en E1<\/a>\u00a0no es el problema. Las decenas de miles de hect\u00e1reas de las que los colonos se han apoderado en los dos \u00faltimos a\u00f1os no molestaron a Europa, pero Europa se ha fabricado ahora un espantap\u00e1jaros por el que est\u00e1 dispuesta a subirse a las barricadas.<\/span><\/p>\n<p style=\"text-align: justify;\"><span style=\"font-size: 14pt;\">Pero Cisjordania lleva mucho tiempo dividida y a\u00fan m\u00e1s tiempo anexionada de facto. Europa amenaza con imponer, como medida punitiva, sanciones a los productos originarios de los asentamientos jud\u00edos de Cisjordania, y el proyecto se enfrenta al derrumbe.<\/span><\/p>\n<p style=\"text-align: justify;\"><span style=\"font-size: 14pt;\">Ante este hueco y bochornoso ejercicio europeo de ret\u00f3rica, Israel se alza arrogante, exhibiendo su desconexi\u00f3n de la realidad del mundo exterior.<\/span><\/p>\n<p style=\"text-align: justify;\"><span style=\"font-size: 14pt;\">\u00abIsrael env\u00eda un mensaje a Europa: Gran Breta\u00f1a puede pagar un precio\u00bb, dec\u00eda un grotesco titular, que vale por mil testimonios del grado de desconexi\u00f3n y arrogancia.<\/span><\/p>\n<p style=\"text-align: justify;\"><span style=\"font-size: 14pt;\">Israel cree que puede expulsar a los brit\u00e1nicos, humillar a los espa\u00f1oles y castigar al mundo entero sin sufrir represalias. Hasta ahora ten\u00eda raz\u00f3n. Pero se acerca el d\u00eda en que Israel tendr\u00e1 que abrir los ojos y descubrir que, en realidad, existe un mundo exterior del que se ha apartado, al igual que este se ha apartado de \u00e9l, y que se enfrenta a una realidad nueva y desconocida.<\/span><\/p>\n<p style=\"text-align: justify;\"><span style=\"font-size: 14pt;\">Se acabaron los d\u00edas en que Israel era el ni\u00f1o mimado de Occidente y se le permit\u00eda todo. Expulsar a Gran Breta\u00f1a de Kiryat Gat para complacer a los votantes del Likud est\u00e1 muy bien, y el ministro de Exteriores Gideon Sa\u2019ar probablemente rebose de orgullo, pero la factura llegar\u00e1, aunque por alguna raz\u00f3n insondable tarde en hacerlo.<\/span><\/p>\n<p style=\"text-align: justify;\"><span style=\"font-size: 14pt;\">USA est\u00e1 cambiando, y Europa solo espera una luz verde del otro lado del Atl\u00e1ntico para ajustar cuentas con Israel, que desde hace d\u00e9cadas campa a sus anchas y hace lo que le viene en gana de una manera que ning\u00fan pa\u00eds que no sea una superpotencia mundial se permite.<\/span><\/p>\n<p style=\"text-align: justify;\"><span style=\"font-size: 14pt;\">Israel y el mundo se distancian. Israel presume de cometer cr\u00edmenes de guerra : es un activo electoral. Pero la idea de que Israel puede seguir mostrando arrogancia ante el mundo entero mientras contin\u00faa actuando como de costumbre es la idea m\u00e1s peligrosa para su futuro, mucho m\u00e1s que el dinero enviado a Ham\u00e1s o el programa nuclear iran\u00ed.<\/span><\/p>\n<p style=\"text-align: justify;\"><span style=\"font-size: 14pt;\">Desconectarse del mundo tendr\u00e1 un precio que cada israel\u00ed deber\u00e1 pagar. La mayor\u00eda de los gobiernos del mundo no quieren realmente romper relaciones con Israel y depositan sus esperanzas en el esperado cambio de gobierno como una salida (imaginaria) de este embrollo. Pero Israel no cambiar\u00e1, desde luego no lo suficiente, y el mundo tendr\u00e1 que cambiar su actitud hacia \u00e9l.<\/span><\/p>\n<p style=\"text-align: justify;\"><span style=\"font-size: 14pt;\">Un pa\u00eds que durante d\u00e9cadas ha ignorado todas las resoluciones aprobadas por la comunidad internacional y que, adem\u00e1s, expulsa a Europa de Kiryat Gat no ser\u00e1 absuelto.<\/span><\/p>\n<p style=\"text-align: justify;\"><span style=\"font-size: 14pt;\">Alg\u00fan d\u00eda, el mundo podr\u00e1 por fin entrar en la Franja de Gaza. Despu\u00e9s de contemplar sus horrores, ya no ser\u00e1 posible seguir guardando silencio respecto de Israel. La \u00abexpulsi\u00f3n\u00bb de Kiryat Gat tambi\u00e9n ser\u00e1 recordada en Londres.<\/span><\/p>\n<p><strong><span style=\"font-size: 14pt;\"><a href=\"https:\/\/www.haaretz.com\/ty-WRITER\/0000017f-da24-d249-ab7f-fbe4caac0000\">Gideon Levy<\/a>,\u00a0<a href=\"http:\/\/archive.today\/6NQzV\">Haaretz<\/a>, 29 de agosto de 2026<\/span><\/strong><\/p>\n<p><strong><span style=\"font-size: 14pt;\">Traducido por <a href=\"https:\/\/faustotounsi.substack.com\/p\/el-israel-arrogante-ya-no-es-el-nino\">Tlaxcala<\/a><\/span><\/strong><\/p>\n<p><strong><span style=\"font-size: 14pt;\"><a href=\"https:\/\/faustotounsi.substack.com\/p\/the-arrogant-israel-is-no-longer\">English<\/a>&#8211; <a href=\"https:\/\/faustotounsi.substack.com\/p\/larrogant-israel-nest-plus-le-chouchou\">Fran\u00e7ais\u00a0<\/a>&#8211;\u00a0<a href=\"https:\/\/tlaxcalaitaliano.substack.com\/p\/lisraele-arrogante-non-e-piu-il-beniamino\">Italiano<\/a>\u00a0\u2013\u00a0<\/span><a href=\"https:\/\/tlaxcaladeutsch.substack.com\/p\/das-arrogante-israel-ist-nicht-langer\"><span style=\"font-size: 14pt;\">Deutsch<\/span><\/a><\/strong><\/p>\n","protected":false},"excerpt":{"rendered":"<p>Israel cree que puede expulsar a los brit\u00e1nicos, humillar a los espa\u00f1oles y castigar al mundo entero sin sufrir represalias. Hasta ahora ten\u00eda raz\u00f3n. Pero se acerca el d\u00eda en que Israel tendr\u00e1 que abrir los ojos y descubrir que, en realidad, existe un mundo exterior del que se ha apartado, al igual que este se ha apartado de \u00e9l, y que se enfrenta a una realidad nueva y desconocida.<\/p>\n","protected":false},"author":54,"featured_media":87452,"comment_status":"open","ping_status":"open","sticky":false,"template":"","format":"standard","meta":{"_uf_show_specific_survey":0,"_uf_disable_surveys":false,"footnotes":""},"categories":[218,6],"tags":[24873,487,31477,30264,27702],"coauthors":[737],"class_list":["post-87448","post","type-post","status-publish","format-standard","has-post-thumbnail","hentry","category-mundo","category-politique","tag-genocidio-de-gaza","tag-gideon-levy","tag-israel-contra-el-mundo","tag-negasionismo","tag-sionihilismo"],"translation":{"provider":"WPGlobus","version":"2.12.2","language":"fr","enabled_languages":["es","fr"],"languages":{"es":{"title":true,"content":true,"excerpt":true},"fr":{"title":false,"content":false,"excerpt":false}}},"_links":{"self":[{"href":"https:\/\/www.lapluma.net\/fr\/wp-json\/wp\/v2\/posts\/87448","targetHints":{"allow":["GET"]}}],"collection":[{"href":"https:\/\/www.lapluma.net\/fr\/wp-json\/wp\/v2\/posts"}],"about":[{"href":"https:\/\/www.lapluma.net\/fr\/wp-json\/wp\/v2\/types\/post"}],"author":[{"embeddable":true,"href":"https:\/\/www.lapluma.net\/fr\/wp-json\/wp\/v2\/users\/54"}],"replies":[{"embeddable":true,"href":"https:\/\/www.lapluma.net\/fr\/wp-json\/wp\/v2\/comments?post=87448"}],"version-history":[{"count":5,"href":"https:\/\/www.lapluma.net\/fr\/wp-json\/wp\/v2\/posts\/87448\/revisions"}],"predecessor-version":[{"id":87455,"href":"https:\/\/www.lapluma.net\/fr\/wp-json\/wp\/v2\/posts\/87448\/revisions\/87455"}],"wp:featuredmedia":[{"embeddable":true,"href":"https:\/\/www.lapluma.net\/fr\/wp-json\/wp\/v2\/media\/87452"}],"wp:attachment":[{"href":"https:\/\/www.lapluma.net\/fr\/wp-json\/wp\/v2\/media?parent=87448"}],"wp:term":[{"taxonomy":"category","embeddable":true,"href":"https:\/\/www.lapluma.net\/fr\/wp-json\/wp\/v2\/categories?post=87448"},{"taxonomy":"post_tag","embeddable":true,"href":"https:\/\/www.lapluma.net\/fr\/wp-json\/wp\/v2\/tags?post=87448"},{"taxonomy":"author","embeddable":true,"href":"https:\/\/www.lapluma.net\/fr\/wp-json\/wp\/v2\/coauthors?post=87448"}],"curies":[{"name":"wp","href":"https:\/\/api.w.org\/{rel}","templated":true}]}}