{"id":8641,"date":"2019-04-26T19:09:41","date_gmt":"2019-04-26T19:09:41","guid":{"rendered":"http:\/\/www.lapluma.net\/?p=8641"},"modified":"2019-04-27T01:29:26","modified_gmt":"2019-04-27T01:29:26","slug":"francia-de-la-era-de-las-catedrales-a-la-de-la-indecencia-de-la-hpocresia-de-la-incompetencia","status":"publish","type":"post","link":"https:\/\/www.lapluma.net\/fr\/2019\/04\/26\/francia-de-la-era-de-las-catedrales-a-la-de-la-indecencia-de-la-hpocresia-de-la-incompetencia\/","title":{"rendered":"Apr\u00e8s le temps des cath\u00e9drales, celui de l\u2019ind\u00e9cence, de l\u2019hypocrisie et de l\u2019incomp\u00e9tence"},"content":{"rendered":"<p style=\"text-align: justify;\"><span style=\"font-size: 12pt;\"><img loading=\"lazy\" decoding=\"async\" class=\"alignleft\" src=\"http:\/\/tlaxcala-int.org\/upload\/aut_2143.jpg\" width=\"113\" height=\"113\" border=\"0\" \/>Une cath\u00e9drale a br\u00fbl\u00e9. L\u2019une des plus belles, sur l\u2019\u00eele de la Cit\u00e9, c\u0153ur ancestral de Paris\u00a0; l\u2019une des plus imposantes, \u00e9rig\u00e9e au Moyen-\u00c2ge central, sur pr\u00e8s de deux si\u00e8cles (probablement entre 1163, sous Louis\u00a0VII Le Pieux, et 1345)\u00a0; l\u2019une des plus grandioses, construite gr\u00e2ce aux talents de g\u00e9n\u00e9rations d\u2019architectes du nouvel art gothique et aux mains d\u2019or d\u2019une foule d\u2019artisans et d\u2019ouvriers des m\u00e9tiers traditionnels, puis \u00e0 celles de compagnons du devoir qui la restaur\u00e8rent au XIXe\u00a0si\u00e8cle apr\u00e8s que le g\u00e9nie de Victor Hugo \u2013\u00a0le m\u00eame qui c\u00e9l\u00e9bra les sans-culottes et qui ouvrit sa porte aux communards \u2013 ait ranim\u00e9 l\u2019attachement populaire pour ce chef-d\u2019\u0153uvre. C\u2019est le monument le plus visit\u00e9 d\u2019Europe\u00a0: 20\u00a0millions de personnes se pressent sur son parvis et 13 millions y p\u00e9n\u00e8trent chaque ann\u00e9e. Mais ses combles s\u2019enflamm\u00e8rent et le feu d\u00e9vora sur 100 m\u00e8tres la \u00ab\u00a0for\u00eat\u00a0\u00bb des 1\u00a0300 ch\u00eanes de sa charpente, ses tuiles de plomb et sa grande fl\u00e8che.<\/span><\/p>\n<p align=\"center\"><img loading=\"lazy\" decoding=\"async\" src=\"http:\/\/tlaxcala-int.org\/upload\/graphistes\/g_3386.jpg\" alt=\"\" width=\"500\" height=\"553\" \/><\/p>\n<p align=\"center\"><strong>Le Canadair est enfin arriv\u00e9\u00a0!<\/strong><\/p>\n<p style=\"text-align: justify;\"><span style=\"font-size: 12pt;\">Les braises de l\u2019incendie n\u2019\u00e9taient pas \u00e9teintes par nos sapeurs-pompiers que les milliardaires, tels des nuisibles d\u00e9busqu\u00e9s et enfum\u00e9s, avaient d\u00e9j\u00e0 d\u00e9gain\u00e9 leurs portefeuilles boursoufl\u00e9s. Les \u00ab\u00a0premiers de cord\u00e9e\u00a0\u00bb jouaient des coudes afin de se payer un joli\u00a0\u00ab\u00a0coup de publicit\u00e9\u00a0\u00bb et, pour celles et ceux qui ont la foi, un billet en tribune d\u2019honneur et loge priv\u00e9e pour le paradis. Les dons afflu\u00e8rent en une qu\u00eate obsc\u00e8ne. Les ench\u00e8res s\u2019envol\u00e8rent dans la salle des ventes du spirituel. Oyez, oyez, braves gens, prosternez-vous aux pieds de vos seigneurs, rendez gr\u00e2ce \u00e0 leur bont\u00e9, remerciez-les pour leur g\u00e9n\u00e9rosit\u00e9 et ralliez-vous \u00e0 la banni\u00e8re de l\u2019unit\u00e9 nationale\u00a0!<\/span><\/p>\n<p style=\"text-align: justify;\"><span style=\"font-size: 12pt;\">R\u00e9pugnante ind\u00e9cence dans leur monde o\u00f9 tout est marchandise et communication, o\u00f9 tout se mon\u00e9tise, s\u2019ach\u00e8te, se vend, se rach\u00e8te, se revend, s\u2019avilit, se corrompt, se prostitue, pue le fric\u00a0!<\/span><\/p>\n<p><img loading=\"lazy\" decoding=\"async\" class=\"shrinkToFit aligncenter\" src=\"http:\/\/tlaxcala-int.org\/upload\/gal_20184.jpg\" alt=\"http:\/\/tlaxcala-int.org\/upload\/gal_20184.jpg\" width=\"620\" height=\"584\" \/><\/p>\n<p style=\"text-align: justify;\"><span style=\"font-size: 12pt;\">\u00c0 ma droite, 10 millions d\u2019euros offerts par les fr\u00e8res Martin et Olivier Bouygues,\u00a0les ma\u00eetres du b\u00e2timent, de TF1, des t\u00e9l\u00e9coms (et jusqu\u2019au p\u00e9trole canadien et au gaz off-shore ivoirien), via leur holding familiale SCDM. Les deux touchent plus de 100 millions de dividendes par an, ont eu un coup de c\u0153ur pour le Ch\u00e2teau Montrose dans le M\u00e9doc (achet\u00e9 130 millions d\u2019euros) et souhaiteraient se dessaisir de leur yacht de 62 m\u00e8tres pour le \u00ab\u00a0prix malin\u00a0\u00bb de 59,95 millions. L\u2019empire Bouygues, c\u2019est 33 milliards d\u2019euros de chiffre d\u2019affaires et plus de 115\u00a0000 salari\u00e9s.<\/span><\/p>\n<p style=\"text-align: justify;\"><span style=\"font-size: 12pt;\">Par ici, 10 millions d\u2019euros de Marc Ladreit de Lacharri\u00e8re, propri\u00e9taire de la soci\u00e9t\u00e9 financi\u00e8re Fimalac, pour \u00ab\u00a0l\u2019effort national de reconstruction\u00a0\u00bb et \u00ab\u00a0la fl\u00e8che, symbole de la cath\u00e9drale\u00a0\u00bb.<\/span><\/p>\n<p style=\"text-align: justify;\"><span style=\"font-size: 12pt;\">L\u2019important, \u00e0 ce jeu-l\u00e0, c\u2019est que les ench\u00e9risseurs se montrent, soient vus et tiennent leur rang. Alors, le marteau scellant tout transfert de propri\u00e9t\u00e9 en main, le commissaire-priseur continue.<\/span><\/p>\n<p style=\"text-align: justify;\"><span style=\"font-size: 12pt;\">Cent millions d\u2019euros offerts par la famille Pinault via le groupe Kering (anciennement Pinault-Printemps-Redoute) de la holding Artemis. La fortune de Fran\u00e7ois Pinault, pr\u00e9sent notamment dans le luxe, la culture et la distribution, propri\u00e9taire de Ch\u00e2teau-Latour, d\u2019Yves-Saint-Laurent et de Christie\u2019s, entre autres, d\u00e9passe les 30 milliards d\u2019euros. Elle a plus que doubl\u00e9 depuis l\u2019arriv\u00e9e au pouvoir d\u2019Emmanuel Macron et correspond \u00e0 310 fois la valeur de la donation&#8230;<\/span><\/p>\n<p style=\"text-align: justify;\"><span style=\"font-size: 12pt;\">Qui dit mieux\u00a0? De ce c\u00f4t\u00e9-l\u00e0, la famille Bettencourt-Meyers fait don de 200 millions d\u2019euros\u00a0! Ce qui repr\u00e9sente 0,2\u00a0% de la capitalisation boursi\u00e8re de la soci\u00e9t\u00e9 L\u2019Or\u00e9al, la soci\u00e9t\u00e9 (fond\u00e9e par un collaborateur sous l\u2019Occupation) actuel num\u00e9ro\u00a0un mondial des produits cosm\u00e9tiques et dont Madame Fran\u00e7oise Bettencourt-Meyers est h\u00e9riti\u00e8re. \u00c0 votre bon c\u0153ur, Messieurs-dames\u00a0!<\/span><\/p>\n<p style=\"text-align: justify;\"><span style=\"font-size: 12pt;\">Et encore 200 millions d\u2019euros mis dans la corbeille par la famille Arnault, qui\u00a0mobilisera, pour \u00ab\u00a0aider \u00e0 la reconstruction\u00a0\u00bb, ses \u00ab\u00a0\u00e9quipes cr\u00e9atives, architecturales et financi\u00e8res\u00a0\u00bb\u00a0! Bernard Arnault, \u00e0 la t\u00eate du premier groupe mondial du luxe, LVMH, \u00e9galement actif dans la grande distribution, la finance et la presse, est l\u2019homme le plus riche de France. Ce don de 200 millions, c\u2019est \u00e0 peine 0,25\u00a0% de sa fortune, estim\u00e9e \u00e0 73,2 milliards d\u2019euros (contre 46,9 il y a un an).<\/span><\/p>\n<p style=\"text-align: justify;\"><span style=\"font-size: 12pt;\">Ils ont tous et toutes \u00e9t\u00e9, rapporte-t-on, sinc\u00e8rement \u00e9mus et affect\u00e9s par la terrible trag\u00e9die. Certains en ont \u00e9t\u00e9 pris aux tripes, certaines en auraient m\u00eame pleur\u00e9. Que d\u2019\u00e2mes charitables\u00a0!<\/span><\/p>\n<p style=\"text-align: justify;\"><span style=\"font-size: 12pt;\">Et n\u2019oublions pas les personnes morales qui ont accouru et spontan\u00e9ment port\u00e9 secours sit\u00f4t le drame appris. Bref \u00e9cran publicitaire\u00a0: le groupe informatique CapGemini (un million d\u2019euros de don), La Fran\u00e7aise des Jeux r\u00e9cemment privatis\u00e9e et d\u00e9j\u00e0 g\u00e9n\u00e9reuse (2 millions d\u2019euros [pour le loto de P\u00e2ques\u00a0!), la banque Cr\u00e9dit agricole (5 millions), le laboratoire pharmaceutique Sanofi (10 millions), comme la banque Soci\u00e9t\u00e9 G\u00e9n\u00e9rale et l\u2019assureur Axa, BNP Paribas et son bilan de 2\u00a0000\u00a0milliards d\u2019euros, soit deux fois les d\u00e9penses des administrations publiques du pays (20 millions), autant que le groupe de publicit\u00e9 JCDecaux, le p\u00e9trolier Total et ses 209 milliards de chiffre d\u2019affaires \u2013\u00a0mais qui n\u2019a pay\u00e9 aucun imp\u00f4t entre 2009 et 2014\u00a0\u2013 (100 millions)\u2026<\/span><\/p>\n<p style=\"text-align: justify;\"><span style=\"font-size: 12pt;\">Puisqu\u2019il s\u2019agit avant tout d\u2019appara\u00eetre sur la belle photographie de famille capitaliste, d\u2019autres ont formul\u00e9 des \u00ab\u00a0promesses de don\u00a0\u00bb sans en pr\u00e9ciser le montant\u00a0: le groupe de travaux publics Vinci, le fabricant de pneumatiques Michelin, le sp\u00e9cialiste des gaz industriels Air Liquide\u2026 Ils sont tous l\u00e0\u00a0! Le Medef lui-m\u00eame a appel\u00e9 tous les entrepreneurs \u00e0 participer \u00e0 la collecte.<\/span><\/p>\n<p style=\"text-align: justify;\"><span style=\"font-size: 12pt;\">Gestes si touchants\u00a0: la compagnie d\u2019assurance Groupama fera cadeau de ch\u00eanes de ses for\u00eats priv\u00e9es pour la nouvelle charpente (au cas o\u00f9 elle serait en bois), le sid\u00e9rurgiste ArcelorMittal de l\u2019acier pour consolider le b\u00e2timent, le groupe Saint-Gobain des mat\u00e9riaux de construction, la compagnie a\u00e9rienne Air France le transport gratuit des acteurs officiels qui participeront \u00e0 la \u00ab\u00a0reconstruction\u00a0\u00bb. Et Ch\u00e2teau-Mouton-Rothschild\u00a0? Le produit de la vente de coffrets de vin\u2026<\/span><\/p>\n<p style=\"text-align: justify;\"><span style=\"font-size: 12pt;\">Et la Ligue de football professionnel fran\u00e7ais. Et le roi de Krindjabo du royaume de Sanwi (C\u00f4te d\u2019Ivoire). Et Apple, et le fonds d\u2019investissement US KKR, et l\u2019association French Heritage Society de New York, l\u2019University of Notre Dame de l\u2019Indiana\u2026 Pour s\u00fbr, Walt Disney (qui a gagn\u00e9 300 millions de dollars de recettes avec son <i>Bossu de Notre-Dame<\/i>)\u2026 \u00c7a se bouscule au portillon.<\/span><\/p>\n<p style=\"text-align: justify;\"><span style=\"font-size: 12pt;\">Ne manquait au tableau qu\u2019Ubisoft, l\u2019\u00e9diteur de jeux vid\u00e9o originaire du Morbihan, qui annon\u00e7a un don d\u2019un petit demi-million d\u2019euros (seulement) pour la reconstruction, mais avec en prime, pour f\u00eater \u00e0 sa fa\u00e7on la Semaine sainte, une offre de t\u00e9l\u00e9chargement gratuit de son embl\u00e9matique jeu <i>Assassin\u2019s Creed Unity<\/i> \u2013\u00a0permettant une visite virtuelle et aventureuse de Notre-Dame\u2026<\/span><\/p>\n<p>\u00a0<img loading=\"lazy\" decoding=\"async\" class=\"aligncenter\" src=\"http:\/\/www.tlaxcala-int.org\/upload\/gal_20182.jpg\" alt=\"\" width=\"534\" height=\"555\" \/><\/p>\n<p style=\"text-align: justify;\"><span style=\"font-size: 12pt;\">Un milliard d\u2019euros d\u00e9bloqu\u00e9s en 48 heures \u2013\u00a0plus un jeu vid\u00e9o gratuit\u00a0\u2013, c\u2019est No\u00ebl \u00e0 P\u00e2ques\u00a0! N\u2019en jetez plus, la coupe est pleine\u00a0! Il valait mieux\u00a0: le Vatican, pourtant riche comme Cr\u00e9sus et pingre comme Harpagon, gardera, semble-t-il, sa bourse bien ferm\u00e9e\u2026 Mais s\u2019est d\u00e9clar\u00e9 pr\u00eat \u00e0 mettre \u00e0 disposition \u00ab\u00a0ses conseils techniques\u00a0\u00bb et \u00ab\u00a0son savoir-faire mondialement reconnu\u00a0\u00bb.<\/span><\/p>\n<p style=\"text-align: justify;\"><span style=\"font-size: 12pt;\">\u00c0 l\u2019exhibitionnisme des nantis et des puissants sont venues s\u2019ajouter l\u2019\u00e9c\u0153urante hypocrisie et l\u2019incomp\u00e9tence crasse des gouvernants qu\u2019ils nous ont choisis. Car cette orgie de bienfaisance est organis\u00e9e dans les arcanes d\u2019un \u00c9tat qui tol\u00e8re les plus odieuses rapines et incivilit\u00e9s, depuis l\u2019\u00e9vasion fiscale \u2013\u00a0pudiquement qualifi\u00e9e d\u2019\u00ab\u00a0optimisation\u00a0\u00bb, et qui nourrit tant d\u2019experts\u00a0\u2013 jusqu\u2019\u00e0 la fraude \u00e0 grande \u00e9chelle. Quelles qu\u2019en soient les estimations, m\u00eame les plus basses, les montants concern\u00e9s par la fraude fiscale, qui sont autant d\u2019insultes \u00e0 la nation et de recettes faisant d\u00e9faut \u00e0 l\u2019\u00c9tat, suffiraient all\u00e8grement \u00e0 couvrir les d\u00e9ficits publics, y compris locaux.<\/span><\/p>\n<p style=\"text-align: justify;\"><span style=\"font-size: 12pt;\">Comme si cela ne suffisait pas, voil\u00e0 que tous les sauveurs miraculeux de Notre-Dame pourront sur demande b\u00e9n\u00e9ficier d\u2019avantageuses r\u00e9ductions d\u2019imp\u00f4ts \u2013\u00a0tout au moins pour ceux qui ont consenti \u00e0 en payer en France. Depuis une loi relative au financement des activit\u00e9s culturelles de 2003 (dite \u00ab\u00a0loi Aillagon\u00a0\u00bb, du nom du ministre de la Culture du gouvernement Raffarin \u00e0 l\u2019\u00e9poque du pr\u00e9sident Jacques Chirac), les soci\u00e9t\u00e9s peuvent d\u00e9duire 60\u00a0% de leurs d\u00e9penses en faveur du m\u00e9c\u00e9nat, avec possibilit\u00e9 d\u2019\u00e9chelonnement de d\u00e9duction fiscale sur plusieurs ann\u00e9es.<\/span><\/p>\n<p style=\"text-align: justify;\"><span style=\"font-size: 12pt;\">La r\u00e9duction fiscale peut m\u00eame atteindre 90\u00a0% (dans la limite de la moiti\u00e9 de l\u2019imp\u00f4t d\u00fb) quand le don concerne l\u2019achat d\u2019un bien culturel consid\u00e9r\u00e9 comme \u00ab\u00a0un tr\u00e9sor national\u00a0\u00bb ou pr\u00e9sentant \u00ab\u00a0un int\u00e9r\u00eat majeur pour le patrimoine national\u00a0\u00bb. En clair, l\u2019entreprise m\u00e9c\u00e8ne, investissant sur le march\u00e9 de l\u2019art, ne contribuerait plus dans ces conditions qu\u2019\u00e0 hauteur de 10\u00a0% de ses dons.<\/span><\/p>\n<p style=\"text-align: justify;\"><span style=\"font-size: 12pt;\">En principe, cette mesure de r\u00e9duction de 90\u00a0% ne s\u2019applique pas au cas de la \u00ab\u00a0reconstruction de Notre-Dame\u00a0\u00bb. Pourtant, alors que la cath\u00e9drale \u00e9tait encore en proie aux flammes, il s\u2019est trouv\u00e9 des voix pour r\u00e9clamer un geste incitatif de l\u2019\u00c9tat. Apr\u00e8s tout, Notre-Dame n\u2019est-elle pas un \u00ab\u00a0tr\u00e9sor national\u00a0\u00bb\u00a0? C\u2019est ce qu\u2019a os\u00e9 demander, par exemple, l\u2019auteur de la loi en question, l\u2019ex-ministre Jean-Jacques Aillagon \u2013 qui s\u2019est aujourd\u2019hui reconverti et est devenu le conseiller de Monsieur Fran\u00e7ois Pinault, collectionneur d\u2019\u0153uvres d\u2019art devant l\u2019\u00e9ternel, afin de l\u2019\u00e9clairer dans ses judicieux placements. C\u2019est sans doute pur hasard\u00a0! Ces gens sont sans vergogne, mais ils ont des scrupules\u00a0: Aillagon revint sur sa proposition et Pinault, outr\u00e9 qu\u2019on le soup\u00e7onn\u00e2t de vouloir gagner de l\u2019argent en en donnant, renon\u00e7a vite \u00e0 sa d\u00e9duction fiscale. Qui l\u2019imitera\u00a0?<\/span><\/p>\n<p style=\"text-align: justify;\"><span style=\"font-size: 12pt;\">Incomp\u00e9tence, enfin, affligeante, d\u2019un pr\u00e9sident de la R\u00e9publique et de son gouvernement. Sans ne rien n\u2019y conna\u00eetre, sans qu\u2019aucune expertise technique n\u2019ait encore \u00e9t\u00e9 rendue ni la moindre consultation r\u00e9alis\u00e9e, le com\u00e9dien Emmanuel Macron a d\u00e9clam\u00e9\u00a0: \u00ab\u00a0Nous reb\u00e2tirons la cath\u00e9drale plus belle encore et je veux que ce soit achev\u00e9 d\u2019ici cinq ann\u00e9es\u00a0\u00bb. Or, la seule \u00e9valuation des d\u00e9g\u00e2ts exigera beaucoup de temps quand on comprend que c\u2019est la totalit\u00e9 de la toiture couvrant la nef, le ch\u0153ur et le transept de la cath\u00e9drale Notre-Dame qui a \u00e9t\u00e9 ravag\u00e9e, que certaines des vo\u00fbtes du plafond menacent de s\u2019\u00e9crouler, que la structure d\u2019ensemble de l\u2019\u00e9difice (tours comprises) a \u00e9t\u00e9 fragilis\u00e9e par le d\u00e9versement de tonnes d\u2019eau, que les pierres de taille elles-m\u00eames ont peut-\u00eatre \u00e9t\u00e9 endommag\u00e9es par la chaleur de l\u2019incendie\u2026 Pourquoi ne pas d\u00e9truire davantage le droit du travail pour faire besogner nuit et jour ceux qui s\u2019attelleront \u00e0 \u00ab\u00a0reb\u00e2tir\u00a0\u00bb\u00a0?<\/span><\/p>\n<p style=\"text-align: justify;\"><span style=\"font-size: 12pt;\">Cinq ans, cela m\u00e8nera juste en 2024, c\u2019est-\u00e0-dire \u00e0 l\u2019organisation des Jeux Olympiques \u00e0 Paris. Serait-ce l\u00e0 l\u2019objectif cach\u00e9\u00a0? Ce serait tellement m\u00e9diocre\u00a0! Quel rapport entre Notre-Dame et une comp\u00e9tition de sport, si fameuse soit-elle\u00a0? L\u2019acteur-pr\u00e9sident s\u2019est montr\u00e9 r\u00e9solu, nommant sur-le-champ un \u00ab\u00a0Monsieur Reconstruction\u00a0\u00bb. Un architecte\u00a0? Quelle dr\u00f4le d\u2019id\u00e9e\u00a0! Un restaurateur de monuments historiques\u00a0? \u00c0 quoi bon\u00a0! Un historien de l\u2019art\u00a0? Nenni\u00a0! Il lui fallait un militaire pour \u00ab\u00a0reconstruire\u00a0\u00bb Notre-Dame \u2013\u00a0tout comme ceux qu\u2019ils envoient contre les gilets jaunes\u00a0\u2013\u00a0; un g\u00e9n\u00e9ral d\u2019arm\u00e9e, en la personne de Jean-Louis Georgelin, dont les prouesses artistiques ont consist\u00e9 jadis \u00e0 servir chez les parachutistes, \u00e0 passer par l\u2019\u00e9cole de formation de l\u2019U.S. Army Command and General Staff College du Kansas et \u00e0 participer \u00e0 la force de stabilisation en Bosnie-Herz\u00e9govine. Retour \u00e0 l\u2019alliance du sabre et du goupillon, comme au bon vieux temps\u00a0!<\/span><\/p>\n<p><img decoding=\"async\" class=\"aligncenter\" src=\"http:\/\/tlaxcala-int.org\/upload\/gal_20186.jpg\" alt=\"http:\/\/tlaxcala-int.org\/upload\/gal_20186.jpg\" \/><\/p>\n<p style=\"text-align: justify;\"><span style=\"font-size: 12pt;\">Sous les regards malicieux des apotropa\u00efques gargouilles vomissant les vices hors de l\u2019\u00c9glise, les gueules des exploiteurs, des fraudeurs, des pollueurs, des usuriers ont r\u00e9gurgit\u00e9 leurs profits. En un claquement de doigts, quelques liasses de billets auront suffi \u00e0 une poign\u00e9e de rois priv\u00e9s, fortunes de France friandes de niches fiscales, pour jeter sur la table du banquet l\u2019\u00e9quivalent de plus de trois fois l\u2019enveloppe budg\u00e9taire que l\u2019\u00c9tat consacre annuellement \u00e0 la restauration des monuments du patrimoine (300 millions d\u2019euros). Un budget du patrimoine lamentablement d\u00e9laiss\u00e9 depuis des d\u00e9cennies, abandonn\u00e9 \u00e0 telle loterie populaire, \u00e0 telles bonnes \u0153uvres de milliardaires philanthropes. Faudra-t-il donc que br\u00fble aussi le Louvre pour qu\u2019enfin l\u2019\u00c9tat (propri\u00e9taire de Notre-Dame et des \u0153uvres d\u2019art se trouvant \u00e0 l\u2019int\u00e9rieur) rappelle qu\u2019il existe\u00a0?<\/span><\/p>\n<p style=\"text-align: justify;\"><span style=\"font-size: 12pt;\">Et voil\u00e0 que subitement, comme par l\u2019op\u00e9ration du Saint-Esprit, les capitalistes qui d\u00e9molissent le pays et creusent les in\u00e9galit\u00e9s sociales, se m\u00e9tamorphosent en \u00ab\u00a0b\u00e2tisseurs\u00a0\u00bb de cath\u00e9drale et en garants de l\u2019\u00ab\u00a0unit\u00e9 nationale\u00a0\u00bb. \u00ab\u00a0Le mal que font les bons est le plus nuisible des maux\u00a0\u00bb, a pu \u00e9crire l\u2019auteur de <i>Zarathoustra<\/i>. Tout \u00e7a risque fort de se terminer bien mal. Peut-\u00eatre m\u00eame avant que le monument r\u00e9-ouvre aux p\u00e8lerins et touristes son Portail du Jugement dernier. La\u00a0Grande Jacquerie de 1358 \u00e9clata si peu de temps apr\u00e8s l\u2019inauguration de Notre-Dame\u2026<\/span><\/p>\n<p style=\"text-align: justify;\"><span style=\"font-size: 12pt;\">Il y a fort longtemps (au Ier si\u00e8cle, tout d\u00e9but de l\u2019\u00e8re chr\u00e9tienne, c\u2019est ce que para\u00eet indiquer le \u00ab\u00a0pilier des Nautes\u00a0\u00bb retrouv\u00e9 en 1711 dans les fondations de l\u2019autel de Notre-Dame), un temple pa\u00efen gallo-romain, d\u2019ampleur impressionnante pour l\u2019\u00e9poque, s\u2019\u00e9levait \u00e0 l\u2019emplacement exact de la cath\u00e9drale actuelle. Ce temple \u00e9tait d\u00e9di\u00e9 \u00e0 Jupiter, dont Emmanuel Macron pense \u00eatre un descendant direct. En annon\u00e7ant qu\u2019il va \u00ab\u00a0reb\u00e2tir\u00a0\u00bb Notre-Dame, le pr\u00e9sident jupit\u00e9rien veut marquer son si\u00e8cle\u00a0; il en fait une affaire personnelle. Entre les deux bras de Seine, il se croit chez lui. Pire\u00a0: au point d\u2019orgue du calendrier liturgique, en cette Semaine pascale si particuli\u00e8re, notre satyre national se prend aussi pour le fils de Marie \u2013\u00a0qui vainquit la mort et ressuscita la vie. On ne \u00ab\u00a0reconstruira\u00a0\u00bb pas Notre-Dame\u00a0; on ne fera que la restaurer, que r\u00e9parer les d\u00e9g\u00e2ts. Car la plus admir\u00e9e des 93 cath\u00e9drales de France, qui avait r\u00e9sist\u00e9 aux vicissitudes des 856 derni\u00e8res ann\u00e9es, fut, sous son petit r\u00e8gne, d\u00e9finitivement perdue. C\u2019est ce que n\u2019est toujours pas parvenu \u00e0 comprendre celui qui restera dans l\u2019histoire comme le grouillot des marchands du temple.<\/span><\/p>\n<p><img loading=\"lazy\" decoding=\"async\" class=\"aligncenter\" src=\"http:\/\/www.tlaxcala-int.org\/upload\/gal_20183.jpg\" alt=\"\" width=\"600\" height=\"399\" \/><\/p>\n<p><span style=\"font-size: 12pt;\"><strong><span class=\"auteur\">R\u00e9my Herrera<\/span><\/strong><\/span><\/p>\n<p><span style=\"font-size: 12pt;\"><strong>Source: <a href=\"http:\/\/tlaxcala-int.org\/article.asp?reference=25903\">Tlaxcala<\/a>, le 25 avril 2019<\/strong><\/span><\/p>\n<p>&nbsp;<\/p>\n<p>&nbsp;<\/p>\n<p>&nbsp;<\/p>\n","protected":false},"excerpt":{"rendered":"<p>R\u00e9pugnante ind\u00e9cence dans leur monde o\u00f9 tout est marchandise et communication, o\u00f9 tout se mon\u00e9tise, s\u2019ach\u00e8te, se vend, se rach\u00e8te, se revend, s\u2019avilit, se corrompt, se prostitue, pue le fric !<\/p>\n","protected":false},"author":241,"featured_media":8351,"comment_status":"open","ping_status":"open","sticky":false,"template":"","format":"standard","meta":{"_uf_show_specific_survey":0,"_uf_disable_surveys":false,"footnotes":""},"categories":[218],"tags":[4813,438,334,4620,4625,1792,1609,4804,2066],"coauthors":[2064],"class_list":["post-8641","post","type-post","status-publish","format-standard","has-post-thumbnail","hentry","category-monde","tag-deductions-fiscales","tag-douce-france","tag-dulce-francia","tag-incendie-de-notre-dame","tag-incendio-de-notre-dame","tag-macronia","tag-macronie","tag-oligarcas-franceses","tag-remy-herrera"],"translation":{"provider":"WPGlobus","version":"2.12.2","language":"fr","enabled_languages":["es","fr"],"languages":{"es":{"title":true,"content":true,"excerpt":true},"fr":{"title":true,"content":true,"excerpt":true}}},"_links":{"self":[{"href":"https:\/\/www.lapluma.net\/fr\/wp-json\/wp\/v2\/posts\/8641","targetHints":{"allow":["GET"]}}],"collection":[{"href":"https:\/\/www.lapluma.net\/fr\/wp-json\/wp\/v2\/posts"}],"about":[{"href":"https:\/\/www.lapluma.net\/fr\/wp-json\/wp\/v2\/types\/post"}],"author":[{"embeddable":true,"href":"https:\/\/www.lapluma.net\/fr\/wp-json\/wp\/v2\/users\/241"}],"replies":[{"embeddable":true,"href":"https:\/\/www.lapluma.net\/fr\/wp-json\/wp\/v2\/comments?post=8641"}],"version-history":[{"count":3,"href":"https:\/\/www.lapluma.net\/fr\/wp-json\/wp\/v2\/posts\/8641\/revisions"}],"predecessor-version":[{"id":8663,"href":"https:\/\/www.lapluma.net\/fr\/wp-json\/wp\/v2\/posts\/8641\/revisions\/8663"}],"wp:featuredmedia":[{"embeddable":true,"href":"https:\/\/www.lapluma.net\/fr\/wp-json\/wp\/v2\/media\/8351"}],"wp:attachment":[{"href":"https:\/\/www.lapluma.net\/fr\/wp-json\/wp\/v2\/media?parent=8641"}],"wp:term":[{"taxonomy":"category","embeddable":true,"href":"https:\/\/www.lapluma.net\/fr\/wp-json\/wp\/v2\/categories?post=8641"},{"taxonomy":"post_tag","embeddable":true,"href":"https:\/\/www.lapluma.net\/fr\/wp-json\/wp\/v2\/tags?post=8641"},{"taxonomy":"author","embeddable":true,"href":"https:\/\/www.lapluma.net\/fr\/wp-json\/wp\/v2\/coauthors?post=8641"}],"curies":[{"name":"wp","href":"https:\/\/api.w.org\/{rel}","templated":true}]}}