{"id":85690,"date":"2026-04-06T10:35:10","date_gmt":"2026-04-06T10:35:10","guid":{"rendered":"https:\/\/www.lapluma.net\/?p=85690"},"modified":"2026-04-08T13:02:54","modified_gmt":"2026-04-08T13:02:54","slug":"85690","status":"publish","type":"post","link":"https:\/\/www.lapluma.net\/fr\/2026\/04\/06\/85690\/","title":{"rendered":"El final del \u201ccorto siglo XX\u201d"},"content":{"rendered":"<p style=\"text-align: justify;\"><span style=\"font-size: 14pt;\">El <em>\u201clargo siglo XIX\u201d<\/em> consolid\u00f3 la era del capitalismo. El <em>\u201ccorto siglo XX\u201d<\/em> la hegemon\u00eda de EE.UU. En el siglo XXI avanza un mundo multipolar y asciende el <em>\u201cTercer Mundo\u201d<\/em> \u00bfSe crean condiciones para levantar el latinoamericanismo hist\u00f3rico?<\/span><\/p>\n<p style=\"text-align: justify;\"><span style=\"font-size: 14pt;\">El historiador marxista brit\u00e1nico <a href=\"https:\/\/es.wikipedia.org\/wiki\/Eric_Hobsbawm\">Eric Hobsbawm (1917-2012)<\/a> en su <em><a href=\"https:\/\/es.wikipedia.org\/wiki\/Historia_del_siglo_XX_(libro)\">\u2018Historia del siglo XX\u2019<\/a><\/em> (1994) distingui\u00f3 <em>un \u201clargo siglo XIX\u201d<\/em> y un <em>\u201ccorto siglo XX\u201d<\/em>. El primero, que comenz\u00f3 con la Revoluci\u00f3n francesa de 1789 y la Revoluci\u00f3n Industrial en Inglaterra, se prolong\u00f3 hasta el inicio de la Primera Guerra Mundial en 1914. Consolid\u00f3 la era de la burgues\u00eda por el desarrollo del capitalismo y de las potencias colonialistas europeas.<\/span><\/p>\n<p style=\"text-align: justify;\"><span style=\"font-size: 14pt;\">El segundo, se extendi\u00f3 entre 1914 y la desintegraci\u00f3n de la Uni\u00f3n Sovi\u00e9tica (URSS) en 1991\/1992. Esta era de los extremos caracteriz\u00f3 la confrontaci\u00f3n entre capitalismo y socialismo, bajo el ascenso de los Estados Unidos como la gran potencia que desplaz\u00f3 a Europa y que, luego del derrumbe del socialismo sovi\u00e9tico, consolid\u00f3 su hegemon\u00eda unipolar en el mundo.<\/span><\/p>\n<figure id=\"attachment_85691\" aria-describedby=\"caption-attachment-85691\" style=\"width: 600px\" class=\"wp-caption aligncenter\"><img loading=\"lazy\" decoding=\"async\" class=\"wp-image-85691\" src=\"https:\/\/www.lapluma.net\/wp-content\/uploads\/2026\/04\/Eric-Hobsbawm-300x186.png\" alt=\"\" width=\"600\" height=\"372\" srcset=\"https:\/\/www.lapluma.net\/wp-content\/uploads\/2026\/04\/Eric-Hobsbawm-300x186.png 300w, https:\/\/www.lapluma.net\/wp-content\/uploads\/2026\/04\/Eric-Hobsbawm-768x477.png 768w, https:\/\/www.lapluma.net\/wp-content\/uploads\/2026\/04\/Eric-Hobsbawm.png 1017w\" sizes=\"auto, (max-width: 600px) 100vw, 600px\" \/><figcaption id=\"caption-attachment-85691\" class=\"wp-caption-text\">Eric Hobsbawm (1917-2012).<\/figcaption><\/figure>\n<p style=\"text-align: justify;\"><span style=\"font-size: 14pt;\">A diferencia del estadounidense Francis Fukuyama que proclam\u00f3 el <em>\u201cfin de la historia\u201d <\/em>alcanzado con la globalizaci\u00f3n de la econom\u00eda de mercado libre y la democracia de tipo occidental (ideas que luego abandonar\u00eda ante las nuevas realidades que adquiri\u00f3 el mundo), el historiador Hobsbawm, aunque no alcanz\u00f3 a escribir otro libro sobre el tema, en conferencias, art\u00edculos y entrevistas intuy\u00f3 el fin de la era del <em>\u201ccorto siglo XX\u201d<\/em> por el declive de la hegemon\u00eda estadounidense y de la influencia de Occidente, debido al inicio de un nuevo mundo dominado por Asia, en medio de un <em>\u201cdesorden mundial\u201d<\/em> que implicaba el colapso del <em>\u201corden\u201d <\/em>creado despu\u00e9s de la Segunda Guerra Mundial.<\/span><\/p>\n<p style=\"text-align: justify; padding-left: 40px;\"><em><span style=\"font-size: 14pt;\">Advirti\u00f3 (y, en cierto modo, predijo) el ascenso de China que recuperaba su posici\u00f3n hist\u00f3rica como civilizaci\u00f3n mundial, bajo un modelo propio de construcci\u00f3n econ\u00f3mica y social. Tambi\u00e9n observ\u00f3 el resurgimiento de Rusia en la era postsovi\u00e9tica. Pero no alcanz\u00f3 a visualizar el desarrollo de los BRICS y el peso que adquirir\u00eda el \u201cTercer Mundo\u201d.<\/span><\/em><\/p>\n<p style=\"text-align: justify;\"><span style=\"font-size: 14pt;\">En efecto, en forma paralela, a partir de las reformas introducidas por el Gobierno de Deng Xiaoping en 1978, en las d\u00e9cadas finales del siglo XX se levant\u00f3 el poder\u00edo de China que, con el avance del siglo XXI desafi\u00f3 la hegemon\u00eda unipolar de los EE.UU. Y, adem\u00e1s, a pesar del derrumbe del socialismo, Rusia tambi\u00e9n logr\u00f3 despegar su econom\u00eda y nuevamente pas\u00f3 a disputar las relaciones econ\u00f3micas internacionales. A estos cambios indetenibles se sum\u00f3 la constituci\u00f3n de los BRIC, en 2009 con Brasil, Rusia, India y China, grupo al que se sum\u00f3 Sud\u00e1frica al a\u00f1o siguiente, pasando a denominarse BRICS.<\/span><\/p>\n<p><img loading=\"lazy\" decoding=\"async\" class=\"aligncenter wp-image-85693\" src=\"https:\/\/www.lapluma.net\/wp-content\/uploads\/2026\/04\/BRICS-EEUU02-300x223.png\" alt=\"\" width=\"600\" height=\"446\" srcset=\"https:\/\/www.lapluma.net\/wp-content\/uploads\/2026\/04\/BRICS-EEUU02-300x223.png 300w, https:\/\/www.lapluma.net\/wp-content\/uploads\/2026\/04\/BRICS-EEUU02-768x571.png 768w, https:\/\/www.lapluma.net\/wp-content\/uploads\/2026\/04\/BRICS-EEUU02.png 958w\" sizes=\"auto, (max-width: 600px) 100vw, 600px\" \/><\/p>\n<p style=\"text-align: justify;\"><span style=\"font-size: 14pt;\">En pleno desarrollo de ese mundo multipolar, tambi\u00e9n se produjo el complejo y contradictorio ascenso de los pa\u00edses del Sur Global en Asia, \u00c1frica y Am\u00e9rica Latina, postergados en su desarrollo econ\u00f3mico, social y pol\u00edtico independiente. Estas regiones, con largas historias de intervencionismo e injerencia extranjera, son las que promovieron las tesis sobre soberan\u00eda nacional, anticolonialismo, antimperialismo, paz, soluci\u00f3n pac\u00edfica de las controversias internacionales y libertad para construir sus propios caminos de modernizaci\u00f3n, sin sujetarse a los <em>\u201cmodelos\u201d<\/em> que han impuesto las grandes potencias de Occidente y, sobre todo, los EE.UU. Su convergencia m\u00e1s remota se halla en la <em><a href=\"https:\/\/elordenmundial.com\/la-conferencia-bandung-nacimiento-del-altermundismo\/\">Conferencia de Bandung de 1955<\/a><\/em>, de la cual naci\u00f3 el <em><a href=\"https:\/\/cronicon.net\/wp\/america-latina-y-el-renacer-del-tercer-mundo\/\">\u201cTercer Mundo\u201d<\/a><\/em>.<\/span><\/p>\n<p style=\"text-align: justify; padding-left: 40px;\"><em><span style=\"font-size: 14pt;\">Ante este conjunto de procesos que han alcanzado dimensiones hist\u00f3ricas inesperadas, las radicales posturas adoptadas por los EE.UU. bajo el segundo Gobierno de Donald Trump (desde enero 2025) han alterado las relaciones internacionales. Su gobierno ha dejado en claro que la <a href=\"https:\/\/t.ly\/-Hqw_\">seguridad nacional del pa\u00eds, sus intereses econ\u00f3micos<\/a>, su modelo de democracia y su influencia mundial no pueden disminuir.<\/span><\/em><\/p>\n<p><span style=\"font-size: 14pt;\">No interesan m\u00e1s las normas e instituciones mundiales creadas en la postguerra <a href=\"https:\/\/t.ly\/egE8w\">si la seguridad de EE.UU. se ve amenazada<\/a>. Se ha dejado en claro que China es un adversario al que hay que detener, Rusia el segundo oponente y los BRICS el siguiente. La Europa de la OTAN creada en 1949 pas\u00f3 de ser un continente aliado (a la \u00e9poca contra la URSS) a otro fuera del concepto de <em>\u201cHemisferio Occidental\u201d<\/em> (Groenlandia y toda Am\u00e9rica) y compuesto por un conjunto de pa\u00edses que igualmente tienen que defender los intereses estadounidenses.<\/span><\/p>\n<p><img loading=\"lazy\" decoding=\"async\" class=\"aligncenter wp-image-85697\" src=\"https:\/\/www.lapluma.net\/wp-content\/uploads\/2026\/04\/Espiritu-de-Bandung-259x300.png\" alt=\"\" width=\"518\" height=\"600\" srcset=\"https:\/\/www.lapluma.net\/wp-content\/uploads\/2026\/04\/Espiritu-de-Bandung-259x300.png 259w, https:\/\/www.lapluma.net\/wp-content\/uploads\/2026\/04\/Espiritu-de-Bandung.png 476w\" sizes=\"auto, (max-width: 518px) 100vw, 518px\" \/><\/p>\n<p style=\"text-align: justify;\"><span style=\"font-size: 14pt;\">Trump ha reaccionado contra los Gobiernos de Francia, Alemania, Italia e incluso la Gran Breta\u00f1a, que se negaron a que las bases militares establecidas en sus territorios sirvan para la guerra contra Ir\u00e1n. Los ha encarado previendo su salida de la OTAN y desafiando a los europeos a abastecerse con el petr\u00f3leo norteamericano o ir a tomarlo, por s\u00ed mismos, en el Medio Oriente, <a href=\"https:\/\/www.politico.com\/news\/2026\/03\/31\/trump-strait-of-hormuz-oil-prices-00851611\">abriendo la circulaci\u00f3n por el estrecho de Ormuz: <em>\u201cGet Your Own Oil\u201d<\/em><\/a>.<\/span><\/p>\n<p style=\"text-align: justify;\"><span style=\"font-size: 14pt;\">Al mismo tiempo, Am\u00e9rica Latina ha pasado a ser el \u00fanico refugio <em>\u201cnatural\u201d<\/em> de la hegemon\u00eda en declive de los EE.UU., con la amenaza del nuevo monro\u00edsmo del siglo XXI, cuyo <em>\u201cCorolario Trump\u201d<\/em> exige la alineaci\u00f3n incondicional de todos los pa\u00edses y gobiernos de la regi\u00f3n a los intereses de EE.UU. De manera directa y especial tienen que hacerlo aquellos pa\u00edses <em>\u201cen este gran vecindario\u201d<\/em> que forman parte, desde ahora, de la <em>sui g\u00e9neris<\/em> \u00f3rbita geoestrat\u00e9gica del <a href=\"https:\/\/t.ly\/rv4_3\">Greater North America (<em>\u201cGran Am\u00e9rica del Norte\u201d<\/em>)<\/a>, que se extiende <a href=\"https:\/\/t.ly\/VpOVF\">desde Groenlandia hasta Ecuador y desde Alaska hasta Guyana<\/a>, que no pertenece m\u00e1s al Sur Global y que, de acuerdo con el secretario de Defensa, Pete Hegseth, quien present\u00f3 el mapa oficial, constituye una parte integral de la estructura defensiva inmediata bajo el estricto control militar y pol\u00edtico estadounidense.<\/span><\/p>\n<p style=\"text-align: justify;\"><span style=\"font-size: 14pt;\">A pesar de las amenazas, Trump no ha podido acabar con la herencia de las d\u00e9cadas pasadas: China mantiene amplias relaciones econ\u00f3micas con Am\u00e9rica Latina y en varios pa\u00edses es el primer <em>\u201csocio comercial\u201d<\/em>. Con Rusia sucedi\u00f3 algo parecido, aunque no con la dimensi\u00f3n que adquiri\u00f3 China. Los BRICS ofrecen un futuro por construir. Son realidades que involucra no solo a gobiernos sino a empresarios de la regi\u00f3n.<\/span><\/p>\n<p><img loading=\"lazy\" decoding=\"async\" class=\"aligncenter wp-image-85658\" src=\"https:\/\/www.lapluma.net\/wp-content\/uploads\/2026\/04\/0001-rusia-y-china-vs-usa-copia-300x162.jpg\" alt=\"\" width=\"600\" height=\"325\" srcset=\"https:\/\/www.lapluma.net\/wp-content\/uploads\/2026\/04\/0001-rusia-y-china-vs-usa-copia-300x162.jpg 300w, https:\/\/www.lapluma.net\/wp-content\/uploads\/2026\/04\/0001-rusia-y-china-vs-usa-copia-203x110.jpg 203w, https:\/\/www.lapluma.net\/wp-content\/uploads\/2026\/04\/0001-rusia-y-china-vs-usa-copia.jpg 423w\" sizes=\"auto, (max-width: 600px) 100vw, 600px\" \/><\/p>\n<p style=\"text-align: justify;\"><span style=\"font-size: 14pt;\">De modo que en ese marco de conformaci\u00f3n del mundo multipolar adquiere particular importancia el reciente, aunque poco publicitado, Primer Foro de Alto Nivel realizado en Bogot\u00e1, Colombia, el 21 de marzo (2026), <a href=\"https:\/\/t.ly\/LdK9E\">entre la Comunidad de Estados Latinoamericanos y Caribe\u00f1os (CELAC) y los pa\u00edses de \u00c1frica<\/a>. All\u00ed se acord\u00f3 el fomento de las relaciones econ\u00f3micas y culturales, adem\u00e1s de compartir plenamente los principios de soberan\u00eda, independencia y deuda hist\u00f3rica por la esclavitud transatl\u00e1ntica que durante cuatro siglos del pasado engrandeci\u00f3 a los imperios europeos. Fue la base para que la ONU aprobara (25\/03\/2026) una resoluci\u00f3n que condena la esclavitud como <em><a href=\"https:\/\/t.ly\/OqV85\">\u201cel crimen de lesa humanidad m\u00e1s grave\u201d<\/a><\/em>, aunque con el voto en contra de las antiguas potencias coloniales europeas y, adem\u00e1s, de Argentina, mientras Ecuador permaneci\u00f3 ausente en la votaci\u00f3n.<\/span><\/p>\n<p style=\"text-align: justify; padding-left: 40px;\"><em><span style=\"font-size: 14pt;\">A pesar de los obst\u00e1culos, para Am\u00e9rica Latina la nueva era multipolar del siglo XXI ofrece el desaf\u00edo de edificar el latinoamericanismo como geopol\u00edtica propia y determinante para las relaciones internacionales. La cooperaci\u00f3n con \u00c1frica y Asia puede ser provechosa.<\/span><\/em><\/p>\n<p><img loading=\"lazy\" decoding=\"async\" class=\"aligncenter wp-image-85694\" src=\"https:\/\/www.lapluma.net\/wp-content\/uploads\/2026\/04\/Resistencia-America-Latina-Home01-300x217.jpg\" alt=\"\" width=\"600\" height=\"434\" srcset=\"https:\/\/www.lapluma.net\/wp-content\/uploads\/2026\/04\/Resistencia-America-Latina-Home01-300x217.jpg 300w, https:\/\/www.lapluma.net\/wp-content\/uploads\/2026\/04\/Resistencia-America-Latina-Home01.jpg 465w\" sizes=\"auto, (max-width: 600px) 100vw, 600px\" \/><\/p>\n<p style=\"text-align: justify;\"><span style=\"font-size: 14pt;\">Pero, ante todo, la regi\u00f3n requerir\u00e1 de la ampliaci\u00f3n de gobiernos progresistas, porque han demostrado ser los \u00fanicos capaces de asumir posiciones soberanas y de encaminar a cada pa\u00eds en la senda de un progreso que logre el bienestar colectivo.<\/span><\/p>\n<h2><span style=\"font-size: 14pt;\">Juan J. Paz y Mi\u00f1o Cepeda para la Pluma, 6 de abril de 2026<\/span><\/h2>\n<h2><span style=\"font-size: 14pt;\">Editado por <a href=\"https:\/\/www.lapluma.net\/nosotros\/editora\/\">Mar\u00eda Piedad Ossaba<\/a><\/span><\/h2>\n<h2><span style=\"font-size: 14pt;\">Publicado por <a href=\"https:\/\/www.historiaypresente.com\/el-final-del-corto-siglo-xx\/\">Blog Historia y presente<\/a>\/<a href=\"https:\/\/cronicon.net\/wp\/el-final-del-corto-siglo-xx\/\">Cronic\u00f3n<\/a><\/span><\/h2>\n<h2><span style=\"font-size: 14pt;\">Visita la red del colectivo\u00a0<a href=\"https:\/\/rutakritica.org\">Ruta Kr\u00edtica<\/a>, el\u00a0nuevo blog de difusi\u00f3n del pensamiento y la comunicaci\u00f3n alternativos<\/span><\/h2>\n","protected":false},"excerpt":{"rendered":"<p>A pesar de los obst\u00e1culos, para Am\u00e9rica Latina la nueva era multipolar del siglo XXI ofrece el desaf\u00edo de edificar el latinoamericanismo como geopol\u00edtica propia y determinante para las relaciones internacionales. La cooperaci\u00f3n con \u00c1frica y Asia puede ser provechosa. Pero, ante todo, la regi\u00f3n requerir\u00e1 de la ampliaci\u00f3n de gobiernos progresistas, porque han demostrado ser los \u00fanicos capaces de asumir posiciones soberanas y de encaminar a cada pa\u00eds en la senda de un progreso que logre el bienestar colectivo.<\/p>\n","protected":false},"author":8,"featured_media":85698,"comment_status":"open","ping_status":"open","sticky":false,"template":"","format":"standard","meta":{"_uf_show_specific_survey":0,"_uf_disable_surveys":false,"footnotes":""},"categories":[5],"tags":[30040,30538,31096,5499,31097,5361,13744,31098,588,18053],"coauthors":[257],"class_list":["post-85690","post","type-post","status-publish","format-standard","has-post-thumbnail","hentry","category-editoriales-y-opiniones","tag-africa-y-america-latina","tag-china-rusia-brics","tag-corto-siglo-xx","tag-deng-xiaoping","tag-desorden-mudial","tag-francis-fukuyama","tag-juan-j-paz-y-mino-cepeda-2","tag-sur-global-en-asia","tag-tercer-mundo","tag-usa-hegemonia-unipolar"],"translation":{"provider":"WPGlobus","version":"2.12.2","language":"fr","enabled_languages":["es","fr"],"languages":{"es":{"title":true,"content":true,"excerpt":true},"fr":{"title":false,"content":false,"excerpt":false}}},"_links":{"self":[{"href":"https:\/\/www.lapluma.net\/fr\/wp-json\/wp\/v2\/posts\/85690","targetHints":{"allow":["GET"]}}],"collection":[{"href":"https:\/\/www.lapluma.net\/fr\/wp-json\/wp\/v2\/posts"}],"about":[{"href":"https:\/\/www.lapluma.net\/fr\/wp-json\/wp\/v2\/types\/post"}],"author":[{"embeddable":true,"href":"https:\/\/www.lapluma.net\/fr\/wp-json\/wp\/v2\/users\/8"}],"replies":[{"embeddable":true,"href":"https:\/\/www.lapluma.net\/fr\/wp-json\/wp\/v2\/comments?post=85690"}],"version-history":[{"count":6,"href":"https:\/\/www.lapluma.net\/fr\/wp-json\/wp\/v2\/posts\/85690\/revisions"}],"predecessor-version":[{"id":85705,"href":"https:\/\/www.lapluma.net\/fr\/wp-json\/wp\/v2\/posts\/85690\/revisions\/85705"}],"wp:featuredmedia":[{"embeddable":true,"href":"https:\/\/www.lapluma.net\/fr\/wp-json\/wp\/v2\/media\/85698"}],"wp:attachment":[{"href":"https:\/\/www.lapluma.net\/fr\/wp-json\/wp\/v2\/media?parent=85690"}],"wp:term":[{"taxonomy":"category","embeddable":true,"href":"https:\/\/www.lapluma.net\/fr\/wp-json\/wp\/v2\/categories?post=85690"},{"taxonomy":"post_tag","embeddable":true,"href":"https:\/\/www.lapluma.net\/fr\/wp-json\/wp\/v2\/tags?post=85690"},{"taxonomy":"author","embeddable":true,"href":"https:\/\/www.lapluma.net\/fr\/wp-json\/wp\/v2\/coauthors?post=85690"}],"curies":[{"name":"wp","href":"https:\/\/api.w.org\/{rel}","templated":true}]}}