{"id":85217,"date":"2026-03-11T14:13:51","date_gmt":"2026-03-11T14:13:51","guid":{"rendered":"https:\/\/www.lapluma.net\/?p=85217"},"modified":"2026-03-11T15:14:09","modified_gmt":"2026-03-11T15:14:09","slug":"85217","status":"publish","type":"post","link":"https:\/\/www.lapluma.net\/fr\/2026\/03\/11\/85217\/","title":{"rendered":"De l\u00edderes y s\u00e1trapas pol\u00edticos"},"content":{"rendered":"<p style=\"text-align: justify;\"><span style=\"font-size: 14pt;\">Mucho se ha escrito y dicho en cuanto a que ser\u00edan las ideas las que mueven al mundo, a la historia humana. Sin embargo, resulta evidente que es el temperamento de los dirigentes pol\u00edticos lo que m\u00e1s determina la suerte y el destino de sus pueblos. Para bien o para mal, es en las determinaciones de un Hitler, un Stalin, un Pinochet o un Trump, entre tantos otros malvados, donde puede explicarse lo sucedido tr\u00e1gicamente en el mundo. En sus horrores, guerras, genocidios y tantos otros infortunios.<\/span><\/p>\n<p style=\"text-align: justify;\"><span style=\"font-size: 14pt;\">Generalmente estos personajes carecen de convicciones que sean m\u00e1s s\u00f3lidas que sus propias ambiciones personales. Con pueblos que se someten casi siempre al embrujo de sus discursos y promesas, ya sea en la desesperanza humana, el miedo o la ignorancia. Emperadores perversos, pont\u00edfices sacr\u00edlegos, presidentes corruptos con millones de muertos, torturados, segregados y desterrados en su paso por la historia universal. Promoviendo incesantes conflictos b\u00e9licos que solo se explican en la codicia y la maldad de quienes debieran haber sido los protectores de sus naciones.<\/span><\/p>\n<p style=\"text-align: justify;\"><span style=\"font-size: 14pt;\">\u00a1Vaya que terrible balance, sobre todo el de los \u00faltimos siglos, con aquellas dos guerras mundiales y los conflictos que se suceden en todo el mundo, pese a todas las promesas de paz! \u00a1Qu\u00e9 insensatez es esta de seguir acumulando armas de destrucci\u00f3n masiva, cuando con solo la detonaci\u00f3n de un pu\u00f1ado de estas bombas bastar\u00eda para destruir todo el planeta y la vida sobre este!<\/span><\/p>\n<p style=\"text-align: justify;\"><span style=\"font-size: 14pt;\">Felizmente, la humanidad tambi\u00e9n nos regala l\u00edderes de la talla de un Ghandi y Mandela. A figuras y ejemplos como Bol\u00edvar, San Mart\u00edn, Sucre y O\u00b4Higgins que prefirieron la condici\u00f3n de libertadores a la posibilidad de convertirse en monarcas. L\u00edderes que, tan injustamente, terminaran en las mazmorras de los poderosos, desterrados o asesinados. As\u00ed como han terminado muchos santos y m\u00e1rtires de la fe en sus diversas expresiones religiosas.<\/span><\/p>\n<p style=\"text-align: justify;\"><span style=\"font-size: 14pt;\">Ejemplos los hay por miles surgidos, incluso, en los campos de batalla, pero esta vez movidos por causas nobles, como la emancipaci\u00f3n de sus pueblos y alcanzar el anhelo de la soberan\u00eda popular. Aunque de este derecho hayan surgido tantas veces deplorables rep\u00fablicas y falsas democracias.<\/span><\/p>\n<p style=\"text-align: justify;\"><span style=\"font-size: 14pt;\">Una mirada al mundo actual nos debe llevar al convencimiento de la culpa que tienen algunos gobernantes al reiterarse en sus prop\u00f3sitos de conquista y exterminio de quienes se opongan a sus perversos prop\u00f3sitos. Es as\u00ed como un Donald Trump, desde Estados Unidos, y Benjam\u00edn Netanyahu, en Israel, representan lo m\u00e1s espurio de la pol\u00edtica mundial, pululando con ellos, una multitud de mediocres y cobardes gobernantes que los consienten en todas sus fechor\u00edas, as\u00ed sea provocando la destrucci\u00f3n de ciudades, la muerte de ni\u00f1os y el hambre que sobrevive al paso de sus misiles y ej\u00e9rcitos. Lo que puede comprobarse hoy en la devastada Franja de Gaza, en las colegialas abatidas cruelmente en Ir\u00e1n, ante la c\u00ednica protesta de las Naciones Unidas, el principal referente de la burocracia internacional. Donde diplom\u00e1ticos de toda la Tierra y colores llenan de dinero sus bolsillos en la pasiva contemplaci\u00f3n del horror del mundo. Constatando reiteradamente que su organizaci\u00f3n no constituy\u00f3 nunca una comunidad de naciones, si se considera tan solo el poder de veto que ejercen las grandes potencias contra las decisiones de la mayor\u00eda de sus integrantes.<\/span><\/p>\n<p style=\"text-align: justify;\"><span style=\"font-size: 14pt;\">En nuestra m\u00e1s reciente historia nacional hemos visto entrar y salir de La Moneda a ineptos gobernantes cuyo af\u00e1n principal ha sido la de garantizar los negocios de nuestro pa\u00eds con el extranjero. Pol\u00edticos de derecha e izquierda que han hipotecado nuestros recursos naturales en favor del apetito de las transnacionales, que miden el progreso solo en las cifras de nuestro intercambio comercial y que ahora, pese a las advertencias, parece que no tienen ya posibilidad alguna de asumir lo que llaman una posici\u00f3n pragm\u00e1tica, haci\u00e9ndole solo flirteos a la voluntad de las grandes potencias que ingenuamente creyeron \u201csocias\u201d y que hoy tienen a Chile aprisionado entre los dos grandes imperios mundiales.<\/span><\/p>\n<p style=\"text-align: justify;\"><span style=\"font-size: 14pt;\">Operadores pol\u00edticos, a lo sumo caudillos, sin liderazgo alguno y que nos escandalizan cotidianamente por las trampas que se hacen unos a otros, tal cual lo hac\u00edan cuando ni\u00f1os frente al tablero del Metr\u00f3poli, un juego de mesa que casi todos conocimos, pero en que muchos pol\u00edticos actuales parecen haber agotado su formaci\u00f3n pol\u00edtica. Como siempre autodenomin\u00e1ndose de izquierda o derecha, sin que en la pr\u00e1ctica difieran en nada respecto de su vergonzosa postraci\u00f3n ante los poderosos del mundo y a su vil dinero. Enarbolando banderas cuyos colores traicionaron hace tiempo nuestros ideales de independencia, justicia y dignidad soberana. Reduciendo sus a\u00f1ejos estandartes solo a aquellas insignias que hoy lucen en sus solapas a fin de ser reconocidos en la repartija de cargos que siempre se sucede a la asunci\u00f3n de cada gobierno.<\/span><\/p>\n<p style=\"text-align: justify;\"><span style=\"font-size: 14pt;\">Pol\u00edticos, adem\u00e1s, de pobre consistencia moral que en su paso por el Parlamento y el Gobierno se aseguran de por vida onerosos estipendios, acumulando recursos, tambi\u00e9n, para postularse una y otra vez a los altos cargos del Estado. O para dirigir, como ahora, sus apetencias y voracidad hacia la misma ONU, la OEA, el Banco Mundial y otros templos del capitalismo y de un orden mundial cada vez m\u00e1s desigual y violento. Figuras que, antes de aportar a la justicia y la equidad en sus naciones, buscan incorporarse a los grandes carteles de la gobernanza mundial. \u00c1vidos del bot\u00edn fiscal y de los sobornos empresariales, empe\u00f1ados en que la pol\u00edtica quede siempre sometida a sus arbitrios.<\/span><\/p>\n<p style=\"text-align: justify;\"><span style=\"font-size: 14pt;\">En este sentido, el peor augurio respecto de nuestro futuro es la amistad que est\u00e1 forjando nuestro nuevo presidente con el mandam\u00e1s universal y esa corte de gobernantes lacayos que conforman su guardia pretoriana. Los que hoy asolan a millones de v\u00edctimas y tienen en jaque hasta la salud del planeta.<\/span><\/p>\n<figure id=\"attachment_6687\" aria-describedby=\"caption-attachment-6687\" style=\"width: 343px\" class=\"wp-caption aligncenter\"><img loading=\"lazy\" decoding=\"async\" class=\"image attachment-full wp-image-6687\" title=\"Descarga el \u00faltimo libro de Juan Pablo C\u00e1rdenas S.\" src=\"https:\/\/juanpablocardenas.cl\/wp-content\/uploads\/2024\/09\/Portada-carcel-miniatura.jpg\" alt=\"\" width=\"343\" height=\"526\" \/><figcaption id=\"caption-attachment-6687\" class=\"wp-caption-text\"><a href=\"https:\/\/juanpablocardenas.cl\/wp-content\/uploads\/2024\/09\/Interiores-libro-carcel.pdf\">Descarga el \u00faltimo libro de Juan Pablo C\u00e1rdenas S.<\/a><\/figcaption><\/figure>\n<h2><span style=\"font-size: 14pt;\">Juan Pablo C\u00e1rdenas S. para La Pluma, 11 de marzo de 2026<\/span><\/h2>\n<h2><span style=\"font-size: 14pt;\">Editado por <\/span><a href=\"https:\/\/www.lapluma.net\/nosotros\/editora\/\"><span style=\"font-size: 14pt;\">Mar\u00eda Piedad Ossaba<\/span><\/a><\/h2>\n","protected":false},"excerpt":{"rendered":"<p>En este sentido, el peor augurio respecto de nuestro futuro es la amistad que est\u00e1 forjando nuestro nuevo presidente con el mandam\u00e1s universal y esa corte de gobernantes lacayos que conforman su guardia pretoriana. Los que hoy asolan a millones de v\u00edctimas y tienen en jaque hasta la salud del planeta.<\/p>\n","protected":false},"author":315,"featured_media":85221,"comment_status":"open","ping_status":"open","sticky":false,"template":"","format":"standard","meta":{"_uf_show_specific_survey":0,"_uf_disable_surveys":false,"footnotes":""},"categories":[5],"tags":[14682,662,30979,15272,743,30978,28086],"coauthors":[2866],"class_list":["post-85217","post","type-post","status-publish","format-standard","has-post-thumbnail","hentry","category-editoriales-y-opiniones","tag-analisis-politico","tag-hitler","tag-horrores","tag-juan-pablo-cardenas-s-2","tag-netanyahu","tag-pinochet-o-trump","tag-stalin"],"translation":{"provider":"WPGlobus","version":"2.12.2","language":"fr","enabled_languages":["es","fr"],"languages":{"es":{"title":true,"content":true,"excerpt":true},"fr":{"title":false,"content":false,"excerpt":false}}},"_links":{"self":[{"href":"https:\/\/www.lapluma.net\/fr\/wp-json\/wp\/v2\/posts\/85217","targetHints":{"allow":["GET"]}}],"collection":[{"href":"https:\/\/www.lapluma.net\/fr\/wp-json\/wp\/v2\/posts"}],"about":[{"href":"https:\/\/www.lapluma.net\/fr\/wp-json\/wp\/v2\/types\/post"}],"author":[{"embeddable":true,"href":"https:\/\/www.lapluma.net\/fr\/wp-json\/wp\/v2\/users\/315"}],"replies":[{"embeddable":true,"href":"https:\/\/www.lapluma.net\/fr\/wp-json\/wp\/v2\/comments?post=85217"}],"version-history":[{"count":4,"href":"https:\/\/www.lapluma.net\/fr\/wp-json\/wp\/v2\/posts\/85217\/revisions"}],"predecessor-version":[{"id":85220,"href":"https:\/\/www.lapluma.net\/fr\/wp-json\/wp\/v2\/posts\/85217\/revisions\/85220"}],"wp:featuredmedia":[{"embeddable":true,"href":"https:\/\/www.lapluma.net\/fr\/wp-json\/wp\/v2\/media\/85221"}],"wp:attachment":[{"href":"https:\/\/www.lapluma.net\/fr\/wp-json\/wp\/v2\/media?parent=85217"}],"wp:term":[{"taxonomy":"category","embeddable":true,"href":"https:\/\/www.lapluma.net\/fr\/wp-json\/wp\/v2\/categories?post=85217"},{"taxonomy":"post_tag","embeddable":true,"href":"https:\/\/www.lapluma.net\/fr\/wp-json\/wp\/v2\/tags?post=85217"},{"taxonomy":"author","embeddable":true,"href":"https:\/\/www.lapluma.net\/fr\/wp-json\/wp\/v2\/coauthors?post=85217"}],"curies":[{"name":"wp","href":"https:\/\/api.w.org\/{rel}","templated":true}]}}