{"id":85160,"date":"2026-03-09T10:31:38","date_gmt":"2026-03-09T10:31:38","guid":{"rendered":"https:\/\/www.lapluma.net\/?p=85160"},"modified":"2026-03-11T14:02:58","modified_gmt":"2026-03-11T14:02:58","slug":"85160","status":"publish","type":"post","link":"https:\/\/www.lapluma.net\/fr\/2026\/03\/09\/85160\/","title":{"rendered":"A 50 a\u00f1os de golpe en Argentina: memoria antidictatorial, solidaridad antinegacionista"},"content":{"rendered":"<p style=\"text-align: justify; padding-left: 40px;\"><strong><em><span style=\"font-size: 18pt;\">La brutalidad represiva de los Videla, Massera y Agosti no se olvida. Tampoco la juventud desaparecida y torturada. Marzo, mes de la memoria y de la SOLIDARIDAD, con may\u00fasculas.<\/span><\/em><\/strong><\/p>\n<p style=\"text-align: justify;\"><span style=\"font-size: 14pt;\">En este momento pol\u00edtico y justo a medio siglo del \u00faltimo golpe de Estado en Argentina, esta solidaridad se expresa hoy en dos direcciones: la reivindicaci\u00f3n y defensa de la Memoria, la Verdad y la Justicia, y la denuncia del proyecto antisocial del actual Gobierno Milei.<\/span><\/p>\n<h5 style=\"text-align: justify;\"><span style=\"font-size: 18pt;\">Una Declaraci\u00f3n contundente<\/span><\/h5>\n<p style=\"text-align: justify;\"><span style=\"font-size: 14pt;\">Para el medio centenar de organizaciones argentinas, latinoamericanas y suizas que firmaron la declaraci\u00f3n<em>\u00a0Del Golpe de 1976 al proyecto neoliberal de Milei<\/em>, se trata de desenmascarar ante la opini\u00f3n p\u00fablica un proyecto econ\u00f3mico-social que tiene grades similitudes \u2013casi un continuismo\u2013 con el de los militares de entonces.<\/span><\/p>\n<p style=\"text-align: justify;\"><span style=\"font-size: 14pt;\">Elaborada conjuntamente por Nunca M\u00e1s, Argentinos para la Victoria Provincia 25 (regional suiza), la Asociaci\u00f3n El Periscopio de ex presos pol\u00edticos de Coronda, el Jard\u00edn de los Desaparecidos, Latino Lab y AMIS<em>,\u00a0<\/em>esta\u00a0<em>Declaraci\u00f3n<\/em> obtuvo, adem\u00e1s, el respaldo de personalidades pol\u00edticas y sociales helv\u00e9ticas. Entre ellas, senadores y diputados nacionales, as\u00ed como dirigentes de los principales sindicatos. (<em><a href=\"https:\/\/www.facebook.com\/story.php?story_fbid=939647161901274&amp;id=100075679970704&amp;rdid=26KTcFjfgv4JRuWU#\">https:\/\/www.facebook.com\/story.php?story_fbid=939647161901274&amp;id=100075679970704&amp;rdid=26KTcFjfgv4JRuWU#<\/a><\/em>).<\/span><\/p>\n<p style=\"text-align: justify;\"><span style=\"font-size: 14pt;\">Muchas de las adhesiones fueron inmediatas, algunas, argumentadas. La ex diputada nacional Anne-Catherine Menetrey, por ejemplo, escribi\u00f3: \u201cPor supuesto, \u00a1firmo con gusto esta declaraci\u00f3n! Es tan importante, no solo por esta fecha conmemorativa, sino tambi\u00e9n debido a la oscuridad del futuro que nos preparan los nuevos dictadores depredadores y la evoluci\u00f3n pol\u00edtica del mundo, en particular en Am\u00e9rica Latina. Es aterrador constatar el terror que propaga Donald Trump, que nos deja at\u00f3nitos e impotentes\u201d. O la dirigente del principal sindicato helv\u00e9tico que adhiri\u00f3 a la Declaraci\u00f3n agradeciendo infinitamente a los promotores \u201cpor este gran compromiso\u201d militante.<\/span><\/p>\n<p style=\"text-align: justify;\"><span style=\"font-size: 14pt;\">A partir del 2 de marzo y hasta fin de mes se realiza una decena de muy diversas actividades en Ginebra y en Berna, como el bordado de un patchwork por la memoria; presentaci\u00f3n de libros y proyecci\u00f3n de pel\u00edculas; un coloquio universitario y una video conferencia con el Colectivo INTERMESAS de Sitios de la Memoria de la Argentina (<a href=\"https:\/\/jardindesdisparus.org\/wp-content\/uploads\/2026\/02\/Flyer-bleu-mars-mois-de-la-memoire.pdf\"><em>https:\/\/jardindesdisparus.org\/wp-content\/uploads\/2026\/02\/Flyer-bleu-mars-mois-de-la-memoire.pdf<\/em><\/a><em>).<\/em><\/span><\/p>\n<p style=\"text-align: justify;\"><span style=\"font-size: 14pt;\">Otras cuantas organizaciones convocan el mismo 24 de marzo, en la capital suiza, una actividad pol\u00edtico-cultural centrada en la actual situaci\u00f3n argentina en un \u201ccontinente amenazado\u201d (<a href=\"https:\/\/www.solifonds.ch\/veranstaltungen\"><em>https:\/\/www.solifonds.ch\/veranstaltungen<\/em><\/a>).<\/span><\/p>\n<figure id=\"attachment_85163\" aria-describedby=\"caption-attachment-85163\" style=\"width: 600px\" class=\"wp-caption aligncenter\"><img loading=\"lazy\" decoding=\"async\" class=\"wp-image-85163 size-full\" src=\"https:\/\/www.lapluma.net\/wp-content\/uploads\/2026\/03\/flyer_de_la_actividad_por_el_24_de_marzo_de_2026_en_la_ciudad_de_berna_capital_de_suiza__foto_sergo_ferrari-3cc43-e1773140769371.jpg\" alt=\"\" width=\"600\" height=\"450\" \/><figcaption id=\"caption-attachment-85163\" class=\"wp-caption-text\">Flyer de la actividad para el 24 de marzo de 2026, en la ciudad de Berna, capital de Suiza. Foto Sergio Ferrari<\/figcaption><\/figure>\n<p style=\"text-align: justify;\"><span style=\"font-size: 14pt;\">Para la profesora Marcella Camerano, argentina residente en Suiza, militante de Derechos Humanos e integrante de Argentinos para la Victoria-provincia 25, este 50 aniversario del golpe de 1976 la tarea principal desde Europa consiste en recordar, reactualizar y dinamizar la militancia de proximidad con los actores sociales m\u00e1s din\u00e1micos de Argentina. \u201cFundamentalmente, solidarizarse con el compromiso de una gran parte de la sociedad argentina por la Memoria, la Verdad y la Justicia que fue y es el hilo conductor de esa lucha por los derechos humanos\u201d. Este compromiso, enfatiza Camerano, convierte a Argentina en un \u201cverdadero ejemplo internacional del trabajo cotidiano para que la memoria colectiva se imponga al olvido y el negacionismo\u201d. Sin duda, un reto muy especial, precisamente \u201cen esta etapa en la cual el proyecto de Milei se propone, entre otros objetivos, imponer el negacionismo como ideolog\u00eda dominante y justificar los cr\u00edmenes de la dictadura\u201d. En efecto, explica Camerano, este proyecto \u201cNiega el Estado de Derecho, las diversidades y la lucha de las mujeres por la igualdad de g\u00e9nero\u201d. Por otra parte, \u201cIgnora el calentamiento planetario. Desconoce a las organizaciones multilaterales internacionales y sus programas consensuales, como la Agenda 2030\u201d. Visi\u00f3n reaccionaria, concluye Camerano, que lleva a Milei \u201ca tener como principales referentes internacionales a Donald Trump y Benjam\u00edn Netanyahu, manteniendo relaciones estrechas, casi carnales, con los m\u00e1ximos dirigentes neofascistas de Europa\u201d.<\/span><\/p>\n<p><img loading=\"lazy\" decoding=\"async\" class=\" wp-image-85161 aligncenter\" src=\"https:\/\/www.lapluma.net\/wp-content\/uploads\/2026\/03\/solidaridad_italiana_con_la_huelga_nacional_del_24_de_enero_de_2024_en_argentina_1_-1ed57-300x225.jpg\" alt=\"\" width=\"581\" height=\"436\" srcset=\"https:\/\/www.lapluma.net\/wp-content\/uploads\/2026\/03\/solidaridad_italiana_con_la_huelga_nacional_del_24_de_enero_de_2024_en_argentina_1_-1ed57-300x225.jpg 300w, https:\/\/www.lapluma.net\/wp-content\/uploads\/2026\/03\/solidaridad_italiana_con_la_huelga_nacional_del_24_de_enero_de_2024_en_argentina_1_-1ed57.jpg 640w\" sizes=\"auto, (max-width: 581px) 100vw, 581px\" \/><\/p>\n<h5 style=\"text-align: justify;\"><span style=\"font-size: 18pt;\">Solidaridad italiana<\/span><\/h5>\n<p style=\"text-align: justify;\"><span style=\"font-size: 14pt;\">Tambi\u00e9n en Italia durante el mes de marzo se promueven m\u00faltiples iniciativas. En \u00e1mbitos universitarios como en iglesias hist\u00f3ricamente solidarias, como la Valdense, y proyecciones de la pel\u00edcula <i>Identidad<\/i> en varias ciudades. Un testimonio-denuncia basado en la vida de Daniel Santucho, el nieto n\u00famero 133 restituido a su leg\u00edtima familia en julio de 2023 cuando ya ten\u00eda 46 a\u00f1os.<\/span><\/p>\n<p style=\"text-align: justify;\"><span style=\"font-size: 14pt;\">Las actividades de solidaridad arrancaron con un Coloquio Internacional del 4 al 6 de marzo en la Universidad Roma Tre, convocado por una quincena de organizaciones italianas con presentaciones por una veintena de personalidades de Italia y de Argentina. Una de ellas es Enrico Calami, quien como C\u00f3nsul de Italia en Buenos Aires en los a\u00f1os de la dictadura promovi\u00f3 el asilo y protegi\u00f3 a m\u00e1s de 300 personas, en su mayor\u00eda militantes perseguidos por las fuerzas represivas (<a href=\"https:\/\/www.amnesty.it\/eventi\/a-50-anni-dal-golpe-argentino-nunca-mas\/\"><em>https:\/\/www.amnesty.it\/eventi\/a-50-anni-dal-golpe-argentino-nunca-mas\/<\/em><\/a>).<\/span><\/p>\n<p style=\"text-align: justify;\"><span style=\"font-size: 14pt;\">Entrevistado por este corresponsal, Calamai recuerda a\u00fan hoy, con gran emoci\u00f3n, im\u00e1genes de terror y represi\u00f3n: \u201cLos coches sin patente circulando por Buenos Aires. Las declaraciones de familiares de desaparecidos que iban al Consulado a presentar el recurso de <i>habeas corpus<\/i> para sus hijas o hijos desaparecidos. Los que se presentaban al Consulado diciendo que si los ech\u00e1bamos a la calle les esperaba tortura y muerte. En una palabra, la violencia escondida, en contraste con la normalidad aparente de la vida en una ciudad como Buenos Aires\u201d.<\/span><\/p>\n<p style=\"text-align: justify;\"><span style=\"font-size: 14pt;\">Seguir mirando con atenci\u00f3n el pasado, subraya Enrico Calamai, \u201cayuda a comprender el presente\u201d. Y permite as\u00ed reforzar la solidaridad en un momento latinoamericano muy complejo donde \u201cEstados Unidos promueve una pol\u00edtica supremacista cada vez m\u00e1s violenta y arrogante hacia Venezuela, M\u00e9jico, Colombia, Cuba y buena parte del continente\u201d y del mundo.<\/span><\/p>\n<p style=\"text-align: justify;\"><span style=\"font-size: 14pt;\">Para el ex diplom\u00e1tico italiano, es muy preocupante el nuevo impulso b\u00e9lico, fundamentalmente promovido desde occidente en una realidad mundial donde parece imperar el olvido del saldo de \u201clos millones de personas que murieron en las dos guerras mundiales\u201d. Con el agravante de que hoy se dispone de \u201cuna tecnolog\u00eda destructiva desligada de cualquier consideraci\u00f3n \u00e9tica, que puede abrir paso al abismo nuclear\u201d. Una nueva guerra mundial, concluye Calamai, podr\u00eda llegar a borrar cualquier posibilidad de vida humana o de vida en general sobre la Tierra. \u201cY todo ocurre ante la indiferencia de la opini\u00f3n p\u00fablica, parecido a lo que pasaba en la Argentina frente al fen\u00f3meno de la desaparici\u00f3n\u201d.<\/span><\/p>\n<figure id=\"attachment_85162\" aria-describedby=\"caption-attachment-85162\" style=\"width: 525px\" class=\"wp-caption aligncenter\"><img loading=\"lazy\" decoding=\"async\" class=\"wp-image-85162\" src=\"https:\/\/www.lapluma.net\/wp-content\/uploads\/2026\/03\/manifestacion_de_solidaridad_con_argentina_en_francia__foto_silvina_stirnemann-8bd3a-300x208.jpg\" alt=\"\" width=\"525\" height=\"364\" srcset=\"https:\/\/www.lapluma.net\/wp-content\/uploads\/2026\/03\/manifestacion_de_solidaridad_con_argentina_en_francia__foto_silvina_stirnemann-8bd3a-300x208.jpg 300w, https:\/\/www.lapluma.net\/wp-content\/uploads\/2026\/03\/manifestacion_de_solidaridad_con_argentina_en_francia__foto_silvina_stirnemann-8bd3a.jpg 640w\" sizes=\"auto, (max-width: 525px) 100vw, 525px\" \/><figcaption id=\"caption-attachment-85162\" class=\"wp-caption-text\">Manifestacion de solidaridad con Argentina en Francia. Foto Silvina Stirnemann.<\/figcaption><\/figure>\n<h5 style=\"text-align: justify;\"><span style=\"font-size: 18pt;\">La Francia fraterna dice \u201cpresente\u201d<\/span><\/h5>\n<p style=\"text-align: justify;\"><span style=\"font-size: 14pt;\">Al igual que en Suiza, Italia y otros pa\u00edses del continente tambi\u00e9n en Francia el mes de marzo se perfila como el \u201cMes de la Memoria\u201d, como puede verse por el frondoso programa de iniciativas organizadas en Par\u00eds por la Asamblea de Ciudadanos Argentinos en Francia(ACAF). El 4 de marzo, un primer coloquio con el aporte testimonial y reflexivo de militantes de diferentes movimientos y organizaciones en los a\u00f1os 70, seguido, d\u00edas m\u00e1s tarde, por otro con el an\u00e1lisis pol\u00edtico de los golpes de Estado en Argentina de 1930 en adelante. Entre el 19 y el 23 se realizar\u00e1n tres actividades culturales y conmemorativas: la presentaci\u00f3n de\u00a0<em>Un ciudadano com\u00fan en \u00e9poca de dictadura,\u00a0<\/em>el \u00faltimo libro delperiodista rioplatense V\u00edctor Hugo Morales; el Itinerario de la Memoria en varios sitios parisinos ligados a la resistencia argentina de los 70 y la proyecci\u00f3n en la Universidad Par\u00eds-Cit\u00e9 de la pel\u00edcula\u00a0<em>Yo, la hermana Alice<\/em>, del realizador Alberto Marquardt. El mismo 24 de marzo, la comunidad argentina y latinoamericana, con el apoyo de diversos partidos y sindicatos, convocan a una manifestaci\u00f3n masiva en las inmediaciones de la Embajada argentina, sitio emblem\u00e1tico de la protesta solidaria estas \u00faltimas cinco d\u00e9cadas\u00a0(<a href=\"https:\/\/www.facebook.com\/ACAFasamblea\/?locale=fr_FR\" target=\"_blank\" rel=\"noreferrer noopener\"><em>https:\/\/www.facebook.com\/ACAFasamblea\/?locale=fr_FR<\/em><\/a>).<\/span><\/p>\n<p style=\"text-align: justify;\"><span style=\"font-size: 14pt;\">Con este programa, la ACAF se propone, en primer lugar, \u201chomenajear a las 30 mil personas desaparecidas, y no solo desde la perspectiva de la denuncia al terrorismo de Estado, sino tambi\u00e9n a partir de una reivindicaci\u00f3n de los hechos y las motivaciones que llevaron en aquel entonces a tantos j\u00f3venes a comprometerse pol\u00edticamente\u201d, como explica en una entrevista telef\u00f3nica Mar\u00eda Laura Stirnemann, una de las organizadoras. Hija de padre desparecido y madre ex presa pol\u00edtica, Stirnemann impuls\u00f3 con su hermana la creaci\u00f3n de HIJOS en Francia durante los a\u00f1os noventa y estuvo entre las promotoras del nacimiento de la ACAF en 2016.<\/span><\/p>\n<p style=\"text-align: justify;\"><span style=\"font-size: 14pt;\">Al igual que en Suiza, Italia y otros pa\u00edses del continente tambi\u00e9n en Francia el mes de marzo se perfila como el \u201cMes de la Memoria\u201d, como puede verse por el frondoso programa de iniciativas organizadas en Par\u00eds por la Asamblea de Ciudadanos Argentinos en Francia (ACAF). El 4 de marzo, un primer coloquio con el aporte testimonial y reflexivo de militantes de diferentes movimientos y organizaciones en los a\u00f1os 70, seguido, d\u00edas m\u00e1s tarde, por otro con el an\u00e1lisis pol\u00edtico de los golpes de Estado en Argentina de 1930 en adelante. Entre el 19 y el 23 se realizar\u00e1n tres actividades culturales y conmemorativas: la presentaci\u00f3n de <i>Un ciudadano com\u00fan en \u00e9poca de dictadura<\/i>, el \u00faltimo libro del periodista rioplatense V\u00edctor Hugo Morales; el Itinerario de la Memoria en varios sitios parisinos ligados a la resistencia argentina de los 70 y la proyecci\u00f3n en la Universidad Par\u00eds-Cit\u00e9 de la pel\u00edcula <i>Yo, la hermana Alice<\/i>, del realizador Alberto Marquardt. El mismo 24 de marzo, la comunidad argentina y latinoamericana, con el apoyo de diversos partidos y sindicatos, convocan a una manifestaci\u00f3n masiva en las inmediaciones de la Embajada argentina, sitio emblem\u00e1tico de la protesta solidaria estas \u00faltimas cinco d\u00e9cadas (<em><a class=\"spip_url spip_out auto\" href=\"https:\/\/www.facebook.com\/ACAFasamblea\/?locale=fr_FR\" target=\"_blank\" rel=\"external nofollow noopener\">https:\/\/www.facebook.com\/ACAFasamblea\/?locale=fr_FR<\/a><\/em>).<\/span><\/p>\n<p style=\"text-align: justify;\"><span style=\"font-size: 14pt;\">La cr\u00edtica que tiene alternativas. La denuncia que genera conciencia. Las consignas que definen prioridades. Como concluye la Declaraci\u00f3n suiza: \u201cNunca m\u00e1s al Terrorismo de Estado. No al proyecto econ\u00f3mico-social de Milei. No al negacionismo en cualquiera de sus versiones en cualquier lugar del planeta\u201d. M\u00e1s que nunca, ahora se trata de reforzar la solidaridad internacional activa que reverdece, justamente, en este marzo, con la misma primavera europea.<\/span><\/p>\n<p><strong><span style=\"font-size: 14pt;\">Sergio Ferrari, 9-3-2026<\/span><\/strong><\/p>\n<ul>\n<li><strong><span style=\"font-size: 18pt;\"><a href=\"https:\/\/www.brasil247.com\/blog\/50-anos-apos-o-golpe-na-argentina-memoria-antiditatorial-solidariedade-antinegacionista\"><span lang=\"es-419\">PT 50 anos ap\u00f3s o golpe na Argentina: mem\u00f3ria antiditatorial, solidariedade antinegacionista<\/span><\/a><\/span><\/strong><\/li>\n<li><strong><span style=\"font-size: 18pt;\"><a href=\"https:\/\/giuliochinappi.com\/2026\/03\/10\/a-50-anni-dal-golpe-in-argentina-memoria-antidittatoriale-solidarieta-antinegazionista\/\"><span lang=\"es-419\">IT A 50 anni dal golpe in Argentina: memoria antidittatoriale, solidariet\u00e0 antinegazionista<\/span><\/a><\/span><\/strong><\/li>\n<li><strong><span style=\"font-size: 18pt;\"><a href=\"https:\/\/humanitaire.ws\/50-ans-apres-le-coup-detat-en-argentine-memoire-antidictatoriale-solidarite-anti-negationniste\/\"><span lang=\"es-419\">FR 50 ans apr\u00e8s le coup d\u2019\u00c9tat en Argentine : m\u00e9moire antidictatoriale, solidarit\u00e9 anti-n\u00e9gationniste\u00a0<\/span><\/a><\/span><\/strong><\/li>\n<li><strong><span style=\"font-size: 18pt;\"><a href=\"https:\/\/humanitaire.ws\/50-ans-apres-le-coup-detat-en-argentine-memoire-antidictatoriale-solidarite-anti-negationniste\/\"><span lang=\"es-419\">DE <\/span><\/a><\/span><a href=\"https:\/\/tlaxcala-int.blogspot.com\/2026\/03\/50-jahre-nach-dem-putsch-in-argentinien.html\"><span style=\"font-size: 14pt;\"><span style=\"font-size: 18pt;\">50 Jahre nach dem Putsch in Argentinien: antidiktatorisches Ged\u00e4chtnis, antinegationistische Solidarit\u00e4t<\/span><\/span><\/a><\/strong><b><\/b><\/li>\n<\/ul>\n","protected":false},"excerpt":{"rendered":"<p>Como concluye la Declaraci\u00f3n suiza: \u201cNunca m\u00e1s al Terrorismo de Estado. No al proyecto econ\u00f3mico-social de Milei. No al negacionismo en cualquiera de sus versiones en cualquier lugar del planeta\u201d. M\u00e1s que nunca, ahora se trata de reforzar la solidaridad internacional activa que reverdece, justamente, en este marzo, con la misma primavera europea.<\/p>\n","protected":false},"author":887,"featured_media":85211,"comment_status":"open","ping_status":"open","sticky":false,"template":"","format":"standard","meta":{"_uf_show_specific_survey":0,"_uf_disable_surveys":false,"footnotes":""},"categories":[5],"tags":[22163,23500,30976,30964,7682,30965,454,10107,30966],"coauthors":[13416],"class_list":["post-85160","post","type-post","status-publish","format-standard","has-post-thumbnail","hentry","category-editoriales-y-opiniones","tag-argentina-america-latinay-el-caribe-abya-yala","tag-argentina-memoria-historica","tag-golpe-argentino","tag-memoria-antidictatorial","tag-sergio-ferrari","tag-solidaridad-antinegacionista","tag-terrorismo-de-estado","tag-torturas-asesinatos-selectivos","tag-videla-massera-agosti"],"translation":{"provider":"WPGlobus","version":"2.12.2","language":"fr","enabled_languages":["es","fr"],"languages":{"es":{"title":true,"content":true,"excerpt":true},"fr":{"title":false,"content":false,"excerpt":false}}},"_links":{"self":[{"href":"https:\/\/www.lapluma.net\/fr\/wp-json\/wp\/v2\/posts\/85160","targetHints":{"allow":["GET"]}}],"collection":[{"href":"https:\/\/www.lapluma.net\/fr\/wp-json\/wp\/v2\/posts"}],"about":[{"href":"https:\/\/www.lapluma.net\/fr\/wp-json\/wp\/v2\/types\/post"}],"author":[{"embeddable":true,"href":"https:\/\/www.lapluma.net\/fr\/wp-json\/wp\/v2\/users\/887"}],"replies":[{"embeddable":true,"href":"https:\/\/www.lapluma.net\/fr\/wp-json\/wp\/v2\/comments?post=85160"}],"version-history":[{"count":8,"href":"https:\/\/www.lapluma.net\/fr\/wp-json\/wp\/v2\/posts\/85160\/revisions"}],"predecessor-version":[{"id":85213,"href":"https:\/\/www.lapluma.net\/fr\/wp-json\/wp\/v2\/posts\/85160\/revisions\/85213"}],"wp:featuredmedia":[{"embeddable":true,"href":"https:\/\/www.lapluma.net\/fr\/wp-json\/wp\/v2\/media\/85211"}],"wp:attachment":[{"href":"https:\/\/www.lapluma.net\/fr\/wp-json\/wp\/v2\/media?parent=85160"}],"wp:term":[{"taxonomy":"category","embeddable":true,"href":"https:\/\/www.lapluma.net\/fr\/wp-json\/wp\/v2\/categories?post=85160"},{"taxonomy":"post_tag","embeddable":true,"href":"https:\/\/www.lapluma.net\/fr\/wp-json\/wp\/v2\/tags?post=85160"},{"taxonomy":"author","embeddable":true,"href":"https:\/\/www.lapluma.net\/fr\/wp-json\/wp\/v2\/coauthors?post=85160"}],"curies":[{"name":"wp","href":"https:\/\/api.w.org\/{rel}","templated":true}]}}