{"id":85142,"date":"2026-03-08T08:53:20","date_gmt":"2026-03-08T08:53:20","guid":{"rendered":"https:\/\/www.lapluma.net\/?p=85142"},"modified":"2026-03-10T20:18:44","modified_gmt":"2026-03-10T20:18:44","slug":"85142","status":"publish","type":"post","link":"https:\/\/www.lapluma.net\/fr\/2026\/03\/08\/85142\/","title":{"rendered":"8 de Marzo: Sangre, l\u00e1grimas y sudor de mujer"},"content":{"rendered":"<p style=\"padding-left: 40px;\"><span style=\"font-size: 18pt;\"><em><strong>El 8 de marzo es el D\u00eda Internacional de los Derechos de las Mujeres de aqu\u00ed, de all\u00e1 y de acull\u00e1<\/strong><\/em><\/span><\/p>\n<p><span style=\"font-size: 14pt;\">\u00a1C\u00f3mo han frivolizado el D\u00eda Internacional de las \u00a0Mujeres! \u00a1El D\u00eda Internacional de los Derechos de las Mujeres! Se torn\u00f3 en una caricatura, sin historia y sin memoria. Se ha dicho que el capitalismo es experto en convertir en mercanc\u00eda lo que en otro tiempo fue una amenaza a su estabilidad y a sus imposiciones. Aquello que emergi\u00f3 como reivindicaci\u00f3n social, con protestas populares, con alzamientos, con muertes y muchas heridas, con sangre, hay que volverlo trivialidad, porque as\u00ed se puede vender y despojarlo de contextos.<\/span><\/p>\n<p><span style=\"font-size: 14pt;\">Ha sido larga la gesta de las mujeres por la conquista de sus derechos, con presencias no muy visibles, pero s\u00ed hist\u00f3ricas, en la Revoluci\u00f3n Francesa, y un extenso cat\u00e1logo de demostraciones de protesta en los siglos XIX y XX. El capitalismo que, al decir de Marx, naci\u00f3 \u201cchorreando sangre por todos sus poros\u201d, implant\u00f3 jornadas de trabajo inhumanas, que originaron en Europa y Estados Unidos colosales movimientos de reclamo, como el de los \u201cTres Ochos\u201d (ocho horas de trabajo, ocho de descanso y ocho para la educaci\u00f3n).<\/span><\/p>\n<p><span style=\"font-size: 14pt;\">A las luchas por reivindicaciones econ\u00f3micas de las obreras, se sumaron las de los derechos pol\u00edticos, como el del sufragio y por la eliminaci\u00f3n de todas las formas de discriminaci\u00f3n contra las mujeres. Al fragor de las contiendas en Estados Unidos hubo muestras heroicas de huelgas y movimientos sociales, como los muy c\u00e9lebres de los M\u00e1rtires de Chicago, que originaron la creaci\u00f3n \u2014y celebraci\u00f3n\u2014 mundial del Primero de Mayo. Los inmigrantes, a montones, se convert\u00edan en mano de obra barata de f\u00e1bricas, como las textileras, con mayor\u00eda de trabajadoras.<\/span><\/p>\n<p><span style=\"font-size: 14pt;\">En\u00a0<em>La otra historia de los Estados Unidos<\/em>, Howard Zinn muestra descarnados paisajes de obreros explotados hasta la m\u00e9dula y da cuenta de las numerosas luchas de mujeres y hombres por la dignidad y una vida mejor. Un poeta popular, Edwin Markham, escribi\u00f3 en la revista\u00a0<em>Cosmopolitan<\/em>\u00a0sobre las miserables condiciones laborales: \u201cen habitaciones sin ventilaci\u00f3n, las madres y los padres cosen d\u00eda y noche\u2026 y a los ni\u00f1os que est\u00e1n jugando, los patronos los llaman para trabajar junto a sus padres\u201d.<\/span><\/p>\n<p><span style=\"font-size: 14pt;\">En distintas f\u00e1bricas de textiles hab\u00edan ocurrido, en particular en Estados Unidos, graves accidentes con muertes a mont\u00f3n, por las infrahumanas condiciones de explotaci\u00f3n e inseguridad industrial. Las mujeres, hacinadas en las f\u00e1bricas, laboraban diecis\u00e9is horas al d\u00eda. En Nueva York, a principios del siglo XX, hab\u00eda quinientas f\u00e1bricas de ropa. \u201cEn esos agujeros malsanos, todos nosotros, hombres, mujeres y j\u00f3venes \u00a1trabaj\u00e1bamos entre setenta y ochenta horas semanales, incluidos los s\u00e1bados y domingos! El s\u00e1bado a la tarde, colgaban un cartel que dec\u00eda: \u2018Si no ven\u00eds el domingo, no hace falta que veng\u00e1is el lunes\u201d, testimoni\u00f3 una mujer, citada por Zinn.<\/span><\/p>\n<figure style=\"width: 638px\" class=\"wp-caption aligncenter\"><img loading=\"lazy\" decoding=\"async\" src=\"https:\/\/blogger.googleusercontent.com\/img\/b\/R29vZ2xl\/AVvXsEh-KM2hlapKHaFeW4odSMzJoJuv9Wks4zB1_dklI6PKAsK5ruQWPTHtq9TOIemFitbyjW81pBoXWXIRTpoVv06TC8dWSBhjxDKKOxYVA1Q8r_Faebej1iOqEkArvzQDkkJ3_tI5PFfskR8qQxVBkZpF5ZiriDmebL7E3VqoKfMhggQ1MAHtMfrkHdFN1CEO\/w640-h346-rw\/Triangle%200.jpg\" alt=\"\" width=\"638\" height=\"346\" \/><figcaption class=\"wp-caption-text\">22 de noviembre de 1909: estalla el \u00ablevantamiento de l@s 20 000\u00bb. La huelga general dura 13 semanas. 13 000 trabajador@s consiguen un contrato que establece aumentos salariales. En la foto, una reuni\u00f3n en Rutgers Square el 4 de diciembre: la mujer de espaldas es sin duda Clara Lemlich, una de las impulsoras de la huelga.<\/figcaption><\/figure>\n<p><span style=\"font-size: 14pt;\">En 1909, las trabajadoras de ropa, en Estados Unidos, promovieron una huelga general, con la muy significativa participaci\u00f3n de mujeres negras. Sin embargo, las penosas condiciones laborales no cambiaron y, al contrario, se agudizaron en todas las f\u00e1bricas. En 1911, en la Compa\u00f1\u00eda Triangle, que cerraba sus puertas con pestillo a fin de vigilar y controlar a sus empleados, un incendio caus\u00f3 la muerte de 146 trabajadores, en su mayor\u00eda obreras. En Broadway marcharon cien mil personas en honor a los sacrificados por las b\u00e1rbaras condiciones del capitalismo.<\/span><\/p>\n<figure style=\"width: 562px\" class=\"wp-caption aligncenter\"><img loading=\"lazy\" decoding=\"async\" class=\"size-full\" src=\"https:\/\/blogger.googleusercontent.com\/img\/b\/R29vZ2xl\/AVvXsEhUuE4UVNigGp_bfFikMrVCnk-e5UE2llfhUJ-wR-5YGfPzVa2q6QJpuexuYA7l3oD-BNpS_KWd7jFSDxndTVtc7D_4-K4aB-jy0Eywe1fyay8p37fX124E7lkEgFB3CTIpNI4nSWWZ01IRG20YeXn_zdL2vHhCF3-aDf7BsotVY-r5lTr_Iz8028GAYV8j\/w562-h640-rw\/Triangle%201.jpg\" width=\"562\" height=\"640\" \/><figcaption class=\"wp-caption-text\">\u00ab\u00bfQui\u00e9n es el responsable? \u00bfQui\u00e9n es el responsable de la muerte de ciento cuarenta y cinco j\u00f3venes, hombres y mujeres, en una trampa de fuego \u00aba prueba de incendios\u00bb? \u00bfSobre qui\u00e9n recae la culpa por las escaleras inadecuadas, anticuadas y peligrosas y por la \u00fanica salida de emergencia, que fue posible porque el edificio estaba clasificado como \u00aba prueba de incendios\u00bb? Estas chicas muertas claman en voz alta, no por venganza, sino por justicia. Sus cuerpos calcinados exigen protecci\u00f3n para las miles de compa\u00f1eras trabajadoras que a\u00fan no han sido sacrificadas al fuego. Sus labios silenciosos preguntan: \u00ab\u00bfQui\u00e9n es el responsable?\u00bb. Vi\u00f1eta editorial del New York Evening Journal del 28 de marzo de 1911.<\/figcaption><\/figure>\n<figure style=\"width: 639px\" class=\"wp-caption aligncenter\"><img loading=\"lazy\" decoding=\"async\" class=\"size-full\" src=\"https:\/\/blogger.googleusercontent.com\/img\/b\/R29vZ2xl\/AVvXsEiLWVLyrhm266dTiBp0z4ESpGRPYOEP-I-e6e0ROOeIhBrKRAeoys2VD6Whe02-BN6M1wZRI_NwwEVYYIb4zmVLwckxS5yeWzpEGdAqEVpC_IaCXnclMORk2F78yH7IXDHjflNHRvIPfHrChakt6UsEZld7vVE_w0lxAmlcYjX0tN7OS5TIZ5NfzgyBCqmC\/w640-h510-rw\/Triangle%202.jpg\" width=\"639\" height=\"510\" \/><figcaption class=\"wp-caption-text\"><b><span lang=\"\" style=\"font-family: Noto Sans;\" data-keep-original-tag=\"false\" data-original-attrs=\"{\"><span style=\"color: #0b5394;\" data-keep-original-tag=\"false\" data-original-attrs=\"{\">Protesta obrera despu\u00e9s del incendio. La mayor\u00eda de las v\u00edctimas eran obreras italianas y jud\u00edas<\/span><\/span><\/b><\/figcaption><\/figure>\n<p><span style=\"font-size: 14pt;\">Tantos atropellos contra las obreras, en especial en las f\u00e1bricas estadounidenses, motivaron a que, en la celebraci\u00f3n de la Segunda Conferencia de Mujeres Socialistas, en Copenhague, se declarara el 8 de marzo como el\u00a0<strong>D\u00eda Internacional de la Mujer Trabajadora<\/strong>, gracias a una moci\u00f3n propuesta por la dirigente Clara Zetkin. Esta fecha, atravesada por inmensos sacrificios de las obreras, por su sangre y su sudor y sus l\u00e1grimas, se oficializ\u00f3 en el mundo por las Naciones Unidas, en 1975, con el nombre de D\u00eda Internacional de la Mujer.<\/span><\/p>\n<figure style=\"width: 453px\" class=\"wp-caption aligncenter\"><img loading=\"lazy\" decoding=\"async\" src=\"https:\/\/blogger.googleusercontent.com\/img\/b\/R29vZ2xl\/AVvXsEiGA3fwy_zKTjjl3qsP2QvF-hB2XDUNmVyrwU6nhO_W4vKncFlQIrZdv4mXPR1yFtehBqDWClRUUPyDO_gvOFNZhn161_RFtsxkDMORlsm9CpyU9uKR6ygsiNWP2mB2s_3JO8Mnb-GeEEBOBhA7Phg1pjdXBtkSD0UCDulCT9F8EywZEMK8GSK4-khhlu9z\/w454-h640-rw\/Clara%20Rosa%201910.jpg\" alt=\"\" width=\"453\" height=\"640\" \/><figcaption class=\"wp-caption-text\">Clara Zetzkin y Rosa Luxemburg, 1910<\/figcaption><\/figure>\n<p><span style=\"font-size: 14pt;\">\u00a0La conmemoraci\u00f3n del 8 de marzo es un ejercicio de historia del maltrato, de la persecuci\u00f3n, discriminaci\u00f3n y otras explotaciones a las mujeres, en especial a las trabajadoras de aqu\u00ed y de all\u00e1. En Colombia, las obreras abrieron un camino de reivindicaciones en febrero y marzo de 1920, cuando cuatrocientas se\u00f1oritas de la F\u00e1brica de Tejidos de Bello realizaron la primera huelga (estrenaron el derecho de huelga, aprobado en 1919) en el pa\u00eds.\u00a0<a href=\"https:\/\/glocalworkshop.com\/huelga-y-muerte-de-la-senorita-betsabe\/\"><strong>Betsab\u00e9 Espinal<\/strong><\/a>\u00a0se erigi\u00f3 como el faro de aquel glorioso movimiento de \u201cvirgencitas rebeldes\u201d, de Juanas de Arco a la colombiana, como las calificaron reporteros de la \u00e9poca.<\/span><\/p>\n<figure style=\"width: 412px\" class=\"wp-caption aligncenter\"><img loading=\"lazy\" decoding=\"async\" class=\"size-full\" src=\"https:\/\/blogger.googleusercontent.com\/img\/b\/R29vZ2xl\/AVvXsEj9iEYdXT03SSozHno3qTSkX0tRbx3R4gmTkAX3WoXJcesDr-n7Xw0ANiri-ZWUI7Rb0WnUWefEhp8WBS3muQpuMX99heugpIaRPDPwDNquvOzHB7euF5FWauuzwifH_omIhaDX-N20P2wc5JiGPp2ncLbkAkFvIbkG4y8bE-CflfYPlF3O4AX_O9XFePIB\/w412-h640-rw\/Frauentag_1914_Heraus_mit_dem_Frauenwahlrecht.jpg\" width=\"412\" height=\"639\" \/><figcaption class=\"wp-caption-text\">\u00abLas mujeres que cumplen plenamente con sus obligaciones como trabajadoras, madres y miembros de la comunidad, que deben pagar sus impuestos al Estado y al municipio, hasta ahora se han visto privadas de la plena ciudadan\u00eda debido a los prejuicios y al pensamiento reaccionario. Luchar por este derecho humano fundamental debe ser la voluntad inquebrantable y firme de cada mujer, de cada trabajadora. No debe haber descanso ni pausa. Por lo tanto, mujeres y ni\u00f1as, acudan todas el domingo 8 de marzo de 1914 a las nueve asambleas p\u00fablicas de mujeres por el derecho al voto\u00bb. Cartel de Karl Maria Stadler, que inspir\u00f3 a este, de la editorial Rotation, en Berl\u00edn Occidental, en 1978.<\/figcaption><\/figure>\n<p><img loading=\"lazy\" decoding=\"async\" class=\"aligncenter size-full\" src=\"https:\/\/blogger.googleusercontent.com\/img\/b\/R29vZ2xl\/AVvXsEja_qM6RCSqeuPuWvd-IJhSgAjotu7Wf85J0LdlYlMnsX_kXu9RLPPWZsj4nCK6tNg6LwdPsoLbpZqhwWBoT7rhOveX8_bVCbz1x2RTu2P3ztEsliIQRTawKUzRbVXoKHSCt0jexlgAMYb9GKiDfxZYkI4Rpy8-on3ZSyYBdzV8fk7SbJYjW41opZXi1tkz\/w444-h640-rw\/8%20Mars%201978%20%20Rotation.jpg\" width=\"444\" height=\"640\" \/><\/p>\n<p><span style=\"font-size: 14pt;\">El D\u00eda Internacional de la Mujer es la memoria de numerosas lides de trabajadoras en el mundo que, con su hero\u00edsmo y capacidad de lucha, portando el fardo de las discriminaciones, se levantaron contra las imposiciones y atropellos de los due\u00f1os de las f\u00e1bricas. No es una fecha balad\u00ed ni un d\u00eda comercial, como se ha querido imponer desde hace tiempos, con un intento, tanto oficial como de otros sectores, de descontextualizar y borrar las intr\u00e9pidas faenas de las mujeres por su dignidad y la conquista de derechos dentro y fuera de las factor\u00edas.<\/span><\/p>\n<p><span style=\"font-size: 14pt;\">Todo lo que al capitalismo le huela a disturbios, a revoluciones sociales, a transformaciones del sistema de producci\u00f3n, lo oculta, lo censura, lo combate, lo ridiculiza. Y, adem\u00e1s, lo vuelve una mercanc\u00eda m\u00e1s del mercado, le borra la historia y deja solo excrecencias que pueden venderse, que producen plusval\u00edas. As\u00ed se ha banalizado el D\u00eda Internacional de los Derechos de la Mujer. Se volvi\u00f3 un bazar, una recocha sin contextos hist\u00f3ricos ni pol\u00edticos.<\/span><\/p>\n<p><span style=\"font-size: 14pt;\">El 8 de marzo es una jornada universal para saber un poco m\u00e1s sobre Rosa Luxemburgo, Mar\u00eda Cano, Nadia Krupskaya, Betsab\u00e9 Espinal y sobre las obreras incineradas en f\u00e1bricas de ropas y tejidos; sobre las sufragistas, sobre las Madres de Soacha, sobre las Madres de Mayo\u2026 No es una celebraci\u00f3n de p\u00e9talos y bombones, sino una conmemoraci\u00f3n para caminar de la mano de la historia y de las utop\u00edas.<\/span><\/p>\n<figure style=\"width: 426px\" class=\"wp-caption aligncenter\"><img loading=\"lazy\" decoding=\"async\" class=\"size-full\" src=\"https:\/\/blogger.googleusercontent.com\/img\/b\/R29vZ2xl\/AVvXsEj6WM3Qd7xQQIERC0yfOY7HpXiGZiRH9r6YJwYPn0PPFncPQmkjrTTvd7I5WFZ5Py3B6o84JEKgbaR5aFCcvTvxoMhhWNEBi9Yl4OV3_HGSC4s8B_Sp3T8qF-ElaC2bbmnLr4fDLKWhxd1J6ymAXJuEwBVzhLrEk5FW-yhU0OJnjQ_pi0HXuZdqRMU9CR7m\/w426-h640-rw\/Rana%20Plaza.jpg\" width=\"426\" height=\"639\" \/><figcaption class=\"wp-caption-text\">\u00abYo fabriqu\u00e9 su ropa\u00bb. En noviembre de 2012, un incendio en la f\u00e1brica Tazreen Fashion de Bangladesh caus\u00f3 la muerte de al menos 112 trabajadoras. El 24 de abril de 2013, el derrumbe del edificio Rana Plaza, en un suburbio de Daca, caus\u00f3 la muerte de 1134 trabajadoras textiles y dej\u00f3 heridas a cientos de supervivientes.Un siglo despu\u00e9s de Triangle, ha cambiado la geograf\u00eda, pero no la historia.<\/figcaption><\/figure>\n<p><span style=\"font-size: 14pt;\"><b><strong><br \/>\n<\/strong><\/b><strong><span style=\"font-size: 18pt;\"><a href=\"https:\/\/reinaldospitaletta.wordpress.com\/author\/spitaletta200118\/\">Reinaldo Spitaletta<\/a>, 6 de marzo de 2026<\/span><\/strong><\/span><\/p>\n<p><strong><span style=\"font-size: 18pt;\">Editado por <a href=\"https:\/\/tlaxcala-int.blogspot.com\/2026\/03\/8-de-marzo-sangre-lagrimas-y-sudor-de.html\">Tlaxcala<\/a><\/span><\/strong><\/p>\n<p><a href=\"https:\/\/tlaxcala-int.blogspot.com\/2026\/03\/8-mars-sang-larmes-et-sueur-de-femme.html\"><strong><span style=\"font-size: 18pt;\">Fran\u00e7ais<\/span><\/strong><\/a> <strong><em>&#8211; <\/em><span style=\"color: #0000ff;\"><span style=\"font-size: 18pt;\"><a style=\"color: #0000ff;\" href=\"https:\/\/comune-info.net\/8-marzo-sangue-lacrime-e-sudore-delle-donne\/\" target=\"_blank\" rel=\"noopener noreferrer nofollow\">Italiano<\/a><\/span><\/span><\/strong><\/p>\n<h1 class=\"entry-title\"><span style=\"font-size: 18pt;\"><span style=\"color: #008080; font-family: book antiqua, palatino, serif; font-size: 24pt;\">Convocatorias 8 de marzo 2026<\/span><br \/>\n<a href=\"https:\/\/www.instagram.com\/p\/DVjo_kjDyrU\/?img_index=1\">en Colombia<\/a><br \/>\n<a href=\"https:\/\/tn.com.ar\/politica\/2026\/03\/07\/organizaciones-feministas-convocaron-a-un-paro-y-una-marcha-a-plaza-de-mayo-este-lunes-por-el-dia-de-la-mujer\/\">en Argentina<\/a><br \/>\n<a href=\"https:\/\/los40.cl\/2026\/03\/05\/8m-2026-revisa-las-convocatorias-a-marcha-a-lo-largo-de-chile\/\">en Chile<\/a><br \/>\n<a href=\"https:\/\/www.infobae.com\/mexico\/2026\/02\/26\/marcha-8m-2026-estos-son-los-puntos-de-reunion-de-los-colectivos-en-cada-estado\/\">en M\u00e9xico<\/a><br \/>\n<\/span><span style=\"font-size: 18pt;\"><a href=\"https:\/\/www.univision.com\/noticias\/estados-unidos\/8m-2026-marchas-y-eventos-masivos-en-eeuu-por-el-dia-internacional-de-la-mujer\">en USA<\/a><br \/>\n<a href=\"https:\/\/kaosenlared.net\/convocatorias-8-de-marzo-2026-dia-internacional-de-las-mujeres\/\">en el Estado espa\u00f1ol<\/a><\/span><\/h1>\n","protected":false},"excerpt":{"rendered":"<p>\u00a0La conmemoraci\u00f3n del 8 de marzo es un ejercicio de historia del maltrato, de la persecuci\u00f3n, discriminaci\u00f3n y otras explotaciones a las mujeres, en especial a las trabajadoras de aqu\u00ed y de all\u00e1.<\/p>\n","protected":false},"author":20,"featured_media":85145,"comment_status":"open","ping_status":"open","sticky":false,"template":"","format":"standard","meta":{"_uf_show_specific_survey":0,"_uf_disable_surveys":false,"footnotes":""},"categories":[5],"tags":[],"coauthors":[265],"class_list":["post-85142","post","type-post","status-publish","format-standard","has-post-thumbnail","hentry","category-editoriales-y-opiniones"],"translation":{"provider":"WPGlobus","version":"2.12.2","language":"fr","enabled_languages":["es","fr"],"languages":{"es":{"title":true,"content":true,"excerpt":true},"fr":{"title":false,"content":false,"excerpt":false}}},"_links":{"self":[{"href":"https:\/\/www.lapluma.net\/fr\/wp-json\/wp\/v2\/posts\/85142","targetHints":{"allow":["GET"]}}],"collection":[{"href":"https:\/\/www.lapluma.net\/fr\/wp-json\/wp\/v2\/posts"}],"about":[{"href":"https:\/\/www.lapluma.net\/fr\/wp-json\/wp\/v2\/types\/post"}],"author":[{"embeddable":true,"href":"https:\/\/www.lapluma.net\/fr\/wp-json\/wp\/v2\/users\/20"}],"replies":[{"embeddable":true,"href":"https:\/\/www.lapluma.net\/fr\/wp-json\/wp\/v2\/comments?post=85142"}],"version-history":[{"count":8,"href":"https:\/\/www.lapluma.net\/fr\/wp-json\/wp\/v2\/posts\/85142\/revisions"}],"predecessor-version":[{"id":85158,"href":"https:\/\/www.lapluma.net\/fr\/wp-json\/wp\/v2\/posts\/85142\/revisions\/85158"}],"wp:featuredmedia":[{"embeddable":true,"href":"https:\/\/www.lapluma.net\/fr\/wp-json\/wp\/v2\/media\/85145"}],"wp:attachment":[{"href":"https:\/\/www.lapluma.net\/fr\/wp-json\/wp\/v2\/media?parent=85142"}],"wp:term":[{"taxonomy":"category","embeddable":true,"href":"https:\/\/www.lapluma.net\/fr\/wp-json\/wp\/v2\/categories?post=85142"},{"taxonomy":"post_tag","embeddable":true,"href":"https:\/\/www.lapluma.net\/fr\/wp-json\/wp\/v2\/tags?post=85142"},{"taxonomy":"author","embeddable":true,"href":"https:\/\/www.lapluma.net\/fr\/wp-json\/wp\/v2\/coauthors?post=85142"}],"curies":[{"name":"wp","href":"https:\/\/api.w.org\/{rel}","templated":true}]}}