{"id":85080,"date":"2026-03-06T13:59:25","date_gmt":"2026-03-06T13:59:25","guid":{"rendered":"https:\/\/www.lapluma.net\/?p=85080"},"modified":"2026-03-06T15:05:38","modified_gmt":"2026-03-06T15:05:38","slug":"85080","status":"publish","type":"post","link":"https:\/\/www.lapluma.net\/fr\/2026\/03\/06\/85080\/","title":{"rendered":"Colombia:  Un desahogo por el cambio"},"content":{"rendered":"<p style=\"text-align: justify;\"><span style=\"font-size: 14pt;\">En un proyecto de cambio las instituciones deben servir para algo m\u00e1s que pelear con las \u00e9lites. Es parte importante mostrarles los dientes no cada cierto tiempo si no siempre, manten\u00e9rselos pelaos al aire como los pitbull o los rottweiler ante los forasteros. Pero no es suficiente.<\/span><\/p>\n<p style=\"text-align: justify;\"><span style=\"font-size: 14pt;\">Las \u00e9lites colombianas, hist\u00f3ricamente las m\u00e1s reaccionarias y violentas de toda Latinoam\u00e9rica, no toleran el m\u00e1s m\u00ednimo movimiento que ponga en riesgo su hist\u00f3rica posici\u00f3n privilegiada. Son por definici\u00f3n conservadoras. Quisquillosas y nerviosas. Cualquier movimiento o cambio que intente descolocarlas, por muy tibio o reformista que sea, lo responden reactivamente, con nerviosismo y con miedo. Por eso quiz\u00e1s son tan violentas. La \u00fanica f\u00f3rmula de cambio que les es \u00fatil y que consienten es la del viejo y c\u00e9lebre dicho de Lampedusa:<em> \u201cque todo cambie para que todo siga igual\u201d<\/em>. Y eso que s\u00f3lo lo consienten cuando est\u00e1n en aprietos, del resto ni se mosquean. Ya est\u00e1 m\u00e1s que probado por la historia su car\u00e1cter reaccionario y violento. <a href=\"https:\/\/www.senalmemoria.co\/articulos\/guerra-civil-1854-arremetida-artesanos\">La revoluci\u00f3n de Melo de 1854<\/a>, <a href=\"https:\/\/blogs.mediapart.fr\/hernando-calvo-ospina\/blog\/071219\/colombia-diciembre-de-1928-la-masacre-de-las-bananeras\">la huelga de las bananeras de 1928<\/a>, <a href=\"https:\/\/www.museonacional.gov.co\/noticias\/Paginas\/Revolucion_en_marcha.aspx\">la Revoluci\u00f3n en Marcha de L\u00f3pez Pumarejo<\/a>, el grito popular <a href=\"https:\/\/ecospoliticos.com\/reportajes\/7417-%C2%A1a-la-carga\">\u201cA la Carga\u201d de Gait\u00e1n,<\/a> la <a href=\"https:\/\/www.comisiondelaverdad.co\/la-reforma-agraria-de-carlos-lleras\">reformeta agraria de Carlos Lleras<\/a>, el <a href=\"https:\/\/centrodememoriahistorica.gov.co\/el-paro-civico-de-1977-cuando-colombia-se-detuvo\/\">Paro c\u00edvico Nacional de 1977<\/a>, el estallido social de 2021, para s\u00f3lo mencionar algunos casos, fueron respondidos con reacci\u00f3n y en muchos casos con furia violenta. Son \u00e9lites en las que cada lujo o privilegio esta ensangrentado. No es sino medio exprimirlo y brota sangre por todos sus poros. La reciente operaci\u00f3n de despojo de tierras efectuada por los paramilitares y militares a finales del siglo XX fue encabezada por ellas, manchada de sangre y dolor. Y lo curioso de todo ello es que lo han podido hacer muchas veces con la legalidad en las manos, por lo general no violentan las reglas sino que las aplican. No han tenido que dar golpes de estado o implantar dictaduras militares como las del cono sur en los a\u00f1os sesenta y setenta. Hasta bien entrado el siglo XX fuimos gobernados por el r\u00e9gimen de estado de sitio, que pr\u00e1cticamente consagr\u00f3 un estado contrainsurgente y de dictadura civil. En ese marco, Turbay Ayala (1978-1982) pudo torturar y desaparecer mucha gente, a diestra y siniestra, a l\u00edderes sociales y de izquierda. En los ochenta y noventa mataron a m\u00e1s de 4.000 militantes de la Uni\u00f3n Patri\u00f3tica, el primer partidicidio cometido por \u201cuna democracia inc\u00f3lume\u201d. Ya sin necesidad de reg\u00edmenes de excepci\u00f3n y sin disimulos el gobierno de Uribe V\u00e9lez pudo matar a m\u00e1s de 6.400 j\u00f3venes inocentes bajo la sola sospecha de no estar recogiendo caf\u00e9.<\/span><\/p>\n<figure id=\"attachment_85085\" aria-describedby=\"caption-attachment-85085\" style=\"width: 629px\" class=\"wp-caption aligncenter\"><img loading=\"lazy\" decoding=\"async\" class=\"wp-image-85085\" src=\"https:\/\/www.lapluma.net\/wp-content\/uploads\/2026\/03\/Gaitan_a_la_carga-300x214.jpg\" alt=\"\" width=\"629\" height=\"449\" srcset=\"https:\/\/www.lapluma.net\/wp-content\/uploads\/2026\/03\/Gaitan_a_la_carga-300x214.jpg 300w, https:\/\/www.lapluma.net\/wp-content\/uploads\/2026\/03\/Gaitan_a_la_carga.jpg 600w\" sizes=\"auto, (max-width: 629px) 100vw, 629px\" \/><figcaption id=\"caption-attachment-85085\" class=\"wp-caption-text\">\u00a1Por la restauraci\u00f3n moral de la Rep\u00fablica, a la carga! : Gait\u00e1n<\/figcaption><\/figure>\n<p><img loading=\"lazy\" decoding=\"async\" class=\"aligncenter wp-image-85086\" src=\"https:\/\/www.lapluma.net\/wp-content\/uploads\/2026\/03\/Paro-Civico-1977-X-300x300.jpg\" alt=\"\" width=\"600\" height=\"600\" srcset=\"https:\/\/www.lapluma.net\/wp-content\/uploads\/2026\/03\/Paro-Civico-1977-X-300x300.jpg 300w, https:\/\/www.lapluma.net\/wp-content\/uploads\/2026\/03\/Paro-Civico-1977-X-1024x1024.jpg 1024w, https:\/\/www.lapluma.net\/wp-content\/uploads\/2026\/03\/Paro-Civico-1977-X-150x150.jpg 150w, https:\/\/www.lapluma.net\/wp-content\/uploads\/2026\/03\/Paro-Civico-1977-X-768x768.jpg 768w, https:\/\/www.lapluma.net\/wp-content\/uploads\/2026\/03\/Paro-Civico-1977-X-1536x1536.jpg 1536w, https:\/\/www.lapluma.net\/wp-content\/uploads\/2026\/03\/Paro-Civico-1977-X.jpg 2000w\" sizes=\"auto, (max-width: 600px) 100vw, 600px\" \/><\/p>\n<figure id=\"attachment_85088\" aria-describedby=\"caption-attachment-85088\" style=\"width: 600px\" class=\"wp-caption aligncenter\"><img loading=\"lazy\" decoding=\"async\" class=\"wp-image-85088\" src=\"https:\/\/www.lapluma.net\/wp-content\/uploads\/2026\/03\/Colombia-Estallido-social-2021-300x169.jpg\" alt=\"\" width=\"600\" height=\"338\" srcset=\"https:\/\/www.lapluma.net\/wp-content\/uploads\/2026\/03\/Colombia-Estallido-social-2021-300x169.jpg 300w, https:\/\/www.lapluma.net\/wp-content\/uploads\/2026\/03\/Colombia-Estallido-social-2021-1024x576.jpg 1024w, https:\/\/www.lapluma.net\/wp-content\/uploads\/2026\/03\/Colombia-Estallido-social-2021-768x432.jpg 768w, https:\/\/www.lapluma.net\/wp-content\/uploads\/2026\/03\/Colombia-Estallido-social-2021-1536x864.jpg 1536w, https:\/\/www.lapluma.net\/wp-content\/uploads\/2026\/03\/Colombia-Estallido-social-2021-870x489.jpg 870w, https:\/\/www.lapluma.net\/wp-content\/uploads\/2026\/03\/Colombia-Estallido-social-2021-895x503.jpg 895w, https:\/\/www.lapluma.net\/wp-content\/uploads\/2026\/03\/Colombia-Estallido-social-2021.jpg 1920w\" sizes=\"auto, (max-width: 600px) 100vw, 600px\" \/><figcaption id=\"caption-attachment-85088\" class=\"wp-caption-text\">Colombia Estallido social 2021.<\/figcaption><\/figure>\n<p style=\"text-align: justify;\"><span style=\"font-size: 14pt;\">Si la naturaleza y profundidad de un cambio dependieran del car\u00e1cter violento, reactivo y reaccionario de quienes detentan el poder, hace rato que las \u00e9lites colombianas se merecen un cambio dr\u00e1stico, una revoluci\u00f3n social. Pero no, aqu\u00ed no se ha podido. En la segunda mitad del siglo XX se intent\u00f3 hacer revoluciones populares por la v\u00eda de la guerra y ninguna triunf\u00f3. El narcotr\u00e1fico ayud\u00f3 a echar a perder todo. Toda la izquierda armada en sus incontables siglas fue y siguen siendo un fracaso, hasta el punto de la degradaci\u00f3n de sus actores y de la guerra misma. Que son experiencias para aprender de ellas y no incurrir en sus desatinos, no cabe la menor duda. Pero fracas\u00f3. Por su parte, la izquierda no armada s\u00f3lo hasta hace cuatro a\u00f1os pudo triunfar, gracias sobre todo al extremo desprestigio del r\u00e9gimen uribista y la movilizaci\u00f3n popular. Pero se trat\u00f3 s\u00f3lo de un triunfo en el Gobierno y no en el Estado, ni hegem\u00f3nicamente en la sociedad. Y desde la experiencia de Allende se sabe que una cosa es ganar el gobierno y otra el poder. Todav\u00eda la \u00e9lite tiene muchas casamatas para disuadir y limitar el poder del presidente.<\/span><\/p>\n<p style=\"text-align: justify;\"><span style=\"font-size: 14pt;\">Tras la promulgaci\u00f3n de la Constituci\u00f3n de 1991, con mucho de ingenuidad y poco de suspicacia, mucha gente de izquierda se engatus\u00f3 con el slogan de la llegada de un \u201cnuevo pa\u00eds\u201d, y hasta C\u00e9sar Gaviria (1990-1994) nos vaticin\u00f3 un \u201cbienvenidos al futuro\u201d. Ni unos ni otro ten\u00edan certeza de nada. Los primeros no imaginaban que el viejo pa\u00eds segu\u00eda inc\u00f3lume, vivito y coleando, y el segundo, menos c\u00e1ndido, sab\u00eda que lo que se ven\u00eda como futuro era la peor ofensiva neoliberal y antisocial de la cual a\u00fan no nos reponemos. La constituci\u00f3n se qued\u00f3 en letra muerta, o en el mejor de los casos hecha girones. Casi casi, lo que segu\u00eda imperando era la constituci\u00f3n de 1886. Las Cortes, todas ellas, desde la mistificada Corte constitucional, la Corte Suprema de justicia, el Consejo de Estado y hasta el Banco de la rep\u00fablica se han especializado en paralizar, sabotear o romper la punta de lanza de las iniciativas reformistas de cambio, todo ello, sin incluir al Congreso y actores muy poderosos de la \u201csociedad civil\u201d burguesa, como los poderosos gremios econ\u00f3micos, los medios corporativos y los partidos de derecha y hasta de centro. Este es el bloque de poder hegem\u00f3nico, contra el que se sigue estrellando el reformismo presidencial, sus arengas, sus lobbies institucionales, sus convocatorias a marchas y sus frecuentes amenazas de Consulta Popular, de Asamblea Constituyente y dem\u00e1s. Mostrar los dientes, pelarlos y ladrar duro. Pero no m\u00e1s, ni una sola mordida dura, fuerte, que rompa v\u00e9rtebras, cambie la relaci\u00f3n de fuerzas y nos coloque en un nuevo umbral.<\/span><\/p>\n<p style=\"text-align: justify;\"><span style=\"font-size: 14pt;\">A lo que m\u00e1s aspira esta izquierda institucional gobernante, que se ha reducido pr\u00e1cticamente a una izquierda electoral, es apostar por un nuevo triunfo electoral en la presidencia y convertirse en fuerza mayoritaria en el Congreso. A lo Lula en Brasil o a lo Evo Morales en Bolivia. Y no es que no sea importante pelar los dientes y obtener triunfos electorales importantes, claro que lo es. Pero no es suficiente si estamos pensando en el tipo de cambio que se merece esta oligarqu\u00eda corrupta, reaccionaria y decadente. Hay que trascender las casamatas del bloque hegem\u00f3nico. Y eso requiere empezar, entre otras cosas, por un cambio de m\u00edstica y de sentido de la acci\u00f3n de los agentes de cambio, no quedarse satisfecha, autocomplaciente, con los triunfos electorales. No pensar s\u00f3lo en la pr\u00f3xima coyuntura electoral. Pensar que hacia adelante la tarea es inmensa e hist\u00f3rica. Lo que le espera a la izquierda si quiere dar su merecido a la \u00e9lite dominante es desencadenar un proceso de movilizaci\u00f3n, de agitaci\u00f3n, de organizaci\u00f3n y de revoluci\u00f3n permanente de lo popular. Ir a la sociedad, ir a lo popular, ir a sus luchas y organizaciones y contribuir a que se convierta en sujeto de transformaci\u00f3n revolucionaria, en un proceso de movilizaci\u00f3n permanente. En vez de habitar tantos palacios y palacetes esta izquierda y toda la dem\u00e1s debe volcarse en una acci\u00f3n misionera a las calles de las grandes ciudades, a las barriadas populares, a las veredas y territorios rurales, a las f\u00e1bricas, a las redes sociales, a los colegios y universidades, a las mujeres y j\u00f3venes, al mundo ind\u00edgena y afro, a los m\u00faltiples sectores de la econom\u00eda popular y de resistencia, a construir poder popular. No importa si el triunfo no est\u00e1 a la mano, pero esa premisa s\u00ed que lo facilita enormemente. \u00bfVoluntarismo de la acci\u00f3n? Sin duda. Hasta ahora ning\u00fan cambio relevante en la historia se ha realizado sin la decidida voluntad de los concernidos. Es la garant\u00eda para que una Asamblea Constituyente, por ejemplo, vaya mucho m\u00e1s all\u00e1 de introducir ajustes y reformas a la constituci\u00f3n de 1991 e instituya formas novedosas y revolucionarias de poder popular m\u00e1s all\u00e1 de las consagradas por la democracia liberal y el Estado burgu\u00e9s. Construir poder popular desde ya y no esperar hacerlo tras triunfos electorales o victorias \u00e9picas de la revoluci\u00f3n, ese ser\u00eda el mejor homenaje que podr\u00edamos hacer al sacerdote revolucionario Camilo Torres Restrepo a los 60 a\u00f1os de su muerte.<\/span><\/p>\n<h2><span style=\"font-size: 14pt;\">Jaime Rafael Nieto L\u00f3pez para la Pluma, 4 de marzo de 2026<\/span><\/h2>\n<h2><span style=\"font-size: 14pt;\">Editado por <a href=\"https:\/\/www.lapluma.net\/nosotros\/editora\/\">Mar\u00eda Piedad Ossaba<\/a><\/span><\/h2>\n<p>&nbsp;<\/p>\n","protected":false},"excerpt":{"rendered":"<p>Hasta ahora ning\u00fan cambio relevante en la historia se ha realizado sin la decidida voluntad de los concernidos. Es la garant\u00eda para que una Asamblea Constituyente, por ejemplo, vaya mucho m\u00e1s all\u00e1 de introducir ajustes y reformas a la constituci\u00f3n de 1991 e instituya formas novedosas y revolucionarias de poder popular m\u00e1s all\u00e1 de las consagradas por la democracia liberal y el Estado burgu\u00e9s. Construir poder popular desde ya y no esperar hacerlo tras triunfos electorales o victorias \u00e9picas de la revoluci\u00f3n, ese ser\u00eda el mejor homenaje que podr\u00edamos hacer al sacerdote revolucionario Camilo Torres Restrepo a los 60 a\u00f1os de su muerte.<\/p>\n","protected":false},"author":676,"featured_media":85115,"comment_status":"open","ping_status":"open","sticky":false,"template":"","format":"standard","meta":{"_uf_show_specific_survey":0,"_uf_disable_surveys":false,"footnotes":""},"categories":[5,6],"tags":[30949,10010,29907,30950,24402,30948],"coauthors":[9999],"class_list":["post-85080","post","type-post","status-publish","format-standard","has-post-thumbnail","hentry","category-editoriales-y-opiniones","category-politique","tag-elites-colombianas","tag-jaime-rafael-nieto-lopez","tag-kariba-colombia-america-latina-abya-yala","tag-reaccionarias-y-violentas","tag-revolucion-social","tag-revoluciones-populares"],"translation":{"provider":"WPGlobus","version":"2.12.2","language":"fr","enabled_languages":["es","fr"],"languages":{"es":{"title":true,"content":true,"excerpt":true},"fr":{"title":false,"content":false,"excerpt":false}}},"_links":{"self":[{"href":"https:\/\/www.lapluma.net\/fr\/wp-json\/wp\/v2\/posts\/85080","targetHints":{"allow":["GET"]}}],"collection":[{"href":"https:\/\/www.lapluma.net\/fr\/wp-json\/wp\/v2\/posts"}],"about":[{"href":"https:\/\/www.lapluma.net\/fr\/wp-json\/wp\/v2\/types\/post"}],"author":[{"embeddable":true,"href":"https:\/\/www.lapluma.net\/fr\/wp-json\/wp\/v2\/users\/676"}],"replies":[{"embeddable":true,"href":"https:\/\/www.lapluma.net\/fr\/wp-json\/wp\/v2\/comments?post=85080"}],"version-history":[{"count":7,"href":"https:\/\/www.lapluma.net\/fr\/wp-json\/wp\/v2\/posts\/85080\/revisions"}],"predecessor-version":[{"id":85112,"href":"https:\/\/www.lapluma.net\/fr\/wp-json\/wp\/v2\/posts\/85080\/revisions\/85112"}],"wp:featuredmedia":[{"embeddable":true,"href":"https:\/\/www.lapluma.net\/fr\/wp-json\/wp\/v2\/media\/85115"}],"wp:attachment":[{"href":"https:\/\/www.lapluma.net\/fr\/wp-json\/wp\/v2\/media?parent=85080"}],"wp:term":[{"taxonomy":"category","embeddable":true,"href":"https:\/\/www.lapluma.net\/fr\/wp-json\/wp\/v2\/categories?post=85080"},{"taxonomy":"post_tag","embeddable":true,"href":"https:\/\/www.lapluma.net\/fr\/wp-json\/wp\/v2\/tags?post=85080"},{"taxonomy":"author","embeddable":true,"href":"https:\/\/www.lapluma.net\/fr\/wp-json\/wp\/v2\/coauthors?post=85080"}],"curies":[{"name":"wp","href":"https:\/\/api.w.org\/{rel}","templated":true}]}}