{"id":85053,"date":"2026-03-02T13:04:33","date_gmt":"2026-03-02T13:04:33","guid":{"rendered":"https:\/\/www.lapluma.net\/?p=85053"},"modified":"2026-03-12T15:55:00","modified_gmt":"2026-03-12T15:55:00","slug":"85053","status":"publish","type":"post","link":"https:\/\/www.lapluma.net\/fr\/2026\/03\/02\/85053\/","title":{"rendered":"El imperio apocal\u00edptico que arrastra al mundo al desastre humanitario"},"content":{"rendered":"<p style=\"text-align: justify;\"><span style=\"font-size: 14pt;\">El mundo que se anuncia hoy, al que nos arrastran en esta dantesca lucha de clases y por la hegemon\u00eda global \u2014con misiles y drones asesinando y destruyendo a su paso todo lo que es vida, cultura y seguridad\u2014, no es muy diferente del que anunci\u00f3 el fascismo cuando inici\u00f3 sus ataques y su ofensiva por conquistar Europa, previo a la Segunda Guerra Mundial.<\/span><\/p>\n<p style=\"text-align: justify;\"><span style=\"font-size: 14pt;\">Es el sue\u00f1o que expresan en discursos apocal\u00edpticos y anacr\u00f3nicos, y en ataques mortales contra quienes se declaren opuestos a la pesadilla a la que han llevado a la humanidad los fascistas del imperio apocal\u00edptico: los banqueros multimillonarios, los mandamases de la Casa Blanca, el Pent\u00e1gono y la CIA, en su \u00fanico prop\u00f3sito de reconquistar el pasado siniestro y monstruoso del colonialismo de los \u00faltimos cinco siglos. As\u00ed entienden su para\u00edso.<\/span><\/p>\n<p style=\"text-align: justify;\"><span style=\"font-size: 14pt;\">Es el eje sionista anglosaj\u00f3n, encabezado por Estados Unidos en alianza con el llamado \u00aboccidente europeo\u00bb y el Estado sionista de Israel \u2014creado para mantener su hegemon\u00eda global\u2014, el que nos despierta de nuevo con sus atroces y criminales ataques a los gobiernos y naciones que se niegan a doblegarse y someterse a su dictadura hegem\u00f3nica. Incluida la nueva modalidad de asesinar o secuestrar a sus jefes de Estado, de descabezar a sus comandantes y altos jefes militares, al estilo de la Roma imperial en su ca\u00edda final.<\/span><\/p>\n<p style=\"text-align: justify;\"><span style=\"font-size: 14pt;\">No cabe duda de que el contexto al que nos vemos enfrentados hoy como humanidad es el de una potencia que, ante su declive econ\u00f3mico, industrial y tecnol\u00f3gico, y tras su desgaste y p\u00e9rdida de influencia como la \u00fanica potencia dominante global, rompe completamente las reglas que reg\u00edan el orden internacional y reescribe por la fuerza un nuevo cap\u00edtulo de guerra y destrucci\u00f3n en la historia de la humanidad.<\/span><\/p>\n<p style=\"text-align: justify;\"><span style=\"font-size: 14pt;\">Es en este contexto que debemos leer su ofensiva y reconquista de pueblos sin la misma capacidad y poder de defensa, pero con sus suelos llenos de riquezas naturales, para someterlos al vasallaje con la idea de recuperar el estatus hegem\u00f3nico de los \u00faltimos cien a\u00f1os, estatus que ya no est\u00e1 en capacidad de sostener ni defender frente a la nueva realidad que vive el mundo: la de otras potencias que han emergido.<\/span><\/p>\n<p style=\"text-align: justify;\"><span style=\"font-size: 14pt;\">Por eso se apresura a recomponerse y rehacerse como centro hegem\u00f3nico global a costa de los pueblos que han decidido ser libres e independientes, defendiendo su derecho a ejercer la soberan\u00eda sobre sus suelos y riquezas.<\/span><\/p>\n<p style=\"text-align: justify;\"><span style=\"font-size: 14pt;\">Sin embargo, sin conocimiento de la historia, ante las evidencias hist\u00f3ricas que as\u00ed lo indican y, sobre todo, sin conciencia de clase, no ser\u00e1 posible superar el sistema capitalista acumulador de ayer y el globalismo neoliberal de hoy: el sistema que, de manera esquizofr\u00e9nica, conduce a la humanidad a un nuevo desastre.<\/span><\/p>\n<p style=\"text-align: justify;\"><span style=\"font-size: 14pt;\">Adquiere, entonces, una importancia fundamental la tesis de que no ser\u00e1 posible construir un frente global de pueblos y gobiernos unidos para acumular fuerzas, resistir y enfrentar el peligro que representan los enemigos de la humanidad y de la vida: o nos dejamos someter como pueblos vasallos al modelo econ\u00f3mico y pol\u00edtico que ha destruido no solo la vida de millones de humanos, sino que amenaza con acabar de destruir la vida del planeta y sus recursos naturales limitados; o enfrentamos como humanidad a la minor\u00eda empoderada, defensora del sistema de la muerte y la destrucci\u00f3n.<\/span><\/p>\n<h2><span style=\"font-size: 14pt;\">Oto Higuita<\/span><\/h2>\n<h2><span style=\"font-size: 14pt;\">Traducciones disponibles: <strong><a href=\"https:\/\/link.sbstck.com\/redirect\/92f7613f-eaed-4d4a-aae4-65a4534a4603?j=eyJ1IjoiNm8wcGZmIn0.PWr7K6mOw3MkefKkoP2i6mTZAU9OVqyOvC2U3CquB0s\" target=\"_blank\" rel=\"nofollow noopener noreferrer\">Fran\u00e7ais<\/a><\/strong><\/span><\/h2>\n<h2><span style=\"font-size: 14pt;\">Fuente: <a href=\"https:\/\/tlaxcala-int.blogspot.com\/2026\/03\/el-imperio-apocaliptico-que-arrastra-al.html#more\">Tlaxcala<\/a>, 2 de marzo de 2026<\/span><\/h2>\n<h2><span style=\"font-size: 14pt;\">Editado por <a href=\"https:\/\/www.lapluma.net\/nosotros\/editora\/\">Mar\u00eda Piedad Ossaba<\/a><\/span><\/h2>\n<p style=\"text-align: justify;\">\n","protected":false},"excerpt":{"rendered":"<p>Es el eje sionista anglosaj\u00f3n, encabezado por Estados Unidos en alianza con el llamado \u00aboccidente europeo\u00bb y el Estado sionista de Israel \u2014creado para mantener su hegemon\u00eda global\u2014, el que nos despierta de nuevo con sus atroces y criminales ataques a los gobiernos y naciones que se niegan a doblegarse y someterse a su dictadura hegem\u00f3nica.<\/p>\n","protected":false},"author":188,"featured_media":85057,"comment_status":"open","ping_status":"open","sticky":false,"template":"","format":"standard","meta":{"_uf_show_specific_survey":0,"_uf_disable_surveys":false,"footnotes":""},"categories":[5,6],"tags":[30942,3766,2951],"coauthors":[1615],"class_list":["post-85053","post","type-post","status-publish","format-standard","has-post-thumbnail","hentry","category-editoriales-y-opiniones","category-politique","tag-declive-imperio-yanqui","tag-guerras-imperiales","tag-oto-higuita"],"translation":{"provider":"WPGlobus","version":"2.12.2","language":"fr","enabled_languages":["es","fr"],"languages":{"es":{"title":true,"content":true,"excerpt":true},"fr":{"title":false,"content":false,"excerpt":false}}},"_links":{"self":[{"href":"https:\/\/www.lapluma.net\/fr\/wp-json\/wp\/v2\/posts\/85053","targetHints":{"allow":["GET"]}}],"collection":[{"href":"https:\/\/www.lapluma.net\/fr\/wp-json\/wp\/v2\/posts"}],"about":[{"href":"https:\/\/www.lapluma.net\/fr\/wp-json\/wp\/v2\/types\/post"}],"author":[{"embeddable":true,"href":"https:\/\/www.lapluma.net\/fr\/wp-json\/wp\/v2\/users\/188"}],"replies":[{"embeddable":true,"href":"https:\/\/www.lapluma.net\/fr\/wp-json\/wp\/v2\/comments?post=85053"}],"version-history":[{"count":7,"href":"https:\/\/www.lapluma.net\/fr\/wp-json\/wp\/v2\/posts\/85053\/revisions"}],"predecessor-version":[{"id":85056,"href":"https:\/\/www.lapluma.net\/fr\/wp-json\/wp\/v2\/posts\/85053\/revisions\/85056"}],"wp:featuredmedia":[{"embeddable":true,"href":"https:\/\/www.lapluma.net\/fr\/wp-json\/wp\/v2\/media\/85057"}],"wp:attachment":[{"href":"https:\/\/www.lapluma.net\/fr\/wp-json\/wp\/v2\/media?parent=85053"}],"wp:term":[{"taxonomy":"category","embeddable":true,"href":"https:\/\/www.lapluma.net\/fr\/wp-json\/wp\/v2\/categories?post=85053"},{"taxonomy":"post_tag","embeddable":true,"href":"https:\/\/www.lapluma.net\/fr\/wp-json\/wp\/v2\/tags?post=85053"},{"taxonomy":"author","embeddable":true,"href":"https:\/\/www.lapluma.net\/fr\/wp-json\/wp\/v2\/coauthors?post=85053"}],"curies":[{"name":"wp","href":"https:\/\/api.w.org\/{rel}","templated":true}]}}