{"id":8448,"date":"2019-04-21T11:23:43","date_gmt":"2019-04-21T11:23:43","guid":{"rendered":"http:\/\/www.lapluma.net\/?p=8448"},"modified":"2019-04-21T11:23:43","modified_gmt":"2019-04-21T11:23:43","slug":"el-tortuoso-camino-de-la-justicia-transicional-en-tunez-el-emblematico-juicio-a-los-asesinos-de-faysal-baraket","status":"publish","type":"post","link":"https:\/\/www.lapluma.net\/fr\/2019\/04\/21\/el-tortuoso-camino-de-la-justicia-transicional-en-tunez-el-emblematico-juicio-a-los-asesinos-de-faysal-baraket\/","title":{"rendered":"Le chemin tortueux de la justice transitionnelle en Tunisie : le proc\u00e8s embl\u00e9matique des assassins de Fay\u00e7al Baraket"},"content":{"rendered":"<p style=\"text-align: justify;\"><span style=\"font-size: 12pt;\"><img loading=\"lazy\" decoding=\"async\" class=\"alignleft\" src=\"http:\/\/www.tlaxcala-int.org\/upload\/aut_6560.jpg\" width=\"85\" height=\"128\" border=\"0\" \/>En cette matin\u00e9e ensoleill\u00e9e du d\u00e9but du mois de mars, dix minutes avant le d\u00e9but du proc\u00e8s, Jamel Baraket se montre optimiste. \u00ab\u00a0<i>Cinq des accus\u00e9s sont pr\u00e9sents\u00a0; cette fois, c\u2019est s\u00e9rieux<\/i>\u00a0\u00bb, a-t-il expliqu\u00e9 aux repr\u00e9sentants de quelques organisations de la soci\u00e9t\u00e9 civile qui suivent de pr\u00e8s l\u2019affaire de son fr\u00e8re Fay\u00e7al, une des figures les plus embl\u00e9matiques des victimes de la r\u00e9pression exerc\u00e9e par la dictature de Ben Ali.<\/span><\/p>\n<p style=\"text-align: justify;\"><span style=\"font-size: 12pt;\">Fay\u00e7al Baraket, jeune \u00e9tudiant et militant islamiste, a \u00e9t\u00e9 tortur\u00e9 jusqu\u2019\u00e0 la mort le jour m\u00eame de son arrestation, le 8 octobre 1991, au commissariat de Nabeul. Mais les autorit\u00e9s ont falsifi\u00e9 le rapport d\u2019autopsie, en mentionnant que son d\u00e9c\u00e8s \u00e9tait d\u00fb \u00e0 un accident de la route. Un examen ult\u00e9rieur a d\u00e9montr\u00e9 qu\u2019il \u00e9tait mort des suites d\u2019une h\u00e9morragie interne apr\u00e8s avoir \u00e9t\u00e9 sodomis\u00e9 avec une barre de fer. Depuis, et en d\u00e9pit des difficult\u00e9s, sa famille n\u2019a jamais baiss\u00e9 les bras et reste d\u00e9termin\u00e9e \u00e0 tra\u00eener ses bourreaux et leurs complices devant la justice.<\/span><\/p>\n<p style=\"text-align: justify;\"><span style=\"font-size: 12pt;\">Le \u00ab\u00a0<i>proc\u00e8s Baraket<\/i>\u00a0\u00bb s\u2019inscrit dans le cadre du processus de justice transitionnelle mis en place en Tunisie au lendemain de la r\u00e9volution de 2011 et se donne pour objectif la r\u00e9conciliation nationale en r\u00e9v\u00e9lant la v\u00e9rit\u00e9 sur les crimes d\u2019\u00c9tat, en indemnisant les victimes et en faisant en sorte que les coupables soient tenus responsables devant la soci\u00e9t\u00e9.<\/span><\/p>\n<p style=\"text-align: justify;\"><span style=\"font-size: 12pt;\">Au c\u0153ur de ce processus, l\u2019Instance v\u00e9rit\u00e9 et dignit\u00e9 (IVD), qui a examin\u00e9 durant les quatre ann\u00e9es de son mandat plus de 62.000 dossiers pr\u00e9sent\u00e9s par les victimes, reconna\u00eet tous les types de mauvais traitements, depuis les licenciements jusqu\u2019aux assassinats ou actes de torture auxquels se livrent les forces de police.<\/span><\/p>\n<p style=\"text-align: justify;\"><a href=\"https:\/\/www.equaltimes.org\/le-chemin-tortueux-de-la-justice#.XLwWlo9CfDc\"><strong><span style=\"font-size: 12pt;\">Lire la suite<\/span><\/strong><\/a><\/p>\n<p><img loading=\"lazy\" decoding=\"async\" class=\"aligncenter\" src=\"http:\/\/www.tlaxcala-int.org\/upload\/gal_20150.jpg\" alt=\"\" width=\"600\" height=\"255\" \/><\/p>\n<p style=\"text-align: center;\"><strong><span class=\"texte1\">La famille Baraket sur les escaliers du tribunal de Nabeul\u00a0: la m\u00e8re de Fay\u00e7al, aux c\u00f4t\u00e9s de ses fils Jamel \u00e0 sa droite, Ka\u00efs et Hatem, \u00e0 sa gauche.<\/span><\/strong><\/p>\n<p><strong><span class=\"auteur\" style=\"font-size: 12pt;\">Ricard Gonz\u00e1lez Samaranch<\/span><\/strong><\/p>\n<p><strong><span style=\"font-size: 12pt;\">Source: <a href=\"http:\/\/www.tlaxcala-int.org\/article.asp?reference=25878\">Tlaxcala<\/a>, le 21 avril 2019<\/span><\/strong><\/p>\n<p><strong><span style=\"font-size: 12pt;\">Publi\u00e9 par <\/span><\/strong><span class=\"envoi\"><strong><span style=\"font-size: 12pt;\">\u00a0<\/span><\/strong><a href=\"https:\/\/www.equaltimes.org\/le-chemin-tortueux-de-la-justice#.XLwWlo9CfDc\" target=\"_blank\" rel=\"noopener\"><strong><span style=\"font-size: 12pt;\">Equal Times<\/span><\/strong><\/a><\/span><\/p>\n","protected":false},"excerpt":{"rendered":"<p>Faysal Baraket, un joven estudiante y militante islamista, fue torturado hasta la muerte el mismo d\u00eda de su arresto, el 8 de octubre de 1991, en la comisar\u00eda de Nabeul. <\/p>\n","protected":false},"author":498,"featured_media":8449,"comment_status":"open","ping_status":"open","sticky":false,"template":"","format":"standard","meta":{"_uf_show_specific_survey":0,"_uf_disable_surveys":false,"footnotes":""},"categories":[218],"tags":[4719,4722,4718,4720,4723,4724,4721,89,98],"coauthors":[4686],"class_list":["post-8448","post","type-post","status-publish","format-standard","has-post-thumbnail","hentry","category-monde","tag-crimenes-dictadura-ben-ali","tag-crimes-dictature-ben-ali","tag-faysal-baraket","tag-impunidad-torturadores","tag-instance-verite-et-dignite-ivd","tag-justice-transitionelle","tag-mpunidad-instancia-de-la-verdad-y-la-dignidad-ivd","tag-tunez","tag-tunisie"],"translation":{"provider":"WPGlobus","version":"2.12.2","language":"fr","enabled_languages":["es","fr"],"languages":{"es":{"title":true,"content":true,"excerpt":true},"fr":{"title":true,"content":true,"excerpt":false}}},"_links":{"self":[{"href":"https:\/\/www.lapluma.net\/fr\/wp-json\/wp\/v2\/posts\/8448","targetHints":{"allow":["GET"]}}],"collection":[{"href":"https:\/\/www.lapluma.net\/fr\/wp-json\/wp\/v2\/posts"}],"about":[{"href":"https:\/\/www.lapluma.net\/fr\/wp-json\/wp\/v2\/types\/post"}],"author":[{"embeddable":true,"href":"https:\/\/www.lapluma.net\/fr\/wp-json\/wp\/v2\/users\/498"}],"replies":[{"embeddable":true,"href":"https:\/\/www.lapluma.net\/fr\/wp-json\/wp\/v2\/comments?post=8448"}],"version-history":[{"count":2,"href":"https:\/\/www.lapluma.net\/fr\/wp-json\/wp\/v2\/posts\/8448\/revisions"}],"predecessor-version":[{"id":8451,"href":"https:\/\/www.lapluma.net\/fr\/wp-json\/wp\/v2\/posts\/8448\/revisions\/8451"}],"wp:featuredmedia":[{"embeddable":true,"href":"https:\/\/www.lapluma.net\/fr\/wp-json\/wp\/v2\/media\/8449"}],"wp:attachment":[{"href":"https:\/\/www.lapluma.net\/fr\/wp-json\/wp\/v2\/media?parent=8448"}],"wp:term":[{"taxonomy":"category","embeddable":true,"href":"https:\/\/www.lapluma.net\/fr\/wp-json\/wp\/v2\/categories?post=8448"},{"taxonomy":"post_tag","embeddable":true,"href":"https:\/\/www.lapluma.net\/fr\/wp-json\/wp\/v2\/tags?post=8448"},{"taxonomy":"author","embeddable":true,"href":"https:\/\/www.lapluma.net\/fr\/wp-json\/wp\/v2\/coauthors?post=8448"}],"curies":[{"name":"wp","href":"https:\/\/api.w.org\/{rel}","templated":true}]}}