{"id":84438,"date":"2026-01-25T15:28:19","date_gmt":"2026-01-25T15:28:19","guid":{"rendered":"https:\/\/www.lapluma.net\/?p=84438"},"modified":"2026-01-25T18:38:39","modified_gmt":"2026-01-25T18:38:39","slug":"84438","status":"publish","type":"post","link":"https:\/\/www.lapluma.net\/fr\/2026\/01\/25\/84438\/","title":{"rendered":"Kennedy y Reagan: del americanismo desarrollista al giro neoliberal"},"content":{"rendered":"<p style=\"text-align: justify;\">\n<span style=\"font-size: 14pt;\">Kennedy impuls\u00f3, por primera vez, una estrategia de \u201cdesarrollo por invitaci\u00f3n\u201d. Reagan impuso un orden neoliberal. Estos \u201camericanismos\u201d afectaron a los pa\u00edses de Am\u00e9rica Latina.<\/span><\/p>\n<p style=\"text-align: justify; padding-left: 40px;\"><span style=\"font-size: 14pt;\"><em>En <a href=\"https:\/\/cronicon.net\/wp\/el-americanismo-monroe-t-roosevelt-y-trump\/\">un art\u00edculo anterior<\/a> , con amplitud, la evoluci\u00f3n hist\u00f3rica del americanismo y de la Doctrina Monroe, desde su formulaci\u00f3n original hasta sus resignificaciones posteriores introducidas por el Corolario Roosevelt en 1904 y por el Corolario Trump en 2025. En s\u00edntesis, puede afirmarse que dicha tradici\u00f3n ideol\u00f3gica sirvi\u00f3 para consolidar la hegemon\u00eda de los Estados Unidos en el continente, primero bajo una ret\u00f3rica defensiva frente a Europa y luego mediante un intervencionismo sistem\u00e1tico que afirm\u00f3 en Am\u00e9rica Latina las relaciones de dependencia. El lado opuesto lo impuls\u00f3 Sim\u00f3n Bol\u00edvar hace doscientos a\u00f1os, guiado por la idea de unidad de los nacientes Estados de la regi\u00f3n.<\/em><\/span><\/p>\n<p style=\"text-align: justify;\"><span style=\"font-size: 14pt;\">Dentro de ese largo proceso, la Presidencia de John F. Kennedy (1961-1963) represent\u00f3 una experiencia singular. Su pol\u00edtica hacia Am\u00e9rica Latina no abandon\u00f3 el anticomunismo propio de la Guerra Fr\u00eda y agravado como reacci\u00f3n a la Revoluci\u00f3n cubana de 1959, pero incorpor\u00f3 un componente desarrollista a trav\u00e9s de la Alianza para el Progreso (ALPRO), lo que signific\u00f3 desplazar al americanismo del corolario de Theodore Roosevelt para tratar de acercarse a la pol\u00edtica del<em> \u201cBuen Vecino\u201d<\/em> de Franklin D. Roosevelt.<\/span><\/p>\n<figure id=\"attachment_84451\" aria-describedby=\"caption-attachment-84451\" style=\"width: 600px\" class=\"wp-caption aligncenter\"><img loading=\"lazy\" decoding=\"async\" class=\"wp-image-84451\" src=\"https:\/\/www.lapluma.net\/wp-content\/uploads\/2026\/01\/Juan-Paz-y-Mino03-300x292.jpg\" alt=\"\" width=\"600\" height=\"584\" srcset=\"https:\/\/www.lapluma.net\/wp-content\/uploads\/2026\/01\/Juan-Paz-y-Mino03-300x292.jpg 300w, https:\/\/www.lapluma.net\/wp-content\/uploads\/2026\/01\/Juan-Paz-y-Mino03.jpg 334w\" sizes=\"auto, (max-width: 600px) 100vw, 600px\" \/><figcaption id=\"caption-attachment-84451\" class=\"wp-caption-text\">Juan J. Paz y Mi\u00f1o Cepeda<\/figcaption><\/figure>\n<p style=\"text-align: justify;\"><span style=\"font-size: 14pt;\">Se trat\u00f3 de un <em>\u201camericanismo imperfecto\u201d<\/em> que, de todos modos, junt\u00f3 el inter\u00e9s por impedir cualquier revoluci\u00f3n latinoamericana que siguiera el camino cubano, por lo cual con Kennedy hubo una frustrada invasi\u00f3n a Cuba (1961) y se toleraron las dictaduras militares en Argentina, Per\u00fa, Guatemala, Ecuador, Rep\u00fablica Dominicana y Honduras.<\/span><\/p>\n<p style=\"padding-left: 40px; text-align: justify;\"><em><span style=\"font-size: 14pt;\">En su primer discurso (20\/enero\/1961), Kennedy anunci\u00f3 \u201cuna nueva alianza en aras del progreso\u201d; y en otro discurso (13\/marzo\/1961), concret\u00f3 la propuesta: \u201cHe hecho un llamamiento a todos los pueblos del hemisferio para que nos unamos en una nueva Alianza para el Progreso\u201d, y a\u00f1adi\u00f3: \u201cpropongo que las rep\u00fablicas americanas inicien un vasto nuevo plan de diez a\u00f1os para las Am\u00e9ricas, un plan destinado a transformar la d\u00e9cada del 1960 en una d\u00e9cada de progreso democr\u00e1tico\u201d.<\/span><\/em><\/p>\n<blockquote>\n<p style=\"text-align: justify;\"><em>Kennedy habl\u00f3 de recursos norteamericanos, planes de desarrollo, industrializaci\u00f3n, infraestructuras, cambio social, aumento de la productividad, combatir el analfabetismo, extirpar enfermedades, modificar los sistemas <\/em>\u201carcaicos\u201d<em> tributarios y de tenencia de las tierras (reforma agraria), apoyo a la integraci\u00f3n econ\u00f3mica, almuerzos escolares, alimentos para la paz, <\/em>\u201ccuerpos de paz\u201d<em>, proyectos para el desarrollo cient\u00edfico, capacitaci\u00f3n y adiestramiento a profesores, as\u00ed como otros proyectos culturales.<\/em><\/p>\n<\/blockquote>\n<p><img loading=\"lazy\" decoding=\"async\" class=\" aligncenter\" src=\"https:\/\/cronicon.net\/wp\/wp-content\/uploads\/2022\/05\/0001-Alianza-para-el-Progreso.jpg\" width=\"589\" height=\"291\" \/><\/p>\n<p style=\"text-align: justify;\"><span style=\"font-size: 14pt;\">Era la primera vez en la historia que Estados Unidos se interesaban por el desarrollo de Am\u00e9rica Latina, ya que todas las propuestas implicaban ampliar capacidades de los Estados y enfocarse en pol\u00edticas sociales. Una v\u00eda que puede considerarse como \u201cdesarrollo por invitaci\u00f3n\u201d (t\u00e9rmino proveniente de Arthur Lewis, Giovanni Arrighi, Carlos Medeiros, Franklin Serrano), comparable en sus objetivos con el Plan Marshall para Europa al concluir la Segunda Guerra Mundial, aunque no en el financiamiento ni en el \u00e9xito que se obtuvo.<\/span><\/p>\n<p style=\"padding-left: 40px; text-align: justify;\"><em><span style=\"font-size: 14pt;\">De todos modos, a pesar de su trasfondo geopol\u00edtico e imperial, este enfoque permiti\u00f3 en varios pa\u00edses latinoamericanos -como ocurri\u00f3 en Ecuador- superar viejas estructuras olig\u00e1rquico-terratenientes e iniciar procesos de modernizaci\u00f3n econ\u00f3mica y social. Parad\u00f3jicamente, la atrasada oligarqu\u00eda tradicional calific\u00f3 al programa ALPRO de \u201ccomunista\u201d.<\/span><\/em><\/p>\n<p style=\"text-align: justify;\"><span style=\"font-size: 14pt;\">Sin embargo, esa orientaci\u00f3n no tuvo continuidad. La experiencia desarrollista de los a\u00f1os sesenta y setenta fue abandonada y dio paso a una ruptura profunda en la pol\u00edtica estadounidense hacia Am\u00e9rica Latina, que se consolid\u00f3 con la Presidencia de Ronald Reagan (1981-1989).<\/span><\/p>\n<p><img loading=\"lazy\" decoding=\"async\" class=\" wp-image-84447 aligncenter\" src=\"https:\/\/www.lapluma.net\/wp-content\/uploads\/2026\/01\/0001-Alianza-para-el-Progreso-Kennedy-226x300.png\" alt=\"\" width=\"522\" height=\"693\" srcset=\"https:\/\/www.lapluma.net\/wp-content\/uploads\/2026\/01\/0001-Alianza-para-el-Progreso-Kennedy-226x300.png 226w, https:\/\/www.lapluma.net\/wp-content\/uploads\/2026\/01\/0001-Alianza-para-el-Progreso-Kennedy.png 471w\" sizes=\"auto, (max-width: 522px) 100vw, 522px\" \/><\/p>\n<h2><span style=\"font-size: 18pt;\"><strong>Etapa neoliberal<\/strong><\/span><\/h2>\n<p style=\"text-align: justify;\"><span style=\"font-size: 14pt;\">Con Reagan se inaugur\u00f3 una nueva etapa ajena a cualquier <em>\u201cinvitaci\u00f3n\u201d<\/em> sino marcada por la agresiva imposici\u00f3n de pol\u00edticas econ\u00f3micas neoliberales que transformaron estructuralmente a la regi\u00f3n. Al mismo tiempo continu\u00f3 la tolerancia de dictaduras y gobiernos autoritarios en el Cono Sur, Guatemala, El Salvador, Honduras, el directo apoyo a los <em>\u201cContras\u201d<\/em> en Nicaragua y tambi\u00e9n a Inglaterra en la guerra de las Malvinas con Argentina (1982), que rompi\u00f3 con el monro\u00edsmo.<\/span><\/p>\n<p style=\"padding-left: 80px;\"><em><span style=\"font-size: 14pt;\">De acuerdo con Joseph Stiglitz, el reaganismo implic\u00f3 el desmontaje de la econom\u00eda social construida en los propios Estados Unidos desde la \u00e9poca de F. D. Roosevelt (1933-1945); pero, sin duda, tambi\u00e9n proyect\u00f3 ese viraje ideol\u00f3gico sobre Am\u00e9rica Latina.<\/span><\/em><\/p>\n<p style=\"text-align: justify;\"><span style=\"font-size: 14pt;\">En el contexto de la crisis de la deuda externa de 1982, el Fondo Monetario Internacional y el Banco Mundial actuaron como instrumentos centrales para inducir reformas estructurales orientadas al mercado. Privatizaciones, apertura comercial, desregulaci\u00f3n financiera, reducci\u00f3n del Estado, flexibilizaci\u00f3n laboral y debilitamiento de las pol\u00edticas redistributivas pasaron a conformar el nuevo paradigma econ\u00f3mico impuesto a la regi\u00f3n.<\/span><\/p>\n<p><img loading=\"lazy\" decoding=\"async\" class=\"aligncenter wp-image-84448\" src=\"https:\/\/www.lapluma.net\/wp-content\/uploads\/2026\/01\/Reagan2-300x170.png\" alt=\"\" width=\"600\" height=\"340\" srcset=\"https:\/\/www.lapluma.net\/wp-content\/uploads\/2026\/01\/Reagan2-300x170.png 300w, https:\/\/www.lapluma.net\/wp-content\/uploads\/2026\/01\/Reagan2-768x435.png 768w, https:\/\/www.lapluma.net\/wp-content\/uploads\/2026\/01\/Reagan2-510x290.png 510w, https:\/\/www.lapluma.net\/wp-content\/uploads\/2026\/01\/Reagan2.png 841w\" sizes=\"auto, (max-width: 600px) 100vw, 600px\" \/><\/p>\n<p style=\"text-align: justify;\"><span style=\"font-size: 14pt;\">Este giro signific\u00f3 una ruptura clara con la l\u00f3gica del <em>\u201cdesarrollo por invitaci\u00f3n\u201d<\/em> ensayada durante la presidencia de Kennedy. El objetivo dej\u00f3 de ser la industrializaci\u00f3n y el fortalecimiento de las capacidades estatales, para concentrarse en la creaci\u00f3n de econom\u00edas abiertas, favorables al capital transnacional y a las \u00e9lites locales.<\/span><\/p>\n<p style=\"padding-left: 40px; text-align: justify;\"><em><span style=\"font-size: 14pt;\">Aunque algunos pa\u00edses registraron episodios de crecimiento econ\u00f3mico, los resultados sociales fueron ampliamente negativos: concentraci\u00f3n de la riqueza, deterioro de los servicios p\u00fablicos, aumento de la desigualdad y precarizaci\u00f3n de las condiciones de vida y trabajo. Am\u00e9rica Latina ingres\u00f3 as\u00ed en una nueva fase de dependencia estructural, articulada en torno al neoliberalismo.<\/span><\/em><\/p>\n<p style=\"text-align: justify;\"><span style=\"font-size: 14pt;\">Las consecuencias de este modelo comenzaron a ser crecientemente cuestionadas a fines del siglo XX y se expresaron pol\u00edticamente en el inicio del siglo XXI con la primera <em>\u201cmarea rosa\u201d<\/em> de gobiernos progresistas. Aunque con matices nacionales diversos, ellos recuperaron el papel del Estado en la econom\u00eda, impulsaron pol\u00edticas redistributivas y buscaron reconstruir proyectos de desarrollo orientados al bienestar colectivo. No obstante enfrentar l\u00edmites internos, presiones externas y contradicciones propias, demostraron que el neoliberalismo no constitu\u00eda una v\u00eda inevitable ni exitosa para el desarrollo.<\/span><\/p>\n<p style=\"text-align: justify;\"><img loading=\"lazy\" decoding=\"async\" class=\"aligncenter wp-image-84449\" src=\"https:\/\/www.lapluma.net\/wp-content\/uploads\/2026\/01\/Venas-AL-300x248.jpg\" alt=\"\" width=\"600\" height=\"496\" srcset=\"https:\/\/www.lapluma.net\/wp-content\/uploads\/2026\/01\/Venas-AL-300x248.jpg 300w, https:\/\/www.lapluma.net\/wp-content\/uploads\/2026\/01\/Venas-AL.jpg 677w\" sizes=\"auto, (max-width: 600px) 100vw, 600px\" \/><\/p>\n<p style=\"padding-left: 80px; text-align: justify;\"><em><span style=\"font-size: 14pt;\">Al mismo tiempo exhibieron logros sociales significativos en Argentina, Bolivia, Brasil, Chile, Ecuador, Uruguay y Venezuela. Junto a otros pa\u00edses de Centroam\u00e9rica y el Caribe el progresismo recuper\u00f3 los ideales por la unidad latinoamericana de Bol\u00edvar y logr\u00f3 crear instituciones con esa orientaci\u00f3n, como la Comunidad de Estados Latinoamericanos y Caribe\u00f1os (CELAC).<\/span><\/em><\/p>\n<p style=\"text-align: justify;\"><span style=\"font-size: 14pt;\">Desde una perspectiva hist\u00f3rica, resulta evidente que no existi\u00f3 una continuidad lineal entre Kennedy y Reagan, sino una ruptura profunda en la orientaci\u00f3n de la pol\u00edtica estadounidense hacia Am\u00e9rica Latina. Mientras el primero combin\u00f3 hegemon\u00eda y desarrollo como estrategia de contenci\u00f3n geopol\u00edtica, el segundo consolid\u00f3 una hegemon\u00eda basada en la liberalizaci\u00f3n extrema, la subordinaci\u00f3n econ\u00f3mica y el disciplinamiento social. Esta ruptura permite comprender buena parte de las tensiones contempor\u00e1neas entre Estados Unidos y Am\u00e9rica Latina, as\u00ed como la persistencia del debate sobre los caminos posibles para superar el subdesarrollo y la dependencia estructural de la regi\u00f3n.<\/span><\/p>\n<p style=\"padding-left: 40px; text-align: justify;\"><span style=\"font-size: 14pt;\"><em>Al mismo tiempo exhibieron logros sociales significativos en Argentina, Bolivia, Brasil, Chile, Ecuador, Uruguay y Venezuela. Junto a otros pa\u00edses de Centroam\u00e9rica y el Caribe el progresismo recuper\u00f3 los ideales por la unidad latinoamericana de Bol\u00edvar y logr\u00f3 crear instituciones con esa orientaci\u00f3n, como la Comunidad de Estados Latinoamericanos y Caribe\u00f1os (CELAC).<\/em><\/span><\/p>\n<h2><span style=\"font-size: 14pt;\"><strong>Juan J. Paz y Mi\u00f1o Cepeda para La Pluma. Ecuador 19 de enero de 2026<\/strong><\/span><\/h2>\n<h2><span style=\"font-size: 14pt;\"><strong>Editado por <a href=\"https:\/\/www.lapluma.net\/nosotros\/editora\/\">Mar\u00eda Piedad Ossaba<\/a><\/strong><\/span><\/h2>\n<h2><span style=\"font-size: 14pt;\"><strong>Publicado por <a href=\"https:\/\/www.historiaypresente.com\/kennedy-y-reagan-del-americanismo-desarrollista-al-giro-neoliberal\/\">Blog Historia y presente<\/a>\/<a href=\"https:\/\/cronicon.net\/wp\/kennedy-y-reagan-del-americanismo-desarrollista-al-giro-neoliberal\/\">Cronic\u00f3n<\/a><\/strong><\/span><\/h2>\n<h2><span style=\"font-size: 14pt;\"><strong>Visita la red del colectivo\u00a0<a href=\"https:\/\/rutakritica.org\">Ruta Kr\u00edtica<\/a>, el\u00a0nuevo blog de difusi\u00f3n del pensamiento y la comunicaci\u00f3n alternativos<\/strong><\/span><\/h2>\n","protected":false},"excerpt":{"rendered":"<p>Desde una perspectiva hist\u00f3rica, resulta evidente que no existi\u00f3 una continuidad lineal entre Kennedy y Reagan, sino una ruptura profunda en la orientaci\u00f3n de la pol\u00edtica estadounidense hacia Am\u00e9rica Latina. Mientras el primero combin\u00f3 hegemon\u00eda y desarrollo como estrategia de contenci\u00f3n geopol\u00edtica, el segundo consolid\u00f3 una hegemon\u00eda basada en la liberalizaci\u00f3n extrema, la subordinaci\u00f3n econ\u00f3mica y el disciplinamiento social.<\/p>\n","protected":false},"author":8,"featured_media":84450,"comment_status":"open","ping_status":"open","sticky":false,"template":"","format":"standard","meta":{"_uf_show_specific_survey":0,"_uf_disable_surveys":false,"footnotes":""},"categories":[5,6],"tags":[30768,18828,28636,30769,12313,30635,30636,200,9955,13744,25689,979,14801],"coauthors":[257],"class_list":["post-84438","post","type-post","status-publish","format-standard","has-post-thumbnail","hentry","category-editoriales-y-opiniones","category-politique","tag-buen-vecino","tag-alianza-para-el-progreso-alpro-2","tag-america-latina-el-caribe-abya-yala","tag-americanismo-imperfecto","tag-avenimiento-del-neoliberalismo","tag-corolario-roosevelt","tag-corolario-trump","tag-doctrina-monroe","tag-john-f-kennedy","tag-juan-j-paz-y-mino-cepeda-2","tag-reaganismo","tag-revolucion-cubana","tag-ronald-reagan"],"translation":{"provider":"WPGlobus","version":"2.12.2","language":"fr","enabled_languages":["es","fr"],"languages":{"es":{"title":true,"content":true,"excerpt":true},"fr":{"title":false,"content":false,"excerpt":false}}},"_links":{"self":[{"href":"https:\/\/www.lapluma.net\/fr\/wp-json\/wp\/v2\/posts\/84438","targetHints":{"allow":["GET"]}}],"collection":[{"href":"https:\/\/www.lapluma.net\/fr\/wp-json\/wp\/v2\/posts"}],"about":[{"href":"https:\/\/www.lapluma.net\/fr\/wp-json\/wp\/v2\/types\/post"}],"author":[{"embeddable":true,"href":"https:\/\/www.lapluma.net\/fr\/wp-json\/wp\/v2\/users\/8"}],"replies":[{"embeddable":true,"href":"https:\/\/www.lapluma.net\/fr\/wp-json\/wp\/v2\/comments?post=84438"}],"version-history":[{"count":5,"href":"https:\/\/www.lapluma.net\/fr\/wp-json\/wp\/v2\/posts\/84438\/revisions"}],"predecessor-version":[{"id":84445,"href":"https:\/\/www.lapluma.net\/fr\/wp-json\/wp\/v2\/posts\/84438\/revisions\/84445"}],"wp:featuredmedia":[{"embeddable":true,"href":"https:\/\/www.lapluma.net\/fr\/wp-json\/wp\/v2\/media\/84450"}],"wp:attachment":[{"href":"https:\/\/www.lapluma.net\/fr\/wp-json\/wp\/v2\/media?parent=84438"}],"wp:term":[{"taxonomy":"category","embeddable":true,"href":"https:\/\/www.lapluma.net\/fr\/wp-json\/wp\/v2\/categories?post=84438"},{"taxonomy":"post_tag","embeddable":true,"href":"https:\/\/www.lapluma.net\/fr\/wp-json\/wp\/v2\/tags?post=84438"},{"taxonomy":"author","embeddable":true,"href":"https:\/\/www.lapluma.net\/fr\/wp-json\/wp\/v2\/coauthors?post=84438"}],"curies":[{"name":"wp","href":"https:\/\/api.w.org\/{rel}","templated":true}]}}