{"id":83796,"date":"2025-12-06T11:36:53","date_gmt":"2025-12-06T11:36:53","guid":{"rendered":"https:\/\/www.lapluma.net\/?p=83796"},"modified":"2025-12-06T16:03:10","modified_gmt":"2025-12-06T16:03:10","slug":"83796","status":"publish","type":"post","link":"https:\/\/www.lapluma.net\/fr\/2025\/12\/06\/83796\/","title":{"rendered":"Chile: Nos vamos con Kast"},"content":{"rendered":"<h2 style=\"text-align: justify;\"><span style=\"font-size: 18pt;\">No para votar por \u00e9l sino para analizarlo.<\/span><\/h2>\n<p style=\"text-align: justify;\"><span style=\"font-size: 14pt;\">Busqu\u00e9 su programa y me encontr\u00e9 con uno de 200 p\u00e1ginas de la elecci\u00f3n del 2022 que probablemente nadie o casi nadie ha le\u00eddo. Quien se va a atrever a meterse con semejante ladrillo, aunque el programa se llama Atr\u00e9vete.<\/span><\/p>\n<p style=\"text-align: justify;\"><span style=\"font-size: 14pt;\">Busqu\u00e9 otro m\u00e1s reciente y me encontr\u00e9 uno cortito que parece ser algo parcial y se refiere a la inseguridad.<\/span><\/p>\n<p style=\"text-align: justify;\"><span style=\"font-size: 14pt;\">Creo que las ideas generales est\u00e1n en el anterior, porque de eso hace poco tiempo.<\/span><\/p>\n<p style=\"text-align: justify;\"><span style=\"font-size: 14pt;\">Entonces, comienzo con el asunto de la inseguridad en Chile.<\/span><\/p>\n<p style=\"text-align: justify;\"><span style=\"font-size: 14pt;\">Las Naciones Unidas declaran lo siguiente:<\/span><br \/>\n<em><span style=\"font-size: 14pt;\">\u00b7 \u201c\u00cdndices internacionales: A pesar del aumento del temor, Chile todav\u00eda se ubica en el grupo de pa\u00edses con un \u201calto estado de paz\u201d en rankings internacionales\u201d.<\/span><\/em><br \/>\n<em><span style=\"font-size: 14pt;\">\u00b7 \u201cEn marzo de 2025 Chile apareci\u00f3 en el mismo sondeo como el pa\u00eds m\u00e1s preocupado del mundo por esos problemas\u201d<\/span><\/em><\/p>\n<p style=\"text-align: justify;\"><span style=\"font-size: 14pt;\">\u00bfTodos los chilenos son cobardes o son est\u00fapidos? No es eso, es que la derecha se ha dedicado a magnificar la inseguridad, y como las izquierdas no tienen buena prensa impresa, no hay manera de decirle al pueblo que lo est\u00e1n enga\u00f1ando. Y la prensa impresa importa e influye en la opini\u00f3n p\u00fablica aunque solo veamos los titulares en los kioskos.<\/span><\/p>\n<p style=\"text-align: justify;\"><span style=\"font-size: 14pt;\">Voy copiando lo que dice Kast respecto de la inseguridad:<\/span><br \/>\n<em><span style=\"font-size: 14pt;\">\u201cChile est\u00e1 viviendo una de las crisis de seguridad m\u00e1s profundos de su historia. FALSO. Qu\u00e9 me dicen de la dictadura, que te arrestaba simplemente por ser de <\/span><span style=\"font-size: 14pt;\">izquierda y te torturaba hasta la muerte. Pinochet hasta fuera del pa\u00eds mandaba a matar gente: al general Carlos Prats y su esposa en Argentina, a Orlando Letelier en pleno Washington. Y ahora m\u00e1s encima el se\u00f1or Kast dice que es partidario de Pinochet.<\/span><\/em><\/p>\n<p style=\"text-align: justify;\"><em><span style=\"font-size: 14pt;\">\u201cLo que antes era un pa\u00eds ejemplo en estabilidad, hoy aparece entre los m\u00e1s inseguros del continente.\u201d Otra mentira, ya vieron lo que dicen Naciones Unidas sobre el particular.<\/span><\/em><\/p>\n<figure id=\"attachment_83804\" aria-describedby=\"caption-attachment-83804\" style=\"width: 600px\" class=\"wp-caption aligncenter\"><img loading=\"lazy\" decoding=\"async\" class=\"wp-image-83804\" src=\"https:\/\/www.lapluma.net\/wp-content\/uploads\/2025\/12\/el-derecho-de-vivir-sin-kast1-300x204.jpg\" alt=\"\" width=\"600\" height=\"408\" srcset=\"https:\/\/www.lapluma.net\/wp-content\/uploads\/2025\/12\/el-derecho-de-vivir-sin-kast1-300x204.jpg 300w, https:\/\/www.lapluma.net\/wp-content\/uploads\/2025\/12\/el-derecho-de-vivir-sin-kast1-768x523.jpg 768w, https:\/\/www.lapluma.net\/wp-content\/uploads\/2025\/12\/el-derecho-de-vivir-sin-kast1-220x150.jpg 220w, https:\/\/www.lapluma.net\/wp-content\/uploads\/2025\/12\/el-derecho-de-vivir-sin-kast1.jpg 820w\" sizes=\"auto, (max-width: 600px) 100vw, 600px\" \/><figcaption id=\"caption-attachment-83804\" class=\"wp-caption-text\">(Imagen de Xinhua)<\/figcaption><\/figure>\n<p style=\"text-align: justify;\"><span style=\"font-size: 14pt;\">Por otra parte, este candidato ataca con furia a los migrantes, cuando \u00e9l mismo es un inmigrante alem\u00e1n que por casualidad naci\u00f3 en Chile, pues su padre era un oficial del ej\u00e9rcito de Hitler y militante del partido nazi que alcanz\u00f3 a huir de Alemania antes de que lo ubicara el Mossad.<\/span><\/p>\n<p style=\"text-align: justify;\"><span style=\"font-size: 14pt;\">\u00bfY qu\u00e9 m\u00e1s propone Kast? Miren: <\/span><\/p>\n<p style=\"text-align: justify;\"><span style=\"font-size: 14pt;\">\u201cVolver a poner en el centro de la discusi\u00f3n la seguridad\u201d<\/span><\/p>\n<p style=\"text-align: justify;\"><span style=\"font-size: 14pt;\">Su Plan para la seguridad se llama Plan Implacable. Ojo. Cuidado, que la palabra <em>\u201cimplacable\u201d<\/em> es sin\u00f3nimo de <em>\u201cacerbo -arrollador-atroz-cruel- feroz-inexorable -inhumano -violento<\/em> y otras parecidas. No lo digo yo, lo dice la RAE en su diccionario de sin\u00f3nimos.<\/span><\/p>\n<p style=\"text-align: justify;\"><span style=\"font-size: 14pt;\">Hay asuntos mucho m\u00e1s importantes que la seguridad: la pobreza, especialmente la desigualdad que en Chile es enorme, pues seg\u00fan dice la Organizaci\u00f3n para la<\/span><br \/>\n<span style=\"font-size: 14pt;\">Cooperaci\u00f3n y el Desarrollo Econ\u00f3micos (OCDE), los ingresos del 10% de la poblaci\u00f3n m\u00e1s rica del pa\u00eds son 27 veces mayores que el decil m\u00e1s pobre, por sobre el promedio de los pa\u00edses de la OCDE, donde el 10% m\u00e1s rico gana 9,6 veces m\u00e1s que el 10% m\u00e1s pobre.<\/span><\/p>\n<p style=\"text-align: justify;\"><span style=\"font-size: 14pt;\">Sigue Kast: <\/span><\/p>\n<p style=\"text-align: justify;\"><span style=\"font-size: 14pt;\">\u00abEstamos peor que Liberia, Botsuana o Suazilandia\u00bb. <\/span><\/p>\n<p style=\"text-align: justify;\"><span style=\"font-size: 14pt;\">\u00bfY esto de d\u00f3nde lo saca? <\/span><\/p>\n<p style=\"text-align: justify;\"><span style=\"font-size: 14pt;\"><em>\u00abCrecimiento explosivo del crimen organizado\u00bb<\/em>. <\/span><\/p>\n<p style=\"text-align: justify;\"><span style=\"font-size: 14pt;\">Falso, puras afirmaciones sin pruebas. <\/span><\/p>\n<p style=\"text-align: justify;\"><span style=\"font-size: 14pt;\"><em>\u00abEstado d\u00e9bil, burocr\u00e1tico y rezagado respecto del avance de nuevas formas del delito \u2013 Hay una crisis de legitimidad y autoridad del Estado\u00bb<\/em>.<\/span><\/p>\n<p style=\"text-align: justify;\"><span style=\"font-size: 14pt;\">Vaya, vaya. Aqu\u00ed se olvida de Pinochet que preconizaba el Estado subsidiario y que mandara la <\/span><span style=\"font-size: 14pt;\">pero en materia de seguridad propone mano dura.<\/span><\/p>\n<p style=\"text-align: justify;\"><span style=\"font-size: 14pt;\">Estos son los ejes del Plan Implacable: <\/span><\/p>\n<p style=\"text-align: justify;\"><em><span style=\"font-size: 14pt;\">Aumento dr\u00e1stico de penas por crimen organizado.<\/span><\/em><br \/>\n<em><span style=\"font-size: 14pt;\">Las penas son bajas, los beneficios penitenciarios son amplios.<\/span><\/em><\/p>\n<p style=\"text-align: justify;\"><span style=\"font-size: 14pt;\">Esto no sirve para nada, est\u00e1 comprobado. He trabajado m\u00e1s de 20 a\u00f1os en materia penitenciaria en M\u00e9xico y se los puedo asegurar. En todas partes los delincuentes conf\u00edan en que jam\u00e1s van a ser detenidos, las penas no les importan.<\/span><\/p>\n<p style=\"text-align: justify;\"><span style=\"font-size: 14pt;\">Sigo: <\/span><\/p>\n<p style=\"text-align: justify;\"><em><span style=\"font-size: 14pt;\">C\u00e1rceles de m\u00e1xima seguridad y aislamiento total.<\/span><\/em><br \/>\n<em><span style=\"font-size: 14pt;\">Los cabecillas del narco ser\u00e1n enviados a recintos de m\u00e1xima seguridad, con aislamiento total: sin visitas, sin beneficios, sin contacto con el exterior.<\/span><\/em><br \/>\n<em><span style=\"font-size: 14pt;\">Nuevas c\u00e1rceles con tecnolog\u00eda de bloqueo de comunicaciones<\/span><\/em><\/p>\n<p style=\"text-align: justify;\"><span style=\"font-size: 14pt;\">Esto viola todas las normas internacionales ratificados por Chile y por la comunidad mundial civilizada. Todo delincuente tiene derecho a no estar aislado, a visita familiar (de otro modo tambi\u00e9n estriamos castigando a la familia).<\/span><\/p>\n<p style=\"text-align: justify;\"><span style=\"font-size: 14pt;\">Durante la dictadura hab\u00eda filas interminables en los recintos oficiales para averiguar donde estaban los presos y no se consegu\u00eda nada. Este Kast parece que quiere volver a la dictadura \u00bfNo?<\/span><\/p>\n<p style=\"text-align: justify;\"><span style=\"font-size: 14pt;\">Y por ah\u00ed dice: <\/span><\/p>\n<p style=\"text-align: justify;\"><em><span style=\"font-size: 14pt;\">\u00abQueremos fortalecer el derecho de los ciudadanos a defenderse. Dar certeza jur\u00eddica a las personas que act\u00faan en leg\u00edtima defensa\u00bb.<\/span><\/em><\/p>\n<p style=\"text-align: justify;\"><span style=\"font-size: 14pt;\">\u00bfY esto qu\u00e9 significa? <\/span><\/p>\n<p style=\"text-align: justify;\"><span style=\"font-size: 14pt;\">Pues que seremos como Estados Unidos, en que cualquier persona puede tener armas, dizque para defenderse. Pero lo primero que pasa es que se olvidan de ponerle llave al caj\u00f3n, el ni\u00f1o de cuatro a\u00f1os toma el arma como un juguete y mata a la mam\u00e1. Y cualquier desequilibrado, porque pele\u00f3 con la esposa o porque le pusieron una mala nota en el colegio o en la universidad, toma el arma y dispara a discreci\u00f3n contra medio mundo en el colegio m\u00e1s cercano y mata a 20 personas, especialmente a ni\u00f1os \u00bfEso queremos para Chile?<\/span><\/p>\n<p style=\"text-align: justify;\"><span style=\"font-size: 14pt;\">Ya se sabe que el miedo es el sentimiento m\u00e1s f\u00e1cil de contagiar. Alguien en un cine grita \u00a1Fuego!, y todo el mundo sale corriendo, se aplastan, se pisan unos a otros y mueren varias personas, menos el que grit\u00f3.<\/span><\/p>\n<p style=\"text-align: justify;\"><span style=\"font-size: 14pt;\">Perd\u00f3n, no puedo seguir para no alargarme. Ojal\u00e1 alguien alcance a decir algo m\u00e1s antes de las elecciones.<\/span><\/p>\n<h2><span class=\"byline\" style=\"font-size: 14pt;\"> Margarita Labarca Goddard, Ciudad de M\u00e9xico, M\u00e9xico<\/span><\/h2>\n<h2><span style=\"font-size: 14pt;\">Fuente: <a href=\"https:\/\/www.pressenza.com\/es\/2025\/12\/chile-nos-vamos-con-kast\/\">Pressence internacional<\/a>, 6 de diciembre de 2025<\/span><\/h2>\n<h2><span style=\"font-size: 14pt;\">Editado por <\/span><a href=\"https:\/\/www.lapluma.net\/nosotros\/editora\/\"><span style=\"font-size: 14pt;\">Mar\u00eda Piedad Ossaba<\/span><\/a><\/h2>\n","protected":false},"excerpt":{"rendered":"<p>Ya se sabe que el miedo es el sentimiento m\u00e1s f\u00e1cil de contagiar. Alguien en un cine grita FUEGO, y todo el mundo sale corriendo, se aplastan, se pisan unos a otros y mueren varias personas, menos el que grit\u00f3. Perd\u00f3n, no puedo seguir para no alargarme. Ojal\u00e1 alguien alcance a decir algo m\u00e1s antes de las elecciones <\/p>\n","protected":false},"author":1341,"featured_media":83803,"comment_status":"open","ping_status":"open","sticky":false,"template":"","format":"standard","meta":{"_uf_show_specific_survey":0,"_uf_disable_surveys":false,"footnotes":""},"categories":[5,217],"tags":[16660],"coauthors":[24744],"class_list":["post-83796","post","type-post","status-publish","format-standard","has-post-thumbnail","hentry","category-editoriales-y-opiniones","category-abya-yala","tag-chile-america-latina-abya-yala-2"],"translation":{"provider":"WPGlobus","version":"2.12.2","language":"fr","enabled_languages":["es","fr"],"languages":{"es":{"title":true,"content":true,"excerpt":true},"fr":{"title":false,"content":false,"excerpt":false}}},"_links":{"self":[{"href":"https:\/\/www.lapluma.net\/fr\/wp-json\/wp\/v2\/posts\/83796","targetHints":{"allow":["GET"]}}],"collection":[{"href":"https:\/\/www.lapluma.net\/fr\/wp-json\/wp\/v2\/posts"}],"about":[{"href":"https:\/\/www.lapluma.net\/fr\/wp-json\/wp\/v2\/types\/post"}],"author":[{"embeddable":true,"href":"https:\/\/www.lapluma.net\/fr\/wp-json\/wp\/v2\/users\/1341"}],"replies":[{"embeddable":true,"href":"https:\/\/www.lapluma.net\/fr\/wp-json\/wp\/v2\/comments?post=83796"}],"version-history":[{"count":5,"href":"https:\/\/www.lapluma.net\/fr\/wp-json\/wp\/v2\/posts\/83796\/revisions"}],"predecessor-version":[{"id":83806,"href":"https:\/\/www.lapluma.net\/fr\/wp-json\/wp\/v2\/posts\/83796\/revisions\/83806"}],"wp:featuredmedia":[{"embeddable":true,"href":"https:\/\/www.lapluma.net\/fr\/wp-json\/wp\/v2\/media\/83803"}],"wp:attachment":[{"href":"https:\/\/www.lapluma.net\/fr\/wp-json\/wp\/v2\/media?parent=83796"}],"wp:term":[{"taxonomy":"category","embeddable":true,"href":"https:\/\/www.lapluma.net\/fr\/wp-json\/wp\/v2\/categories?post=83796"},{"taxonomy":"post_tag","embeddable":true,"href":"https:\/\/www.lapluma.net\/fr\/wp-json\/wp\/v2\/tags?post=83796"},{"taxonomy":"author","embeddable":true,"href":"https:\/\/www.lapluma.net\/fr\/wp-json\/wp\/v2\/coauthors?post=83796"}],"curies":[{"name":"wp","href":"https:\/\/api.w.org\/{rel}","templated":true}]}}