{"id":83689,"date":"2025-11-30T18:52:05","date_gmt":"2025-11-30T18:52:05","guid":{"rendered":"https:\/\/www.lapluma.net\/?p=83689"},"modified":"2025-11-30T21:27:46","modified_gmt":"2025-11-30T21:27:46","slug":"83689","status":"publish","type":"post","link":"https:\/\/www.lapluma.net\/fr\/2025\/11\/30\/83689\/","title":{"rendered":"Viaje sin mapas, caminos sin ley"},"content":{"rendered":"<p style=\"text-align: justify;\"><span style=\"font-size: 14pt;\">Para desarrollar estas pinceladas acerca de la actualidad global, hemos compuesto el t\u00edtulo en base a dos escritos de Graham Greene, el escritor brit\u00e1nico. Lo <em>\u201cde viaje sin mapas\u201d <\/em> refiere al an\u00e1lisis mismo de la realidad internacional. En efecto, asistimos a muchos estudios que desti\u00f1en categor\u00edas de la guerra fr\u00eda, de modo tal que el an\u00e1lisis cuadre dentro de la clasificaci\u00f3n preestablecida, tanto desde la metodolog\u00eda -si se puede decir- como de los resultados esperados. Ese tipo de reflexi\u00f3n no crea conocimiento, justifica una forma de poder.<\/span><\/p>\n<p style=\"padding-left: 40px; text-align: justify;\"><em><span style=\"font-size: 14pt;\">En Francia, la extrema derecha acu\u00f1\u00f3 el t\u00e9rmino \u201cislamo-izquierdistas\u201d para estigmatizar a los adversarios, es decir todos los que pretendan ejercer el pensamiento cr\u00edtico. No son imaginativos, aunque s\u00ed bastante originales en la uni\u00f3n de conceptos que no tienen nada que ver, pues el musulm\u00e1n practicante poco tiene que ver con la lucha de clases, del mismo modo que el izquierdista suele tener una visi\u00f3n m\u00e1s agn\u00f3stica de la vida eterna, cualquiera sea la religi\u00f3n. <\/span><\/em><\/p>\n<p><img loading=\"lazy\" decoding=\"async\" class=\"aligncenter wp-image-83694\" src=\"https:\/\/www.lapluma.net\/wp-content\/uploads\/2025\/11\/0001-Mapamundi-263x300.jpg\" alt=\"\" width=\"525\" height=\"600\" srcset=\"https:\/\/www.lapluma.net\/wp-content\/uploads\/2025\/11\/0001-Mapamundi-263x300.jpg 263w, https:\/\/www.lapluma.net\/wp-content\/uploads\/2025\/11\/0001-Mapamundi-768x878.jpg 768w, https:\/\/www.lapluma.net\/wp-content\/uploads\/2025\/11\/0001-Mapamundi.jpg 785w\" sizes=\"auto, (max-width: 525px) 100vw, 525px\" \/><\/p>\n<p style=\"text-align: justify;\"><span style=\"font-size: 14pt;\">Sin embargo, estos conceptos calan en las mentalidades, alimentados que est\u00e1n gracias a los miedos de la <em>\u201cteor\u00eda del reemplazo\u201d<\/em>, que supone una inmigraci\u00f3n masiva extra-europea que desplazar\u00eda a la poblaci\u00f3n <em>\u201cblanca\u201d<\/em>. No es m\u00e1s que sembrar el pavor como disciplinador pol\u00edtico y social, tal como el sonsonete del peligro <em>\u201cjudeo-bolchevique\u201d <\/em>agitado por las clases propietarias occidentales despu\u00e9s de la Revoluci\u00f3n Rusa de 1917. Y bastante tiempo despu\u00e9s, por cierto.<\/span><\/p>\n<p style=\"text-align: justify; padding-left: 40px;\"><em><span style=\"font-size: 14pt;\">Por Am\u00e9rica Latina nos han tratado de \u201ccastro-chavistas\u201d, lo que al menos tiene la ventaja de la coherencia y del compromiso. Como sea, nada m\u00e1s eficaz y duradero que los prejuicios, espejo de los temores. \u201cEl ministerio del miedo\u201d.<\/span><\/em><\/p>\n<p style=\"text-align: justify;\"><span style=\"font-size: 14pt;\">Asistimos en vivo y en directo a un genocidio que nos permite apreciar qu\u00e9 es una masacre con toda magnitud y de m\u00faltiples maneras. Sin embargo, no se habla de ello en proporci\u00f3n a los cr\u00edmenes cometidos y los que se realizan mientras Usted lee estas palabras.<\/span><\/p>\n<p><img loading=\"lazy\" decoding=\"async\" class=\"aligncenter wp-image-83695\" src=\"https:\/\/www.lapluma.net\/wp-content\/uploads\/2025\/11\/Gaza-Genocidio1-300x141.jpg\" alt=\"\" width=\"600\" height=\"283\" srcset=\"https:\/\/www.lapluma.net\/wp-content\/uploads\/2025\/11\/Gaza-Genocidio1-300x141.jpg 300w, https:\/\/www.lapluma.net\/wp-content\/uploads\/2025\/11\/Gaza-Genocidio1.jpg 700w\" sizes=\"auto, (max-width: 600px) 100vw, 600px\" \/><\/p>\n<p style=\"text-align: justify;\"><span style=\"font-size: 14pt;\">Es cierto, hay instituciones que condenan los hechos, como la Corte Internacional de Justicia de Naciones Unidas, pero son condenadas por el gobierno estadounidense; existe persecuci\u00f3n contra personas como Francesca Albanese, que estudia y denuncia los hechos; las flotillas humanitarias rumbo a Gaza son v\u00edctimas de actos de pirater\u00eda en aguas neutrales; Israel bombardea el sur del L\u00edbano, ocupa parte de Siria y avanza en la colonizaci\u00f3n de Cisjordania.<\/span><\/p>\n<p style=\"padding-left: 40px; text-align: justify;\"><em><span style=\"font-size: 14pt;\">Y por supuesto sin remordimientos: hay violadores de palestinos presos que son presentados como h\u00e9roes en los medios locales y el X-Twitter de Elon Musk desactiv\u00f3 la traducci\u00f3n al ingl\u00e9s de mensajes en hebreo, habida cuenta del car\u00e1cter racista y violento de las opiniones expresadas. \u00bfSer\u00e1 que el peligro existencial que acecha a Israel no es tanto el terrorismo de Hamas -inexistente en Cisjordania- como los cr\u00edmenes de Benjamin Netanyahu? \u00bfAcaso pueda ser eso la expresi\u00f3n de \u201cel poder y la gloria\u201d?<\/span><\/em><\/p>\n<p style=\"text-align: justify;\"><span style=\"font-size: 14pt;\">Pero las \u00e9lites occidentales aceptan, son pocos los que protestan, la mayor\u00eda calla o apa\u00f1a. En una versi\u00f3n libre de los principios del derecho romano, podr\u00edamos decir <em>\u201cquien consiente lo m\u00e1s, consiente lo menos\u201d<\/em>.<\/span><\/p>\n<p><img loading=\"lazy\" decoding=\"async\" class=\"aligncenter wp-image-83696\" src=\"https:\/\/www.lapluma.net\/wp-content\/uploads\/2025\/11\/Costo-capitalismo-300x300.png\" alt=\"\" width=\"600\" height=\"600\" srcset=\"https:\/\/www.lapluma.net\/wp-content\/uploads\/2025\/11\/Costo-capitalismo-300x300.png 300w, https:\/\/www.lapluma.net\/wp-content\/uploads\/2025\/11\/Costo-capitalismo-150x150.png 150w, https:\/\/www.lapluma.net\/wp-content\/uploads\/2025\/11\/Costo-capitalismo.png 512w\" sizes=\"auto, (max-width: 600px) 100vw, 600px\" \/><\/p>\n<p style=\"text-align: justify;\"><span style=\"font-size: 14pt;\"> Por lo tanto lo que viene abajo del genocidio sobre quien fuere tambi\u00e9n es tolerable. Pasamos a los <em>\u201ccaminos sin ley\u201d<\/em>. En estas condiciones es tolerable que entre el 15 o el 30 por ciento de las minas de cobalto de la Rep\u00fablica Democr\u00e1tica del Congo sean explotaciones artesanales, donde abunda el trabajo infantil que podemos ver en los celulares que funcionan gracias al mineral que extraen esos mismos ni\u00f1os esclavos que ya no ser\u00e1n nunca adultos. Pero al menos eso ayuda a la transici\u00f3n energ\u00e9tica. Hasta Glencore tiene intereses por all\u00ed, como en los puertos del Paran\u00e1.<\/span><\/p>\n<p style=\"text-align: justify; padding-left: 40px;\"><em><span style=\"font-size: 14pt;\">Si nos quedamos en \u00c1frica veamos lo que sucede en Sud\u00e1n del Sur. \u201cUna vez m\u00e1s, los civiles son bombardeados, las mujeres son violadas, los ni\u00f1os son desplazados y forzados al reclutamiento militar, una comunidad entera vive en el miedo y todo es una repetici\u00f3n del doloroso pasado de Sud\u00e1n del Sur\u201d nos informan las Naciones Unidas.<\/span> <\/em><\/p>\n<p style=\"text-align: justify;\"><span style=\"font-size: 14pt;\"><em>\u201cEsta guerra contra el pueblo de Sud\u00e1n del Sur es el resultado de decisiones pol\u00edticas\u201d<\/em> y por lo tanto evitable. Miles de millones de d\u00f3lares en minerales y petr\u00f3leo, contin\u00faa el relato, <em>\u201cson apropiados por una \u00e9lite que se enriquece y los fuga al exterior a trav\u00e9s de contactos opacos\u201d (\u2026) \u201cLa corrupci\u00f3n no es una consecuencia del conflicto, sino uno de los motores\u201d. \u201cEl factor humano\u201d<\/em>, nos recuerda Graham.<\/span><\/p>\n<figure id=\"attachment_83697\" aria-describedby=\"caption-attachment-83697\" style=\"width: 600px\" class=\"wp-caption aligncenter\"><img loading=\"lazy\" decoding=\"async\" class=\"wp-image-83697\" src=\"https:\/\/www.lapluma.net\/wp-content\/uploads\/2025\/11\/Sudan2-300x191.png\" alt=\"\" width=\"600\" height=\"382\" srcset=\"https:\/\/www.lapluma.net\/wp-content\/uploads\/2025\/11\/Sudan2-300x191.png 300w, https:\/\/www.lapluma.net\/wp-content\/uploads\/2025\/11\/Sudan2-768x488.png 768w, https:\/\/www.lapluma.net\/wp-content\/uploads\/2025\/11\/Sudan2.png 835w\" sizes=\"auto, (max-width: 600px) 100vw, 600px\" \/><figcaption id=\"caption-attachment-83697\" class=\"wp-caption-text\">Crisis humanitaria en Sud\u00e1n del Sur.<\/figcaption><\/figure>\n<p style=\"text-align: justify;\"><span style=\"font-size: 14pt;\">Los Estados Unidos han tomado la costumbre de filmar los bombardeos de lanchas tanto en el Caribe como en los mares del lejano oriente. No parece que esos asesinatos realizados sobre la base de sospechas disminuyan al narcotr\u00e1fico ni el poder de los carteles. Es que comerse a los can\u00edbales no parece ser la mejor forma de combatir la antropofagia, ni que sea veros\u00edmil eso de <em>\u201csi los matamos, es porque son narcos\u201d<\/em>.<\/span><\/p>\n<p style=\"text-align: justify; padding-left: 40px;\"><em><span style=\"font-size: 14pt;\">Lo arbitrario pasa a ser la nueva legalidad que impone el poder de siempre, y cuanta m\u00e1s violencia es ejercida mayor legitimidad puede reclamar y menos cr\u00edticas recibir. Donald Trump, \u00bf\u201cun americano impasible\u201d?<\/span><\/em><\/p>\n<p style=\"text-align: justify;\"><span style=\"font-size: 14pt;\">Digamos que a trav\u00e9s de la obra de Graham Greene, en todo recomendable, hay una fascinaci\u00f3n por los personajes desgarrados. A veces es entre el bien y el mal, el conformismo et\u00edlico transformado en coraje o el deseo de rebeli\u00f3n hecho deber, en ese arriesgado margen que supone viajar sin mapas por caminos sin ley. \u00bfPero qu\u00e9 otra cosa podemos hacer? <em>Bon voyage.<\/em><\/span><\/p>\n<h2><span style=\"font-size: 14pt;\">Eric Calcagno<\/span><\/h2>\n<h2><span style=\"font-size: 14pt;\">Fuente:<a href=\"https:\/\/www.tiempoar.com.ar\/ta_article\/viaje-sin-mapas-caminos-sin-ley\/\"> Tiempo Argentino<\/a>, <a href=\"https:\/\/cronicon.net\/wp\/viaje-sin-mapas-caminos-sin-ley\/\">Cronic\u00f3<\/a><a href=\"https:\/\/cronicon.net\/wp\/viaje-sin-mapas-caminos-sin-ley\/\">n<\/a><em>, <\/em>29\/30 de noviembre de 2025<\/span><\/h2>\n<h2><span style=\"font-size: 14pt;\">Editado por <\/span><a href=\"https:\/\/www.lapluma.net\/nosotros\/editora\/\"><span style=\"font-size: 14pt;\">Mar\u00eda piedad Ossaba<\/span><\/a><\/h2>\n","protected":false},"excerpt":{"rendered":"<p>Digamos que, a trav\u00e9s de la obra de Graham Greene, en todo recomendable, hay una fascinaci\u00f3n por los personajes desgarrados. A veces es entre el bien y el mal, el conformismo et\u00edlico transformado en coraje o el deseo de rebeli\u00f3n hecho deber, en ese arriesgado margen que supone viajar sin mapas por caminos sin ley. \u00bfPero qu\u00e9 otra cosa podemos hacer? Bon voyage.<\/p>\n","protected":false},"author":1248,"featured_media":83690,"comment_status":"open","ping_status":"open","sticky":false,"template":"","format":"standard","meta":{"_uf_show_specific_survey":0,"_uf_disable_surveys":false,"footnotes":""},"categories":[7,5],"tags":[30615,22457,26105,30613,30614,284,206,30616,30147],"coauthors":[22454],"class_list":["post-83689","post","type-post","status-publish","format-standard","has-post-thumbnail","hentry","category-ddhh","category-editoriales-y-opiniones","tag-castro-chavistas","tag-eric-calcagno","tag-francesca-albanese","tag-graham-greene","tag-islamo-izquierdistas","tag-lucha-de-clases","tag-pensamiento-critico","tag-sudan-del-sur-crisis-humanitaria","tag-usa-genocidio-palestina"],"translation":{"provider":"WPGlobus","version":"2.12.2","language":"fr","enabled_languages":["es","fr"],"languages":{"es":{"title":true,"content":true,"excerpt":true},"fr":{"title":false,"content":false,"excerpt":false}}},"_links":{"self":[{"href":"https:\/\/www.lapluma.net\/fr\/wp-json\/wp\/v2\/posts\/83689","targetHints":{"allow":["GET"]}}],"collection":[{"href":"https:\/\/www.lapluma.net\/fr\/wp-json\/wp\/v2\/posts"}],"about":[{"href":"https:\/\/www.lapluma.net\/fr\/wp-json\/wp\/v2\/types\/post"}],"author":[{"embeddable":true,"href":"https:\/\/www.lapluma.net\/fr\/wp-json\/wp\/v2\/users\/1248"}],"replies":[{"embeddable":true,"href":"https:\/\/www.lapluma.net\/fr\/wp-json\/wp\/v2\/comments?post=83689"}],"version-history":[{"count":7,"href":"https:\/\/www.lapluma.net\/fr\/wp-json\/wp\/v2\/posts\/83689\/revisions"}],"predecessor-version":[{"id":83707,"href":"https:\/\/www.lapluma.net\/fr\/wp-json\/wp\/v2\/posts\/83689\/revisions\/83707"}],"wp:featuredmedia":[{"embeddable":true,"href":"https:\/\/www.lapluma.net\/fr\/wp-json\/wp\/v2\/media\/83690"}],"wp:attachment":[{"href":"https:\/\/www.lapluma.net\/fr\/wp-json\/wp\/v2\/media?parent=83689"}],"wp:term":[{"taxonomy":"category","embeddable":true,"href":"https:\/\/www.lapluma.net\/fr\/wp-json\/wp\/v2\/categories?post=83689"},{"taxonomy":"post_tag","embeddable":true,"href":"https:\/\/www.lapluma.net\/fr\/wp-json\/wp\/v2\/tags?post=83689"},{"taxonomy":"author","embeddable":true,"href":"https:\/\/www.lapluma.net\/fr\/wp-json\/wp\/v2\/coauthors?post=83689"}],"curies":[{"name":"wp","href":"https:\/\/api.w.org\/{rel}","templated":true}]}}