{"id":83650,"date":"2025-11-28T15:52:40","date_gmt":"2025-11-28T15:52:40","guid":{"rendered":"https:\/\/www.lapluma.net\/?p=83650"},"modified":"2025-11-28T16:12:42","modified_gmt":"2025-11-28T16:12:42","slug":"83650","status":"publish","type":"post","link":"https:\/\/www.lapluma.net\/fr\/2025\/11\/28\/83650\/","title":{"rendered":"\u00bfNecesita la UNAM un cambio? \u00bfC\u00f3mo hacerlo?"},"content":{"rendered":"<p style=\"text-align: justify;\"><span style=\"font-size: 14pt;\">\u00daltimamente los universitarios pumitas, es decir, los profesores, alumnos, trabajadores, egresados, aficionados, familiares y amigos de la UNAM y sus equipos de f\u00fatbol, f\u00fatbol americano y otros deportes, un porcentaje muy alto y significativo de la poblaci\u00f3n mexicana y latinoamericana \u2012la UNAM es verdaderamente un s\u00edmbolo nacional y latinoamericano, como lo expresa en su escudo, y lo es para muchos suramericanos y centroamericanos que nos hemos formado en ella\u2012, vivimos preocupados por la actual y delicada serie de noticias, infundios y actos relativos a nuestra emblem\u00e1tica casa de estudios: un asesinato en una preparatoria, algunos suicidios, llamadas an\u00f3nimas amenazando a profesores y autoridades, restaurantes y cafeter\u00edas con precios inalcanzables para la mayor\u00eda de los alumnos, profesores investigadores que no pueden o se niegan a dar clases, la mayor\u00eda de los cursos impartidos por profesores de asignatura con salarios realmente muy bajos, intentos de castigar la protesta, acuerdos, alianzas y cobros determinados por criterios meramente econ\u00f3micos, descuidos en las funciones y tareas, puestos hereditarios, despilfarro, simulaci\u00f3n y corrupci\u00f3n, imposibilidad de erradicar el acoso sexual y laboral, denuncias de acoso sin resolver, impunidad para ciertos poderosos, amenazas de bombas y tiroteos, destrucci\u00f3n de instalaciones y libros, mantenimiento por d\u00e9cadas del auditorio de la Facultad de Filosof\u00eda y Letras tomado por personas ajenas a la universidad, entrada \u201cpor error\u201d de un veh\u00edculo del ej\u00e9rcito, perfilamientos y acoso a algunos l\u00edderes estudiantiles, paros sin peticiones claras y dirigidos por encapuchados, huelgas y tomas de instalaciones sin consultar a las mayor\u00edas y sin mecanismos democr\u00e1ticos claros para levantarlos, desconocimiento de decisiones tomadas por asambleas y, como si fuera poco, una gran polarizaci\u00f3n, radicalizaci\u00f3n y se\u00f1alamientos que impiden el di\u00e1logo y la reflexi\u00f3n necesarios no s\u00f3lo para la universidad sino para la sociedad en general, una sociedad cada vez m\u00e1s en manos de la violencia y la radicalizaci\u00f3n, una sociedad urgida del ejemplo dial\u00f3gico, reflexivo, \u00e9tico y democr\u00e1tico de sus sectores m\u00e1s formados&#8230;<\/span><\/p>\n<p style=\"text-align: justify;\"><span style=\"font-size: 14pt;\">Hace unos d\u00edas hubo una amenaza de bomba en el Museo Universitario de Arte Contempor\u00e1neo y dos amenazas de tiroteos\u2026<\/span><\/p>\n<figure id=\"attachment_83658\" aria-describedby=\"caption-attachment-83658\" style=\"width: 600px\" class=\"wp-caption aligncenter\"><img loading=\"lazy\" decoding=\"async\" class=\"wp-image-83658\" src=\"https:\/\/www.lapluma.net\/wp-content\/uploads\/2025\/11\/muac-00-300x165.png\" alt=\"\" width=\"600\" height=\"330\" srcset=\"https:\/\/www.lapluma.net\/wp-content\/uploads\/2025\/11\/muac-00-300x165.png 300w, https:\/\/www.lapluma.net\/wp-content\/uploads\/2025\/11\/muac-00-768x422.png 768w, https:\/\/www.lapluma.net\/wp-content\/uploads\/2025\/11\/muac-00.png 1000w\" sizes=\"auto, (max-width: 600px) 100vw, 600px\" \/><figcaption id=\"caption-attachment-83658\" class=\"wp-caption-text\">Museo Universitario de Arte Contempor\u00e1neo (MUAC)<\/figcaption><\/figure>\n<p style=\"text-align: justify;\"><span style=\"font-size: 14pt;\">Una amiga muy querida me relat\u00f3 as\u00ed el suceso, con miedo e indignaci\u00f3n:<\/span><\/p>\n<p style=\"text-align: justify;\"><span style=\"font-size: 14pt;\">\u201cOye querido Mario, hoy avisaron que hab\u00eda una bomba en el MUAC. Mi hija estaba ah\u00ed. Los desalojaron. Me cont\u00f3 que fue un susto enorme, algo que no quisieras que tu hija viviera. Creo que ya se les pas\u00f3 la mano a esos grupos que quieren sacar al rector. La verdad, no apoyo nada de eso.<\/span><\/p>\n<p style=\"text-align: justify;\"><span style=\"font-size: 14pt;\">Me sorprendi\u00f3, y me doli\u00f3 mucho\u2026 Le contest\u00e9 conmovido:<\/span><\/p>\n<p style=\"text-align: justify;\"><span style=\"font-size: 14pt;\">\u00a1Qu\u00e9 horror! \u00a1Qu\u00e9 pena! \u00a1Me parece terrible el terrorismo! Infame, inadmisible, inhumano, agrego. No me gustar\u00eda que mi hija viviera esa situaci\u00f3n, \u00a1ni nadie! Me duele que tu hija la hubiera tenido que sufrir&#8230; Ahora, no tengo idea de qui\u00e9nes sean, y no s\u00e9 si quieren sacar o mantener al rector&#8230;<\/span><\/p>\n<p style=\"text-align: justify;\"><span style=\"font-size: 14pt;\">Creo que los problemas en la universidad, y en la sociedad, se deber\u00edan de resolver reflexionando, hablando, platicando, conversando, negociando\u2026<\/span><\/p>\n<p style=\"text-align: justify;\"><span style=\"font-size: 14pt;\">Estoy convencido, adem\u00e1s, de que la crisis y la necesidad de cambio de la UNAM no se resuelven con un simple cambio de rector, ni de un d\u00eda para otro, ni est\u00e1n en manos de un solo sector ni excluyendo a nadie: es necesario un serio y cuidadoso proceso democr\u00e1tico de diagn\u00f3stico y de construcci\u00f3n consensuada de propuestas y soluciones en el que participen directivos, profesores, alumnos y trabajadores, con la natural y necesaria riqueza de experiencias y posiciones pedag\u00f3gicas, acad\u00e9micas, administrativas, organizativas, ideol\u00f3gicas y pol\u00edticas&#8230;<\/span><\/p>\n<p style=\"text-align: justify;\"><span style=\"font-size: 14pt;\">Su muy breve y fr\u00eda respuesta: <em>\u201cPues\u2026 Pues\u2026 Pues\u2026\u201d<\/em> Me confirm\u00f3 lo que yo hab\u00eda sentido en su primer mensaje: pensaba que yo, por haberle contado la crisis que estamos viviendo, y por haber expresado mi convicci\u00f3n de que son necesarias una discusi\u00f3n y una reforma de nuestra querida UNAM, estaba de acuerdo con los que buscan <em>\u201csacar al rector\u201d<\/em> y con los actos terroristas que estamos sufriendo y les atribuyen a ellos\u2026 Me doli\u00f3\u2026 Le pregunt\u00e9 si eso era lo que pensaba, y me contest\u00f3 con un lac\u00f3nico<em> \u201cS\u00ed\u2026\u201d<\/em> Entiendo que el miedo y el dolor sufridos por su hija y por ella la hayan orillado a es idea\u2026 Pero reconocer y plantear la necesidad no lo hacen a uno ni porro ni terrorista&#8230;<\/span><\/p>\n<p style=\"text-align: justify;\"><span style=\"font-size: 14pt;\">Pero, m\u00e1s all\u00e1 de la triste an\u00e9cdota personal, su repuesta me permiti\u00f3 darme cuenta de que nuestra crisis es mucho m\u00e1s grande y grave de lo que pensaba: la polarizaci\u00f3n y la radicalizaci\u00f3n que estamos experimentando no nos permiten ser emp\u00e1ticos ni reflexionar ni dialogar&#8230; Adem\u00e1s, percibo miedo, indiferencia y temor a opinar por las posibles represalias\u2026<\/span><\/p>\n<p style=\"text-align: justify;\"><span style=\"font-size: 14pt;\">La violencia verbal y f\u00edsica, la polarizaci\u00f3n y la radicalizaci\u00f3n, la falta de empat\u00eda, di\u00e1logo y an\u00e1lisis, el miedo y la indiferencia, no nos permiten avanzar en la soluci\u00f3n de la creciente crisis que estamos padeciendo&#8230;<\/span><\/p>\n<p style=\"text-align: justify;\"><span style=\"font-size: 14pt;\">La verdad, no entiendo qu\u00e9 est\u00e1 pasando en nuestra UNAM, ni quienes son los unos ni qui\u00e9nes son los otros ni lo que quieren unos y otros\u2026<\/span><\/p>\n<p style=\"text-align: justify;\"><span style=\"font-size: 14pt;\">Nuestra UNAM necesita un cambio, s\u00ed: con an\u00e1lisis, pl\u00e1ticas, propuestas y negociaciones, con empat\u00eda y fraternidad, con amplia participaci\u00f3n de los estudiantes, profesores y trabajadores; no con peque\u00f1as asambleas manipulables, ni a punta de se\u00f1alamientos, descalificaciones, amenazas y bombas&#8230;<\/span><\/p>\n<h2 style=\"text-align: justify;\"><span style=\"font-size: 14pt;\">Mario Rey para La Pluma, 28 de noviembre de 2025<\/span><br \/>\n<span style=\"font-size: 14pt;\">Editado por <a href=\"https:\/\/www.lapluma.net\/nosotros\/editora\/\">Mar\u00eda Piedad Ossaba<\/a><\/span><\/h2>\n","protected":false},"excerpt":{"rendered":"<p>La violencia verbal y f\u00edsica, la polarizaci\u00f3n y la radicalizaci\u00f3n, la falta de empat\u00eda, di\u00e1logo y an\u00e1lisis, el miedo y la indiferencia, no nos permiten avanzar en la soluci\u00f3n de la creciente crisis que estamos padeciendo&#8230; La verdad, no entiendo qu\u00e9 est\u00e1 pasando en nuestra UNAM, ni quienes son los unos ni qui\u00e9nes son los otros ni lo que quieren unos y otros\u2026<\/p>\n","protected":false},"author":1617,"featured_media":83656,"comment_status":"open","ping_status":"open","sticky":false,"template":"","format":"standard","meta":{"_uf_show_specific_survey":0,"_uf_disable_surveys":false,"footnotes":""},"categories":[7,5,15],"tags":[1185,30596,30606,30609,23048,30607,30608],"coauthors":[29470],"class_list":["post-83650","post","type-post","status-publish","format-standard","has-post-thumbnail","hentry","category-ddhh","category-editoriales-y-opiniones","category-impunidad","tag-crisis","tag-mario-rey","tag-mexico-violacion-ddhh-dih","tag-polarizacion-radicalizacionon","tag-universidad-nacional-autonoma-de-mexico-unam","tag-universitarios-pumitas","tag-violencia-verbal-y-fisica"],"translation":{"provider":"WPGlobus","version":"2.12.2","language":"fr","enabled_languages":["es","fr"],"languages":{"es":{"title":true,"content":true,"excerpt":true},"fr":{"title":false,"content":false,"excerpt":false}}},"_links":{"self":[{"href":"https:\/\/www.lapluma.net\/fr\/wp-json\/wp\/v2\/posts\/83650","targetHints":{"allow":["GET"]}}],"collection":[{"href":"https:\/\/www.lapluma.net\/fr\/wp-json\/wp\/v2\/posts"}],"about":[{"href":"https:\/\/www.lapluma.net\/fr\/wp-json\/wp\/v2\/types\/post"}],"author":[{"embeddable":true,"href":"https:\/\/www.lapluma.net\/fr\/wp-json\/wp\/v2\/users\/1617"}],"replies":[{"embeddable":true,"href":"https:\/\/www.lapluma.net\/fr\/wp-json\/wp\/v2\/comments?post=83650"}],"version-history":[{"count":5,"href":"https:\/\/www.lapluma.net\/fr\/wp-json\/wp\/v2\/posts\/83650\/revisions"}],"predecessor-version":[{"id":83947,"href":"https:\/\/www.lapluma.net\/fr\/wp-json\/wp\/v2\/posts\/83650\/revisions\/83947"}],"wp:featuredmedia":[{"embeddable":true,"href":"https:\/\/www.lapluma.net\/fr\/wp-json\/wp\/v2\/media\/83656"}],"wp:attachment":[{"href":"https:\/\/www.lapluma.net\/fr\/wp-json\/wp\/v2\/media?parent=83650"}],"wp:term":[{"taxonomy":"category","embeddable":true,"href":"https:\/\/www.lapluma.net\/fr\/wp-json\/wp\/v2\/categories?post=83650"},{"taxonomy":"post_tag","embeddable":true,"href":"https:\/\/www.lapluma.net\/fr\/wp-json\/wp\/v2\/tags?post=83650"},{"taxonomy":"author","embeddable":true,"href":"https:\/\/www.lapluma.net\/fr\/wp-json\/wp\/v2\/coauthors?post=83650"}],"curies":[{"name":"wp","href":"https:\/\/api.w.org\/{rel}","templated":true}]}}