{"id":8347,"date":"2019-04-18T20:13:50","date_gmt":"2019-04-18T20:13:50","guid":{"rendered":"http:\/\/www.lapluma.net\/?p=8347"},"modified":"2025-01-27T13:10:13","modified_gmt":"2025-01-27T13:10:13","slug":"tragedia","status":"publish","type":"post","link":"https:\/\/www.lapluma.net\/fr\/2019\/04\/18\/tragedia\/","title":{"rendered":"Trag\u00e9die"},"content":{"rendered":"<p style=\"text-align: justify;\"><span style=\"font-size: 12pt;\"><img loading=\"lazy\" decoding=\"async\" class=\"size-full wp-image-1588 alignleft\" src=\"http:\/\/www.lapluma.net\/wp-content\/uploads\/2018\/10\/koldo-campos-sagasetaBis.jpg\" alt=\"\" width=\"63\" height=\"70\" \/>Le monde assiste commotionn\u00e9 \u00e0 l&rsquo;effondrement du symbole le plus important de sa culture et de son histoire. Le temple arctique fond et s&rsquo;effondre sous le regard constern\u00e9 des plus grands dirigeants du monde.<\/span><\/p>\n<p><img loading=\"lazy\" decoding=\"async\" src=\"http:\/\/tlaxcala-int.org\/upload\/gal_20133.jpg\" alt=\"\" width=\"600\" height=\"431\" \/><\/p>\n<p style=\"text-align: justify;\"><span style=\"font-size: 12pt;\">Donald Trump a d\u00e9j\u00e0 \u00e9voqu\u00e9 la n\u00e9cessit\u00e9 d&rsquo;\u00e9riger un mur autour de l&rsquo;Arctique pour contenir le d\u00e9gel alors que sa femme Melania affirme avoir le c\u0153ur bris\u00e9. Angela Merkel se d\u00e9clare d\u00e9sol\u00e9e, Obama appelle \u00e0 nous surpasser pour l reconstruire avec le plus de force possible et Marine Le Pen est bless\u00e9e par la d\u00e9vastation de notre patrimoine. Hillary Clinton affirme que son c\u0153ur est dans l&rsquo;Arctique, Theresa May insiste sur le fait qu&rsquo;elle pense aux ours polaires, Antonio Guterres (ONU) est horrifi\u00e9 par les images, Trudeau (Canada) dit que le d\u00e9gel est d\u00e9chirant, Bolsonaro et Lenin Moreno montrent leur solidarit\u00e9 et Pedro S\u00e1nchez d\u00e9finit la chute des masses polaires comme une catastrophe pour la France, l&rsquo;Espagne et pour l&rsquo;Europe. M\u00eame le Vatican et le Guaid\u00f3 ont exprim\u00e9 leur d\u00e9solation pour ce qui s&rsquo;est pass\u00e9.<\/span><\/p>\n<p style=\"text-align: justify;\"><span style=\"font-size: 12pt;\">Macron va ouvrir un concours public pour choisir le meilleur projet de reconstruction de l&rsquo;Arctique et on estime \u00e0 cinq ans le temps qu&rsquo;il pourra prendre. Pr\u00e8s d&rsquo;un milliard d&rsquo;euros de dons ont d\u00e9j\u00e0 \u00e9t\u00e9 recueillis.<\/span><\/p>\n<p style=\"text-align: justify;\"><strong><span style=\"font-size: 12pt;\">(Preso politikoak aske)<\/span><\/strong><\/p>\n<p><img loading=\"lazy\" decoding=\"async\" class=\"aligncenter\" title=\"Reaction of the rich to the Notre Dame fire teaches us \" src=\"https:\/\/www.cartoonmovement.com\/depot\/cartoons\/2019\/04\/17\/reaction_of_the_rich_to_the_notre_dame_fire_teaches_us___ramses_morales_izquierdo.jpeg\" alt=\"\" width=\"600\" height=\"424\" \/><\/p>\n<p style=\"text-align: center;\"><strong><em>La r\u00e9action des riches \u00e0 l&rsquo;incendie de Notre-Dame nous en dit long sur le monde dans lequel nous vivons<\/em>, par\u00a0 <a href=\"https:\/\/www.cartoonmovement.com\/p\/6146\">Ramses Morales Izquierdo<\/a>, Cuba<\/strong><\/p>\n<p><strong><span style=\"font-size: 12pt;\"><span class=\"auteur\">Koldo Campos Sagaseta<\/span>, Cronopiages<\/span><\/strong><\/p>\n<p><strong><span style=\"font-size: 12pt;\">Original: <a href=\"http:\/\/www.lapluma.net\/2019\/04\/18\/tragedia\/\">Tragedia<\/a><\/span><\/strong><\/p>\n<p><strong><span style=\"font-size: 12pt;\">Traduit par <span class=\"trad\"> <a href=\"http:\/\/tlaxcala-int.org\/biographie.asp?ref_aut=2&amp;lg_pp=fr\">Fausto Giudice \u0424\u0430\u0443\u0441\u0442\u043e \u0414\u0436\u0443\u0434\u0438\u0447\u0435 \u0641\u0627\u0648\u0633\u062a\u0648 \u062c\u064a\u0648\u062f\u064a\u0634\u064a<\/a><\/span><\/span><\/strong><\/p>\n<p><strong><span style=\"font-size: 12pt;\">Source: <a href=\"http:\/\/tlaxcala-int.org\/article.asp?reference=25861\">Tlaxcala<\/a>, le 18 avril 2019<\/span><\/strong><\/p>\n<p><strong><span style=\"font-size: 12pt;\">Traductions disponibles: <\/span><span class=\"entete\"><span style=\"font-size: 12pt;\"><a href=\"http:\/\/www.tlaxcala-int.org\/article.asp?reference=25869\">Italiano<\/a>\u00a0<\/span> <\/span><\/strong><\/p>\n","protected":false},"excerpt":{"rendered":"<p>Macron va ouvrir un concours public pour choisir le meilleur projet de reconstruction de l&rsquo;Arctique et on estime \u00e0 cinq ans le temps qu&rsquo;il pourra prendre. Pr\u00e8s d&rsquo;un milliard d&rsquo;euros de dons ont d\u00e9j\u00e0 \u00e9t\u00e9 recueillis.<\/p>\n","protected":false},"author":50,"featured_media":8351,"comment_status":"open","ping_status":"open","sticky":false,"template":"","format":"standard","meta":{"_uf_show_specific_survey":0,"_uf_disable_surveys":false,"footnotes":""},"categories":[5],"tags":[14963,1408,2837,4653,4620,4625,15787],"coauthors":[463],"class_list":["post-8347","post","type-post","status-publish","format-standard","has-post-thumbnail","hentry","category-editoriales-y-opiniones","tag-artico","tag-cambio-climatico","tag-changement-climatique","tag-fonte-de-la-banquise","tag-incendie-de-notre-dame","tag-incendio-de-notre-dame","tag-koldo-campos-sagaseta-2"],"translation":{"provider":"WPGlobus","version":"2.12.2","language":"fr","enabled_languages":["es","fr"],"languages":{"es":{"title":true,"content":true,"excerpt":true},"fr":{"title":true,"content":true,"excerpt":true}}},"_links":{"self":[{"href":"https:\/\/www.lapluma.net\/fr\/wp-json\/wp\/v2\/posts\/8347","targetHints":{"allow":["GET"]}}],"collection":[{"href":"https:\/\/www.lapluma.net\/fr\/wp-json\/wp\/v2\/posts"}],"about":[{"href":"https:\/\/www.lapluma.net\/fr\/wp-json\/wp\/v2\/types\/post"}],"author":[{"embeddable":true,"href":"https:\/\/www.lapluma.net\/fr\/wp-json\/wp\/v2\/users\/50"}],"replies":[{"embeddable":true,"href":"https:\/\/www.lapluma.net\/fr\/wp-json\/wp\/v2\/comments?post=8347"}],"version-history":[{"count":9,"href":"https:\/\/www.lapluma.net\/fr\/wp-json\/wp\/v2\/posts\/8347\/revisions"}],"predecessor-version":[{"id":75522,"href":"https:\/\/www.lapluma.net\/fr\/wp-json\/wp\/v2\/posts\/8347\/revisions\/75522"}],"wp:featuredmedia":[{"embeddable":true,"href":"https:\/\/www.lapluma.net\/fr\/wp-json\/wp\/v2\/media\/8351"}],"wp:attachment":[{"href":"https:\/\/www.lapluma.net\/fr\/wp-json\/wp\/v2\/media?parent=8347"}],"wp:term":[{"taxonomy":"category","embeddable":true,"href":"https:\/\/www.lapluma.net\/fr\/wp-json\/wp\/v2\/categories?post=8347"},{"taxonomy":"post_tag","embeddable":true,"href":"https:\/\/www.lapluma.net\/fr\/wp-json\/wp\/v2\/tags?post=8347"},{"taxonomy":"author","embeddable":true,"href":"https:\/\/www.lapluma.net\/fr\/wp-json\/wp\/v2\/coauthors?post=8347"}],"curies":[{"name":"wp","href":"https:\/\/api.w.org\/{rel}","templated":true}]}}