{"id":8293,"date":"2019-04-16T21:09:09","date_gmt":"2019-04-16T21:09:09","guid":{"rendered":"http:\/\/www.lapluma.net\/?p=8293"},"modified":"2019-04-17T01:56:01","modified_gmt":"2019-04-17T01:56:01","slug":"bamiyan-babylone-palmyre-notre-dame","status":"publish","type":"post","link":"https:\/\/www.lapluma.net\/fr\/2019\/04\/16\/bamiyan-babylone-palmyre-notre-dame\/","title":{"rendered":"Bamiyan, Babylone, Palmyre, Notre-Dame"},"content":{"rendered":"<p style=\"text-align: justify;\"><span style=\"font-size: 12pt;\"><img loading=\"lazy\" decoding=\"async\" class=\"alignleft\" src=\"http:\/\/tlaxcala-int.org\/upload\/aut_1128.jpg\" width=\"106\" height=\"117\" border=\"0\" \/>Les Bouddhas de B\u00e2miy\u00e2n ont \u00e9t\u00e9 d\u00e9truits par une secte intol\u00e9rante qui pr\u00e9tendait suivre l\u2019Islam. Toute l\u2019Asie bouddhiste\u00a0 a \u00e9t\u00e9 endeuill\u00e9e. C\u2019est \u00e0 peine si on l\u2019a remarqu\u00e9 en Occident.<\/span><\/p>\n<p style=\"text-align: justify;\"><span style=\"font-size: 12pt;\">Ce qui restait des ruines de Babylone et du mus\u00e9e Nabuchodonosor a \u00e9t\u00e9 occup\u00e9, pill\u00e9 et vandalis\u00e9 par une base de <i>US Marin<\/i>es\u00a0 pendant l\u2019op\u00e9ration ing Shock and Awe Choc et Effroi] en 2003. L\u2019Occident n\u2019a rien remarqu\u00e9.<\/span><\/p>\n<p style=\"text-align: justify;\"><span style=\"font-size: 12pt;\">\u00c0 Palmyre, une oasis l\u00e9gendaire sur la Route de la Soie, de vastes portions de la ville ont \u00e9t\u00e9 d\u00e9truites par une autre secte intol\u00e9rante qui pr\u00e9tendait suivre l\u2019Islam, sous la protection de certains \u00ab\u00a0services de renseignements \u00bb occidentaux. L\u00e0 encore, l\u2019Occident n\u2019a rien remarqu\u00e9.\u00a0\u00a0\u00a0\u00a0\u00a0\u00a0\u00a0\u00a0\u00a0\u00a0\u00a0\u00a0\u00a0\u00a0\u00a0\u00a0\u00a0\u00a0\u00a0\u00a0\u00a0\u00a0\u00a0\u00a0\u00a0\u00a0\u00a0\u00a0\u00a0\u00a0\u00a0\u00a0\u00a0\u00a0\u00a0\u00a0\u00a0\u00a0\u00a0\u00a0\u00a0\u00a0\u00a0\u00a0\u00a0\u00a0\u00a0\u00a0\u00a0\u00a0\u00a0\u00a0\u00a0\u00a0\u00a0\u00a0\u00a0\u00a0\u00a0\u00a0\u00a0\u00a0\u00a0<\/span><\/p>\n<p style=\"text-align: justify;\"><span style=\"font-size: 12pt;\">En Syrie, des dizaines d\u2019\u00e9glises catholiques et orthodoxes ont \u00e9t\u00e9 enti\u00e8rement br\u00fbl\u00e9es par la m\u00eame secte intol\u00e9rante qui pr\u00e9tendait suivre l\u2019Islam, prot\u00e9g\u00e9e et arm\u00e9e , entre autres, par les \u00e9tats-Unis, La Grande-Bretagne et la France. L\u2019Occident n\u2019y a pr\u00eat\u00e9 strictement aucune attention.<\/span><\/p>\n<p style=\"text-align: justify;\"><span style=\"font-size: 12pt;\">Notre-Dame, qui peut \u00e0 maints \u00e9gards \u00eatre consid\u00e9r\u00e9e comme la Matrice de l\u2019Occident, a \u00e9t\u00e9 en partie consum\u00e9e par un incendie th\u00e9oriquement accidentel.\u00a0\u00a0\u00a0\u00a0\u00a0\u00a0\u00a0<\/span><\/p>\n<p style=\"text-align: justify;\"><span style=\"font-size: 12pt;\">Surtout le toit\u00a0: des centaines de poutres de ch\u00eane, dont certaines dataient du treizi\u00e8me si\u00e8cle. D\u2019un point de vue m\u00e9taphorique, cela pourrait \u00eatre interpr\u00e9t\u00e9 comme l\u2019incendie du toit couvrant la t\u00eate collective de l\u2019Occident.<\/span><\/p>\n<p style=\"text-align: justify;\"><span style=\"font-size: 12pt;\">Mauvais karma? Enfin\u00a0?<\/span><\/p>\n<p style=\"text-align: center;\"><img loading=\"lazy\" decoding=\"async\" class=\" wp-image-8294 aligncenter\" src=\"http:\/\/www.lapluma.net\/wp-content\/uploads\/2019\/04\/fire_at_notre_dame_cathedral__omar_al_abdallat-300x189.jpg\" alt=\"\" width=\"625\" height=\"394\" srcset=\"https:\/\/www.lapluma.net\/wp-content\/uploads\/2019\/04\/fire_at_notre_dame_cathedral__omar_al_abdallat-300x189.jpg 300w, https:\/\/www.lapluma.net\/wp-content\/uploads\/2019\/04\/fire_at_notre_dame_cathedral__omar_al_abdallat.jpg 700w\" sizes=\"auto, (max-width: 625px) 100vw, 625px\" \/><strong>Omar Al Abdallat, Jordanie<\/strong><\/p>\n<p style=\"text-align: justify;\"><span style=\"font-size: 12pt;\">Venons-en aux choses concr\u00e8tes.<\/span><\/p>\n<p style=\"text-align: justify;\"><span style=\"font-size: 12pt;\">Notre-Dame appartient \u00e0 l\u2019\u00c9tat fran\u00e7ais, qui avait presque totalement n\u00e9glig\u00e9 ce joyau de l\u2019art gothique qui a travers\u00e9 huit si\u00e8cles.<\/span><\/p>\n<p style=\"text-align: justify;\"><span style=\"font-size: 12pt;\">Des fragments d\u2019arcades, des chim\u00e8res, des reliefs et des gargouilles ne cessaient de tomber \u00e0 terre pour \u00eatre conserv\u00e9es dans un d\u00e9p\u00f4t improvis\u00e9 \u00e0 l\u2019arri\u00e8re de la cath\u00e9drale.\u00a0<\/span><\/p>\n<p style=\"text-align: justify;\"><span style=\"font-size: 12pt;\">\u00a0L\u2019ann\u00e9e derni\u00e8re encore, Notre-Dame a re\u00e7u un ch\u00e8que de deux millions d\u2019euros pour la restauration de la fl\u00e8che, celle qui a br\u00fbl\u00e9 et s\u2019est effondr\u00e9e hier<\/span><\/p>\n<p style=\"text-align: justify;\"><span style=\"font-size: 12pt;\">La restauration enti\u00e8re de la cath\u00e9drale aurait co\u00fbt\u00e9 150 millions d\u2019euros, selon le plus grand expert mondial de Notre-Dame, qui se trouve \u00eatre l\u2019USAm\u00e9ricain Andrew Tallon.<\/span><\/p>\n<p style=\"text-align: justify;\"><span style=\"font-size: 12pt;\">Ces temps derniers, c\u2019\u00e9tait la guerre entre les conservateurs de la cath\u00e9drale et l\u2019\u00c9tat fran\u00e7ais.\u00a0<\/span><\/p>\n<p style=\"text-align: justify;\"><span style=\"font-size: 12pt;\">L\u2019\u00c9tat fran\u00e7ais\u00a0 encaissait au moins 4 million d\u2019euros par an en faisant payer aux touristes l\u2019entr\u00e9e aux tours jumelles (clochers), mais ne reversait que\u00a0\u00a0 2 millions d\u2019euros pour l\u2019entretien de Notre Dame<br \/>\n<\/span><\/p>\n<p style=\"text-align: justify;\"><span style=\"font-size: 12pt;\">Le recteur de Notre-Dame a refus\u00e9 de faire payer l\u2019entr\u00e9e \u00e0 la cath\u00e9drale\u00a0 \u2013 comme c\u2019est le cas, par exemple, au D\u00f4me de Milan.<\/span><\/p>\n<p style=\"text-align: justify;\"><span style=\"font-size: 12pt;\">Notre-Dame survit essentiellement gr\u00e2ce aux dons,\u00a0 qui vont aux\u00a0 salaires de seulement 70 employ\u00e9s qui doivent, non seulement assurer la surveillance des hordes de touristes, mais aussi organiser huit messes par jour.\u00a0\u00a0<\/span><\/p>\n<p style=\"text-align: justify;\"><span style=\"font-size: 12pt;\">Ce que propose l\u2019\u00c9tat fran\u00e7ais pour rendre cette \u00e9preuve moins p\u00e9nible : organiser une loterie de bienfaisance. En clair, privatiser ce qui ressort de la responsabilit\u00e9 et des obligations de l\u2019\u00c9tat.<\/span><span style=\"font-size: 12pt;\"><br \/>\n<\/span><\/p>\n<p style=\"text-align: justify;\"><span style=\"font-size: 12pt;\">Alors oui\u00a0: Sarkozy et Macron et leurs gouvernements au grand complet sont directement et indirectement responsables de l\u2019incendie.<\/span><\/p>\n<p style=\"text-align: justify;\"><span style=\"font-size: 12pt;\">Et maintenant, c\u2019est l\u2019heure de Notre-Dame des Milliardaires.<\/span><\/p>\n<p style=\"text-align: justify;\"><span style=\"font-size: 12pt;\">Pinault (Gucci, St. Laurent) s\u2019est engag\u00e9 \u00e0 verser 100 millions d\u2019euros sur sa fortune personnelle pour les travaux de restauration. Arnault<b> <\/b>(Louis Vuitton, Mo\u00ebt Hennessy) a doubl\u00e9 la mise et s\u2019est engag\u00e9 \u00e0 donner 200 millions d\u2019euros.<\/span><\/p>\n<p style=\"text-align: justify;\"><span style=\"font-size: 12pt;\">Alors pourquoi ne pas privatiser ce superbe ensemble immobilier, \u00e0 la mode du \u00ab\u00a0capitalisme du d\u00e9sastre\u00a0\u00bb\u00a0? Bienvenue au condominium Notre-Dame, appartements de luxe, h\u00f4tel et centre commercial incorpor\u00e9.<\/span><\/p>\n<p style=\"text-align: justify;\"><strong><span class=\"auteur\" style=\"font-size: 12pt;\">Pepe Escobar<\/span><\/strong><\/p>\n<p><strong><span style=\"font-size: 12pt;\">Original: <span class=\"navigation_cadre\"><a href=\"http:\/\/tlaxcala-int.org\/article.asp?reference=25831\">Bamyan, Babylon, Palmyra, Notre-Dame <\/a><\/span><\/span><\/strong><\/p>\n<p><strong><span style=\"font-size: 12pt;\">Traduit par <span class=\"trad\"><a href=\"http:\/\/tlaxcala-int.org\/biographie.asp?ref_aut=4445&amp;lg_pp=fr\">Jacques Boutard<\/a><\/span><\/span><\/strong><\/p>\n<p><strong><span style=\"font-size: 12pt;\">Edit\u00e9 par <span class=\"trad\"> <a href=\"http:\/\/tlaxcala-int.org\/biographie.asp?ref_aut=2&amp;lg_pp=fr\">Fausto Giudice \u0424\u0430\u0443\u0441\u0442\u043e \u0414\u0436\u0443\u0434\u0438\u0447\u0435 \u0641\u0627\u0648\u0633\u062a\u0648 \u062c\u064a\u0648\u062f\u064a\u0634\u064a<\/a> <\/span><\/span><\/strong><\/p>\n<p><strong><span style=\"font-size: 12pt;\">Source: <a href=\"http:\/\/tlaxcala-int.org\/article.asp?reference=25833\">Tlaxcala<\/a>, le 16 avril 2019<\/span><\/strong><\/p>\n<p><strong><span style=\"font-size: 12pt;\">Traductions disponibles: <\/span><span class=\"navigation_cadre\"><span style=\"font-size: 12pt;\"><a href=\"http:\/\/tlaxcala-int.org\/article.asp?reference=25832\">Portugu\u00eas\/Galego<\/a> <a href=\"http:\/\/www.lapluma.net\/2019\/04\/16\/bamiyan-babylone-palmyre-notre-dame\/\">Espa\u00f1ol<\/a><\/span> <\/span><\/strong><\/p>\n<p style=\"text-align: justify;\">\n","protected":false},"excerpt":{"rendered":"<p>Alors pourquoi ne pas privatiser ce superbe ensemble immobilier, \u00e0 la mode du \u00ab capitalisme du d\u00e9sastre \u00bb ? Bienvenue au condominium Notre-Dame, appartements de luxe, h\u00f4tel et centre commercial incorpor\u00e9.<\/p>\n","protected":false},"author":152,"featured_media":8295,"comment_status":"open","ping_status":"open","sticky":false,"template":"","format":"standard","meta":{"_uf_show_specific_survey":0,"_uf_disable_surveys":false,"footnotes":""},"categories":[5],"tags":[4621,4626,438,334,4620,4625,406,114,1339],"coauthors":[1340],"class_list":["post-8293","post","type-post","status-publish","format-standard","has-post-thumbnail","hentry","category-editoriales-y-opiniones","tag-capitalisme-du-desastre","tag-capitalismo-del-desastre","tag-douce-france","tag-dulce-francia","tag-incendie-de-notre-dame","tag-incendio-de-notre-dame","tag-neoliberalisme","tag-neoliberalismo","tag-pepe-escobar"],"translation":{"provider":"WPGlobus","version":"2.12.2","language":"fr","enabled_languages":["es","fr"],"languages":{"es":{"title":true,"content":true,"excerpt":false},"fr":{"title":true,"content":true,"excerpt":true}}},"_links":{"self":[{"href":"https:\/\/www.lapluma.net\/fr\/wp-json\/wp\/v2\/posts\/8293","targetHints":{"allow":["GET"]}}],"collection":[{"href":"https:\/\/www.lapluma.net\/fr\/wp-json\/wp\/v2\/posts"}],"about":[{"href":"https:\/\/www.lapluma.net\/fr\/wp-json\/wp\/v2\/types\/post"}],"author":[{"embeddable":true,"href":"https:\/\/www.lapluma.net\/fr\/wp-json\/wp\/v2\/users\/152"}],"replies":[{"embeddable":true,"href":"https:\/\/www.lapluma.net\/fr\/wp-json\/wp\/v2\/comments?post=8293"}],"version-history":[{"count":6,"href":"https:\/\/www.lapluma.net\/fr\/wp-json\/wp\/v2\/posts\/8293\/revisions"}],"predecessor-version":[{"id":8297,"href":"https:\/\/www.lapluma.net\/fr\/wp-json\/wp\/v2\/posts\/8293\/revisions\/8297"}],"wp:featuredmedia":[{"embeddable":true,"href":"https:\/\/www.lapluma.net\/fr\/wp-json\/wp\/v2\/media\/8295"}],"wp:attachment":[{"href":"https:\/\/www.lapluma.net\/fr\/wp-json\/wp\/v2\/media?parent=8293"}],"wp:term":[{"taxonomy":"category","embeddable":true,"href":"https:\/\/www.lapluma.net\/fr\/wp-json\/wp\/v2\/categories?post=8293"},{"taxonomy":"post_tag","embeddable":true,"href":"https:\/\/www.lapluma.net\/fr\/wp-json\/wp\/v2\/tags?post=8293"},{"taxonomy":"author","embeddable":true,"href":"https:\/\/www.lapluma.net\/fr\/wp-json\/wp\/v2\/coauthors?post=8293"}],"curies":[{"name":"wp","href":"https:\/\/api.w.org\/{rel}","templated":true}]}}