{"id":82601,"date":"2025-09-27T16:48:42","date_gmt":"2025-09-27T16:48:42","guid":{"rendered":"https:\/\/www.lapluma.net\/?p=82601"},"modified":"2025-09-29T11:29:23","modified_gmt":"2025-09-29T11:29:23","slug":"82601","status":"publish","type":"post","link":"https:\/\/www.lapluma.net\/fr\/2025\/09\/27\/82601\/","title":{"rendered":"Un d\u00e9catissage g\u00e9opolitique : les droits humains en crise<br><i>Le constat accablant de Volker T\u00fcrk<\/i>"},"content":{"rendered":"<\/p>\n<p style=\"text-align: justify; padding-left: 40px;\"><span style=\"font-size: 18pt;\"><strong><em>Les principales institutions internationales et le concept m\u00eame des droits humains traversent une crise profonde dont l&rsquo;issue est incertaine. Cette crise est en grande partie d\u00e9termin\u00e9e par une op\u00e9ration de d\u00e9catissage g\u00e9opolitique international qui remet en question le multilat\u00e9ralisme, la validit\u00e9 des accords fondamentaux et le fonctionnement m\u00eame du syst\u00e8me onusien. D\u00e9but septembre, 124 des 193 \u00c9tats membres de l&rsquo;ONU n&rsquo;avaient pas vers\u00e9 leur contribution au budget ordinaire annuel de l&rsquo;organisation.<\/em><\/strong><\/span><\/p>\n<p><strong><span style=\"font-size: 18pt;\"><a href=\"https:\/\/tlaxcala-int.blogspot.com\/2025\/09\/sergio-ferrari-un-decatissage.html\">Lire la suite<\/a><\/span><\/strong><\/p>\n","protected":false},"excerpt":{"rendered":"<p> La crise syst\u00e9mique des droits humains est un tr\u00e8s mauvais signe pour la civilisation. L\u00e0 o\u00f9 ils ne sont pas respect\u00e9s, la loi de la jungle devient la seule r\u00e8gle, aussi fragile et autoritaire qu\u2019arbitraire et antihumaine.<\/p>\n","protected":false},"author":887,"featured_media":82611,"comment_status":"open","ping_status":"open","sticky":false,"template":"","format":"standard","meta":{"_uf_show_specific_survey":0,"_uf_disable_surveys":false,"footnotes":""},"categories":[7],"tags":[582,134,7682,30185],"coauthors":[13416],"class_list":["post-82601","post","type-post","status-publish","format-standard","has-post-thumbnail","hentry","category-ddhh","tag-derechos-humanos","tag-onu","tag-sergio-ferrari","tag-volker-turk"],"translation":{"provider":"WPGlobus","version":"2.12.2","language":"fr","enabled_languages":["es","fr"],"languages":{"es":{"title":true,"content":true,"excerpt":true},"fr":{"title":true,"content":true,"excerpt":true}}},"_links":{"self":[{"href":"https:\/\/www.lapluma.net\/fr\/wp-json\/wp\/v2\/posts\/82601","targetHints":{"allow":["GET"]}}],"collection":[{"href":"https:\/\/www.lapluma.net\/fr\/wp-json\/wp\/v2\/posts"}],"about":[{"href":"https:\/\/www.lapluma.net\/fr\/wp-json\/wp\/v2\/types\/post"}],"author":[{"embeddable":true,"href":"https:\/\/www.lapluma.net\/fr\/wp-json\/wp\/v2\/users\/887"}],"replies":[{"embeddable":true,"href":"https:\/\/www.lapluma.net\/fr\/wp-json\/wp\/v2\/comments?post=82601"}],"version-history":[{"count":9,"href":"https:\/\/www.lapluma.net\/fr\/wp-json\/wp\/v2\/posts\/82601\/revisions"}],"predecessor-version":[{"id":82688,"href":"https:\/\/www.lapluma.net\/fr\/wp-json\/wp\/v2\/posts\/82601\/revisions\/82688"}],"wp:featuredmedia":[{"embeddable":true,"href":"https:\/\/www.lapluma.net\/fr\/wp-json\/wp\/v2\/media\/82611"}],"wp:attachment":[{"href":"https:\/\/www.lapluma.net\/fr\/wp-json\/wp\/v2\/media?parent=82601"}],"wp:term":[{"taxonomy":"category","embeddable":true,"href":"https:\/\/www.lapluma.net\/fr\/wp-json\/wp\/v2\/categories?post=82601"},{"taxonomy":"post_tag","embeddable":true,"href":"https:\/\/www.lapluma.net\/fr\/wp-json\/wp\/v2\/tags?post=82601"},{"taxonomy":"author","embeddable":true,"href":"https:\/\/www.lapluma.net\/fr\/wp-json\/wp\/v2\/coauthors?post=82601"}],"curies":[{"name":"wp","href":"https:\/\/api.w.org\/{rel}","templated":true}]}}