{"id":82189,"date":"2025-09-12T17:09:05","date_gmt":"2025-09-12T17:09:05","guid":{"rendered":"https:\/\/www.lapluma.net\/?p=82189"},"modified":"2025-09-17T19:15:30","modified_gmt":"2025-09-17T19:15:30","slug":"milei-netanyahu-complices","status":"publish","type":"post","link":"https:\/\/www.lapluma.net\/fr\/2025\/09\/12\/milei-netanyahu-complices\/","title":{"rendered":"Netanyahu annule sa visite en Argentine"},"content":{"rendered":"<p> <em><span style=\"font-size: 18pt;\">Le dirigeant de l\u2019\u00c9tat sioniste cherche d\u00e9sormais \u00e0 rencontrer Javier Milei lors de l\u2019Assembl\u00e9e g\u00e9n\u00e9rale de l\u2019ONU, qui se tient fin septembre, o\u00f9 l\u2019on s\u2019attend \u00e0 l\u2019annonce de la reconnaissance de l\u2019\u00c9tat palestinien par des pays comme la France, le Royaume-Uni ou l\u2019Australie.<\/span><\/em><\/strong><\/span><\/p>\n<p style=\"text-align: justify;\"><span style=\"font-size: 14pt;\">D\u00e9but ao\u00fbt, la visite de Netanyahou en Argentine avait d\u00e9j\u00e0 \u00e9t\u00e9 mise en suspens. Les critiques contre l\u2019invitation du gouvernement de Javier Milei au Premier ministre isra\u00e9lien ne se sont pas fait attendre et divers secteurs ont remis en cause l\u2019initiative du pr\u00e9sident argentin d\u2019inviter le principal artisan du g\u00e9nocide palestinien. C\u2019est pr\u00e9cis\u00e9ment la semaine o\u00f9 sa visite \u00e9tait attendue, entre le 7 et le 10 septembre, qu\u2019il a d\u00e9finitivement annul\u00e9 son voyage dans le pays sud-am\u00e9ricain \u00ab pour des raisons de s\u00e9curit\u00e9 \u00bb \u2014 en r\u00e9alit\u00e9, par crainte d\u2019\u00eatre arr\u00eat\u00e9 dans un pays o\u00f9 le mandat d\u2019arr\u00eat \u00e9mis en novembre 2024 par la Cour p\u00e9nale internationale (CPI) pourrait \u00eatre ex\u00e9cut\u00e9. Ce type de mandat oblige tout pays reconnaissant l\u2019autorit\u00e9 de la Cour \u00e0 arr\u00eater et \u00e0 remettre l\u2019accus\u00e9 \u00e0 la justice.<\/span><\/p>\n<p><img loading=\"lazy\" decoding=\"async\" class=\"aligncenter wp-image-82197\" src=\"https:\/\/www.lapluma.net\/wp-content\/uploads\/2025\/09\/Milei-complice-genocidio.webp\" alt=\"\" width=\"640\" height=\"427\" srcset=\"https:\/\/www.lapluma.net\/wp-content\/uploads\/2025\/09\/Milei-complice-genocidio.webp 900w, https:\/\/www.lapluma.net\/wp-content\/uploads\/2025\/09\/Milei-complice-genocidio-300x200.webp 300w, https:\/\/www.lapluma.net\/wp-content\/uploads\/2025\/09\/Milei-complice-genocidio-768x513.webp 768w, https:\/\/www.lapluma.net\/wp-content\/uploads\/2025\/09\/Milei-complice-genocidio-435x290.webp 435w, https:\/\/www.lapluma.net\/wp-content\/uploads\/2025\/09\/Milei-complice-genocidio-150x100.webp 150w, https:\/\/www.lapluma.net\/wp-content\/uploads\/2025\/09\/Milei-complice-genocidio-370x247.webp 370w\" sizes=\"auto, (max-width: 640px) 100vw, 640px\" \/><\/p>\n<p style=\"text-align: justify;\"><span style=\"font-size: 14pt;\">R\u00e9cemment, une organisation palestinienne de d\u00e9fense des droits humains a d\u00e9pos\u00e9 une plainte devant les tribunaux f\u00e9d\u00e9raux argentins au nom des familles de plusieurs victimes : des employ\u00e9s de l\u2019ONU, des membres de la D\u00e9fense civile palestinienne et deux secouristes du Croissant-Rouge ayant surv\u00e9cu \u00e0 une op\u00e9ration isra\u00e9lienne \u00e0 Rafah, au cours de laquelle 15 personnes ont \u00e9t\u00e9 ex\u00e9cut\u00e9es \u00e0 bout portant puis enterr\u00e9es dans une fosse commune. La plainte a \u00e9t\u00e9 d\u00e9pos\u00e9e par l\u2019avocat argentin Rodolfo Yanz\u00f3n, sp\u00e9cialiste des crimes contre l\u2019humanit\u00e9, et par Raji Sourani, directeur du Centre palestinien des droits humains.<\/span><\/p>\n<p style=\"text-align: justify;\"><span style=\"font-size: 14pt;\">\u00c0 l\u2019approche \u00e9ventuelle de la visite de Benjamin Netanyahu, Yanz\u00f3n a demand\u00e9 que \u00ab son arrestation imm\u00e9diate soit ordonn\u00e9e afin de le remettre \u00e0 la CPI ou, \u00e0 d\u00e9faut, qu\u2019il soit jug\u00e9 en Argentine \u00bb. Les avocats soutenaient que la mesure \u00e9tait justifi\u00e9e, consid\u00e9rant Netanyahou comme responsable de l\u2019attaque en tant que plus haute autorit\u00e9 politique d\u2019Isra\u00ebl.<\/span><\/p>\n<p style=\"text-align: justify;\"><span style=\"font-size: 14pt;\">En Argentine, plusieurs demandes d\u2019arrestation de Netanyahu ont \u00e9t\u00e9 pr\u00e9sent\u00e9es d\u00e9but ao\u00fbt. La premi\u00e8re provenait de l\u2019Association des travailleurs de l\u2019\u00c9tat (ATE) et du collectif de d\u00e9fense des droits humains HIJOS ; d\u2019autres ont suivi, notamment de la part des M\u00e8res de la Place de Mai \u2014 Ligne fondatrice, du Serpaj et d\u2019autres organisations. Quelques jours plus tard, le Llamamiento Argentino Jud\u00edo (Appel argentin juif) a d\u00e9pos\u00e9 une requ\u00eate similaire. La semaine derni\u00e8re, les Grands-m\u00e8res de la Place de Mai ont publi\u00e9 un communiqu\u00e9 condamnant la possible visite du Premier ministre isra\u00e9lien ainsi que l\u2019attitude du gouvernement de Milei face au g\u00e9nocide palestinien.<\/span><\/p>\n<p style=\"text-align: justify;\"><span style=\"font-size: 18pt;\"><strong>D\u2019excellentes relations Argentine\u2013Isra\u00ebl<\/strong><\/span><br \/>\n<span style=\"font-size: 14pt;\">Depuis l\u2019annonce par Netanyahu de la prise de Gaza avec toute l\u2019artillerie des FDI, qui a caus\u00e9 en moyenne 100 morts par jour, le Premier ministre isra\u00e9lien fait face \u00e0 une pression internationale croissante, aussi bien de la part de gouvernements que de la soci\u00e9t\u00e9 civile mondiale, qui a intensifi\u00e9 ses protestations contre sa politique d\u2019extermination envers la population palestinienne. L\u2019Argentine, cependant, est toujours rest\u00e9e un alli\u00e9 fid\u00e8le de l\u2019\u00c9tat sioniste, soutien que Milei a renforc\u00e9 depuis son arriv\u00e9e \u00e0 la pr\u00e9sidence.<\/span><\/p>\n<p style=\"text-align: justify;\"><span style=\"font-size: 14pt;\">Lors de leur rencontre en juin dernier, Netanyahu a qualifi\u00e9 Milei de \u00ab v\u00e9ritable ami \u00bb d\u2019Isra\u00ebl, tandis que l\u2019Argentin a salu\u00e9 \u00ab la gestion de la guerre \u00bb \u00e0 Gaza.<\/span><br \/>\n<span style=\"font-size: 14pt;\">Cette r\u00e9union, qui s\u2019est tenue lors de la visite de Milei \u00e0 J\u00e9rusalem, a abouti \u00e0 un m\u00e9morandum d\u2019entente en mati\u00e8re de coop\u00e9ration incluant des accords \u00e9conomiques et militaires. Au cours de ce d\u00e9placement, Milei a \u00e9galement re\u00e7u le \u00ab Nobel juif \u00bb d\u00e9cern\u00e9 par la Fondation Genesis, une distinction accompagn\u00e9e d\u2019un million de dollars destin\u00e9 \u00e0 des projets renfor\u00e7ant les liens entre l\u2019Am\u00e9rique latine et Isra\u00ebl.<\/span><\/p>\n<p><img loading=\"lazy\" decoding=\"async\" class=\"aligncenter\" src=\"https:\/\/blogger.googleusercontent.com\/img\/b\/R29vZ2xl\/AVvXsEhOtOYBY5x0yBXLRYNn1WxxOXR2L0_yR04o1EDD-XT48_MA9kmVciDtYMB8plwkbzlyQUHE3llHhoI0fKHOuGArbfeS87050aamWrvT4pPLe_QevMk8VWYgHUaQuU3B5hDD4haLk1RNoZxawnlS9NDUbp7sD4saQMleT6KpjTqkVUpH_xHkwodH9CQuD-9a\/w640-h317-rw\/Premio%20Genesis%20Milei.jpg\" alt=\"\" width=\"681\" height=\"337\" \/><\/p>\n<p style=\"text-align: justify;\"><span style=\"font-size: 14pt;\">Depuis lors, les relations entre les deux gouvernements se sont resserr\u00e9es, Isra\u00ebl repr\u00e9sentant pour l\u2019Argentine son deuxi\u00e8me meilleur alli\u00e9 apr\u00e8s les USA, d\u00e9sormais dirig\u00e9s par Donald Trump.<\/span><\/p>\n<p style=\"text-align: justify;\"><span style=\"font-size: 14pt;\">Le soutien de la politique ext\u00e9rieure argentine s\u2019est \u00e9galement manifest\u00e9 \u00e0 l\u2019ONU par des votes align\u00e9s sur Netanyahou et Trump. L\u2019homme cl\u00e9 dans ce dossier est Francisco Tropepi, repr\u00e9sentant de l\u2019Argentine aux Nations unies et ancien bras droit de l\u2019ambassadeur argentin \u00e0 Washington, Gerardo Werthein. Tropepi entretient des liens \u00e9troits avec le pouvoir isra\u00e9lien, ayant d\u00e9j\u00e0 occup\u00e9 le poste de charg\u00e9 d\u2019affaires lorsqu\u2019il \u00e9tait le second de l\u2019ex-ambassadeur d\u2019Argentine en Isra\u00ebl, Sergio Urribarri.<\/span><\/p>\n<p>&nbsp;<\/p>\n<figure id=\"attachment_82198\" aria-describedby=\"caption-attachment-82198\" style=\"width: 640px\" class=\"wp-caption aligncenter\"><img loading=\"lazy\" decoding=\"async\" class=\"wp-image-82198\" src=\"https:\/\/www.lapluma.net\/wp-content\/uploads\/2025\/09\/francisco-tropepi.webp\" alt=\"\" width=\"640\" height=\"360\" srcset=\"https:\/\/www.lapluma.net\/wp-content\/uploads\/2025\/09\/francisco-tropepi.webp 987w, https:\/\/www.lapluma.net\/wp-content\/uploads\/2025\/09\/francisco-tropepi-300x169.webp 300w, https:\/\/www.lapluma.net\/wp-content\/uploads\/2025\/09\/francisco-tropepi-768x432.webp 768w, https:\/\/www.lapluma.net\/wp-content\/uploads\/2025\/09\/francisco-tropepi-870x489.webp 870w, https:\/\/www.lapluma.net\/wp-content\/uploads\/2025\/09\/francisco-tropepi-895x503.webp 895w\" sizes=\"auto, (max-width: 640px) 100vw, 640px\" \/><figcaption id=\"caption-attachment-82198\" class=\"wp-caption-text\">Francisco Tropepi<\/figcaption><\/figure>\n<p style=\"text-align: justify;\"><span style=\"font-size: 14pt;\">Une autre preuve du rapprochement entre l\u2019Argentine et Isra\u00ebl a \u00e9t\u00e9 la d\u00e9cision de d\u00e9clarer le \u00ab Cartel de los Soles \u00bb, une soi-disant organisation criminelle v\u00e9n\u00e9zu\u00e9lienne, groupe terroriste. Une strat\u00e9gie de Milei pour s\u2019aligner sur la politique \u00e9trang\u00e8re d\u2019Isra\u00ebl et des USA face \u00e0 l\u2019axe Caracas\u2013T\u00e9h\u00e9ran. Cette d\u00e9cision a \u00e9galement \u00e9t\u00e9 critiqu\u00e9e en Argentine car elle manque de fondement judiciaire clair.<\/span><\/p>\n<p style=\"text-align: justify;\"><span style=\"font-size: 14pt;\">Le pr\u00e9sident sud-am\u00e9ricain cherche maintenant \u00e0 obtenir une nouvelle rencontre avec le pr\u00e9sident Trump, lors de sa visite \u00e0 New York pour l\u2019Assembl\u00e9e g\u00e9n\u00e9rale. Netanyahou a propos\u00e9 de rencontrer Milei le 25 septembre \u00e0 New York, profitant de son propre d\u00e9placement dans la ville.<\/span><\/p>\n<p style=\"text-align: justify;\"><span style=\"font-size: 14pt;\">De son c\u00f4t\u00e9, le gouvernement Trump a r\u00e9voqu\u00e9 et refus\u00e9 des visas \u00e0 des diplomates palestiniens de l\u2019OLP (Organisation de lib\u00e9ration de la Palestine) et de l\u2019AP (Autorit\u00e9 palestinienne), les emp\u00eachant ainsi d\u2019entrer aux USA, o\u00f9 se trouve le si\u00e8ge de l\u2019ONU, et de participer aux d\u00e9bats. Fin septembre s\u2019ouvrira la 80<sup>e <\/sup>session de l\u2019Assembl\u00e9e g\u00e9n\u00e9rale de l\u2019ONU, o\u00f9 l\u2019on attend l\u2019annonce de la reconnaissance de l\u2019\u00c9tat palestinien par des pays comme la France, le Royaume-Uni ou l\u2019Australie.<\/span><\/p>\n<p><span style=\"font-size: 14pt;\">Susana Albarr\u00e1n M\u00e9ndez <a href=\"https:\/\/www.elsaltodiario.com\/argentina\/netanyahu-cancela-visita-argentina\">, El Salto<\/a>, 1\/9\/2025<\/span><\/p>\n<p style=\"text-align: justify;\"><span style=\"font-size: 14pt;\"><\/p>\n","protected":false},"excerpt":{"rendered":"<p> Lors de leur rencontre en juin dernier, Netanyahu a qualifi\u00e9 Milei de \u00ab v\u00e9ritable ami \u00bb d\u2019Isra\u00ebl, tandis que l\u2019Argentin a salu\u00e9 \u00ab la gestion de la guerre \u00bb \u00e0 Gaza.<\/p>\n","protected":false},"author":1686,"featured_media":82182,"comment_status":"open","ping_status":"open","sticky":false,"template":"","format":"standard","meta":{"_uf_show_specific_survey":0,"_uf_disable_surveys":false,"footnotes":""},"categories":[218,6],"tags":[],"coauthors":[30357],"class_list":["post-82189","post","type-post","status-publish","format-standard","has-post-thumbnail","hentry","category-mundo","category-politique"],"translation":{"provider":"WPGlobus","version":"2.12.2","language":"fr","enabled_languages":["es","fr"],"languages":{"es":{"title":true,"content":true,"excerpt":true},"fr":{"title":true,"content":true,"excerpt":true}}},"_links":{"self":[{"href":"https:\/\/www.lapluma.net\/fr\/wp-json\/wp\/v2\/posts\/82189","targetHints":{"allow":["GET"]}}],"collection":[{"href":"https:\/\/www.lapluma.net\/fr\/wp-json\/wp\/v2\/posts"}],"about":[{"href":"https:\/\/www.lapluma.net\/fr\/wp-json\/wp\/v2\/types\/post"}],"author":[{"embeddable":true,"href":"https:\/\/www.lapluma.net\/fr\/wp-json\/wp\/v2\/users\/1686"}],"replies":[{"embeddable":true,"href":"https:\/\/www.lapluma.net\/fr\/wp-json\/wp\/v2\/comments?post=82189"}],"version-history":[{"count":13,"href":"https:\/\/www.lapluma.net\/fr\/wp-json\/wp\/v2\/posts\/82189\/revisions"}],"predecessor-version":[{"id":82215,"href":"https:\/\/www.lapluma.net\/fr\/wp-json\/wp\/v2\/posts\/82189\/revisions\/82215"}],"wp:featuredmedia":[{"embeddable":true,"href":"https:\/\/www.lapluma.net\/fr\/wp-json\/wp\/v2\/media\/82182"}],"wp:attachment":[{"href":"https:\/\/www.lapluma.net\/fr\/wp-json\/wp\/v2\/media?parent=82189"}],"wp:term":[{"taxonomy":"category","embeddable":true,"href":"https:\/\/www.lapluma.net\/fr\/wp-json\/wp\/v2\/categories?post=82189"},{"taxonomy":"post_tag","embeddable":true,"href":"https:\/\/www.lapluma.net\/fr\/wp-json\/wp\/v2\/tags?post=82189"},{"taxonomy":"author","embeddable":true,"href":"https:\/\/www.lapluma.net\/fr\/wp-json\/wp\/v2\/coauthors?post=82189"}],"curies":[{"name":"wp","href":"https:\/\/api.w.org\/{rel}","templated":true}]}}