{"id":81206,"date":"2025-07-31T11:33:45","date_gmt":"2025-07-31T11:33:45","guid":{"rendered":"https:\/\/www.lapluma.net\/?p=81206"},"modified":"2025-08-08T07:29:16","modified_gmt":"2025-08-08T07:29:16","slug":"81206","status":"publish","type":"post","link":"https:\/\/www.lapluma.net\/fr\/2025\/07\/31\/81206\/","title":{"rendered":"Le Venezuela et les USA ont-ils am\u00e9lior\u00e9 leurs relations ?"},"content":{"rendered":"<p><\/span><\/p>\n<p style=\"text-align: justify; padding-left: 40px;\"><span style=\"font-size: 18pt;\"><em>Les gouvernements v\u00e9n\u00e9zu\u00e9lien et usam\u00e9ricain ont r\u00e9ussi \u00e0 stabiliser une ligne de communication permanente. Cela tient davantage \u00e0 des d\u00e9cisions internes aux USA qu&rsquo;\u00e0 une r\u00e9elle am\u00e9lioration des relations entre les deux pays. Finalement, aux USA, la proposition pragmatique MAGA (Make American Great Again) l&#8217;emporte sur l&rsquo;id\u00e9ologie des n\u00e9oconservateurs emmen\u00e9s par Marco Rubio.<\/em><\/span><\/p>\n<p style=\"text-align: justify;\"><span style=\"font-size: 14pt;\">La situation internationale et l&rsquo;acceptation du fait que la Chine est l&rsquo;ennemi principal de Washington ont gagn\u00e9 du terrain au sommet du pouvoir usam\u00e9ricain, amenant une bonne partie des dirigeants de l&rsquo;administration \u00e0 comprendre cette situation et obligeant les n\u00e9oconservateurs et Marco Rubio \u00e0 c\u00e9der.<\/span><\/p>\n<p style=\"text-align: justify;\"><span style=\"font-size: 14pt;\">Sa politique de pression maximale (qui n&rsquo;est aujourd&rsquo;hui soutenue au Venezuela que par le groupe de Mar\u00eda Corina Machado) a \u00e9chou\u00e9. La production et l&rsquo;exportation de p\u00e9trole se sont stabilis\u00e9es et ont m\u00eame l\u00e9g\u00e8rement augment\u00e9 pour d\u00e9passer le million de barils par jour. Cela a \u00e9t\u00e9 rendu possible en grande partie gr\u00e2ce au soutien de la Chine, qui semble adopter une position plus active en ce qui concerne ses liens \u00e9conomiques et commerciaux avec le Venezuela, en augmentant ses achats de p\u00e9trole et en comblant le vide laiss\u00e9 par la suspension des licences sp\u00e9ciales accord\u00e9es \u00e0 Chevron pour op\u00e9rer au Venezuela malgr\u00e9 les sanctions. Alors que la politique usam\u00e9ricaine visant \u00e0 renverser le pr\u00e9sident Nicol\u00e1s Maduro continue de faire naufrage au Venezuela, la vision strat\u00e9gique du pr\u00e9sident Xi Jinping a fini par l&#8217;emporter sur le court-termisme et le simple int\u00e9r\u00eat lucratif des entrepreneurs chinois.<\/span><\/p>\n<p style=\"text-align: justify;\"><span style=\"font-size: 14pt;\">Dans ce contexte, la lib\u00e9ration de 252 migrants v\u00e9n\u00e9zu\u00e9liens qui avaient \u00e9t\u00e9 arr\u00eat\u00e9s aux USA et envoy\u00e9s dans une prison au Salvador a \u00e9t\u00e9 l&rsquo;expression publique d&rsquo;une apparente am\u00e9lioration des relations. En r\u00e9alit\u00e9, ce qui s&rsquo;est produit, c&rsquo;est une am\u00e9lioration de la communication. Si tel n&rsquo;\u00e9tait pas le cas, il n&rsquo;y aurait aucune raison de continuer \u00e0 associer le gouvernement v\u00e9n\u00e9zu\u00e9lien \u00e0 la criminalit\u00e9 organis\u00e9e et au trafic de drogue, ce qui reste pr\u00e9sent dans le regard et la rh\u00e9torique politique du d\u00e9partement d&rsquo;\u00c9tat.\u00a0<\/span><\/p>\n<p style=\"text-align: justify;\"><span style=\"font-size: 14pt;\">Par ailleurs, des enfants qui avaient \u00e9t\u00e9 enlev\u00e9s aux USA et s\u00e9par\u00e9s de leurs parents sont \u00e9galement rentr\u00e9s chez eux, m\u00eame si 33 d&rsquo;entre eux sont toujours d\u00e9tenus ill\u00e9galement par Washington. Il n&rsquo;est pas exclu que Marco Rubio, dans son obsession aberrante de renverser le gouvernement v\u00e9n\u00e9zu\u00e9lien, veuille les utiliser comme monnaie d&rsquo;\u00e9change en faveur de l&rsquo;une de ses vilenies habituelles. Dans ce contexte, les licences sp\u00e9ciales accord\u00e9es \u00e0 Chevron ont \u00e9t\u00e9 r\u00e9tablies et l&rsquo;entreprise reprendra ses activit\u00e9s au Venezuela, m\u00eame si elle n&rsquo;est pas autoris\u00e9e \u00e0 payer le pays en esp\u00e8ces<\/span><\/p>\n<p style=\"text-align: justify;\"><span style=\"font-size: 14pt;\">En \u00e9change, le Venezuela a d\u00fb payer un prix \u00e9lev\u00e9 : il a d\u00fb lib\u00e9rer 10 terroristes usam\u00e9ricains emprisonn\u00e9s dans le pays et un grand nombre de terroristes v\u00e9n\u00e9zu\u00e9liens militants des partis d&rsquo;opposition radicale qui avaient commis des crimes punis par la Constitution et les lois. Marco Rubio lui-m\u00eame a reconnu qu&rsquo;il n&rsquo;y avait aucune raison de maintenir les migrants v\u00e9n\u00e9zu\u00e9liens en d\u00e9tention aux USA et qu&rsquo;ils n&rsquo;\u00e9taient que des otages destin\u00e9s \u00e0 \u00eatre \u00e9chang\u00e9s contre leurs compatriotes. On a m\u00eame appris que l&rsquo;un d&rsquo;entre eux est un meurtrier qui a avou\u00e9 son crime et a d\u00e9j\u00e0 \u00e9t\u00e9 jug\u00e9 en Espagne.<\/span><\/p>\n<figure id=\"attachment_81210\" aria-describedby=\"caption-attachment-81210\" style=\"width: 664px\" class=\"wp-caption aligncenter\"><img loading=\"lazy\" decoding=\"async\" class=\"wp-image-81210 size-full\" src=\"https:\/\/www.lapluma.net\/wp-content\/uploads\/2025\/07\/Grenell-Maduro.png\" alt=\"\" width=\"664\" height=\"634\" srcset=\"https:\/\/www.lapluma.net\/wp-content\/uploads\/2025\/07\/Grenell-Maduro.png 664w, https:\/\/www.lapluma.net\/wp-content\/uploads\/2025\/07\/Grenell-Maduro-300x286.png 300w\" sizes=\"auto, (max-width: 664px) 100vw, 664px\" \/><figcaption id=\"caption-attachment-81210\" class=\"wp-caption-text\">Grenell et Maduro, janvier 2025<\/figcaption><\/figure>\n<p style=\"text-align: justify;\"><span style=\"font-size: 14pt;\">Finalement, la politique men\u00e9e par l\u2019envoy\u00e9 sp\u00e9cial Richard Grenell a pr\u00e9valu sur la position extr\u00e9miste de Marco Rubio. L\u2019interlocuteur du gouvernement v\u00e9n\u00e9zu\u00e9lien a \u00e9t\u00e9 en communication permanente avec lui. La position de Grenell est que le Venezuela n\u2019a pas adopt\u00e9 une position agressive \u00e0 l\u2019\u00e9gard des USA et il a finalement assur\u00e9, dans une optique de pragmatisme absolu, que le Venezuela n\u2019avait jamais refus\u00e9 de vendre du p\u00e9trole aux USA, ce qui est tout \u00e0 fait vrai.<\/span><\/p>\n<p style=\"text-align: justify;\"><span style=\"font-size: 14pt;\">Il n\u2019a pas non plus refus\u00e9 de rapatrier les migrants, utilisant m\u00eame des avions v\u00e9n\u00e9zu\u00e9liens pour aller les chercher, lib\u00e9rant ainsi Washington du paiement de ces op\u00e9rations qui sont d\u00e9sormais quasi quotidiennes et qui ont ramen\u00e9 un nombre quantitativement faible de migrants dans le pays, mais qui ont eu un \u00e9norme impact m\u00e9diatique, \u00e9motionnel et symbolique en tant qu\u2019expression de la volont\u00e9 du gouvernement de faire face \u00e0 cette situation qui trouve son origine dans la d\u00e9signation du Venezuela, par Washington comme une menace pour la s\u00e9curit\u00e9 nationale des USA, avec les r\u00e9percussions que cela a eu depuis plus de dix ans.\u00a0<\/span><\/p>\n<p style=\"text-align: justify;\"><span style=\"font-size: 14pt;\">D\u2019autre part, les mensonges de Rubio ont \u00e9t\u00e9 mis en \u00e9vidence. Il a d\u00e9clar\u00e9 que la \u00ab lib\u00e9ration \u00bb des dirigeants terroristes r\u00e9fugi\u00e9s \u00e0 l\u2019ambassade d\u2019Argentine \u00e0 Caracas \u00e9tait le fruit d\u2019une op\u00e9ration des forces sp\u00e9ciales usam\u00e9ricaines, alors qu\u2019il s\u2019agissait en r\u00e9alit\u00e9 d\u2019une n\u00e9gociation avec Grenell. Il a maintenant d\u00e9clar\u00e9 avoir fait pression sur Maduro pour qu\u2019il lib\u00e8re les prisonniers usam\u00e9ricains, alors qu\u2019il s\u2019agissait en r\u00e9alit\u00e9 d\u2019un autre accord conclu avec l\u2019envoy\u00e9 sp\u00e9cial de Trump. Cela a \u00e9galement affaibli et discr\u00e9dit\u00e9 davantage la position de Mar\u00eda Corina Machado, principale alli\u00e9e de Rubio au Venezuela.<\/span><\/p>\n<p style=\"text-align: justify;\"><span style=\"font-size: 14pt;\">\u00c0 l\u2019heure actuelle, dans la logique de Trump, le Venezuela n\u2019est plus un probl\u00e8me et il se concentre sur ceux qui le sont (selon sa logique) et pour diff\u00e9rentes raisons : le Mexique et la Colombie pour le trafic de drogue et l\u2019envoi de drogues aux USA, et le Br\u00e9sil parce que, en tant que puissance industrielle, il est en concurrence avec les entreprises usam\u00e9ricaines.<\/span><\/p>\n<p style=\"text-align: justify;\"><span style=\"font-size: 14pt;\">Lorsque les circonstances ont contraint Trump \u00e0 remettre le d\u00e9partement d\u2019\u00c9tat aux n\u00e9oconservateurs et qu\u2019il a d\u00fb nommer Rubio contre son gr\u00e9 \u00e0 ce poste, il a contrebalanc\u00e9 cette d\u00e9cision en nommant 24 envoy\u00e9s sp\u00e9ciaux qui ne r\u00e9pondent pas \u00e0 Rubio mais \u00e0 lui seul. Avec ces envoy\u00e9s, qui s\u2019occupent des aspects les plus importants et les plus strat\u00e9giques, Trump g\u00e8re l\u2019essentiel de la politique \u00e9trang\u00e8re des USA. En effet, face \u00e0 la perte d\u2019importance du d\u00e9partement d\u2019\u00c9tat, Rubio a \u00e9t\u00e9 contraint de r\u00e9duire ses effectifs, mettant sur la ouche des centaines de diplomates de carri\u00e8re et d\u2019autres fonctionnaires.<\/span><\/p>\n<p style=\"text-align: justify;\"><span style=\"font-size: 14pt;\">En \u00e9change, Trump a confi\u00e9 \u00e0 Rubio la gestion de la politique envers l\u2019Am\u00e9rique latine et les Cara\u00efbes, qui ne pr\u00e9sente pas un grand int\u00e9r\u00eat pour Trump et qui est en r\u00e9alit\u00e9 g\u00e9r\u00e9e par le Pentagone \u00e0 travers le Commandement Sud des Forces arm\u00e9es. Dans cette mesure, la r\u00e9gion subit le plus fort impact de la haine de celui que Trump a appel\u00e9 \u00ab le petit Marco \u00bb. Dans le cas du Venezuela, en tant que pays p\u00e9trolier, l\u2019agenda bilat\u00e9ral d\u00e9passe ses possibilit\u00e9s, de sorte que le pouvoir de d\u00e9cision est de plus en plus transf\u00e9r\u00e9 \u00e0 Trump, par l\u2019interm\u00e9diaire de Grenell.<\/span><\/p>\n<p style=\"text-align: justify;\"><span style=\"font-size: 14pt;\">En r\u00e9ponse aux progr\u00e8s r\u00e9alis\u00e9s dans la communication entre le Venezuela et les USA, et au grand dam de Rubio et \u00e0 sa perte de protagonisme, le d\u00e9partement d\u2019\u00c9tat, par l\u2019interm\u00e9diaire du Bureau des affaires de l\u2019h\u00e9misph\u00e8re occidental, a d\u00e9clar\u00e9 que le \u00ab Cartel des Soleils \u00bb, une cr\u00e9ation artificielle des USA pr\u00e9tendument compos\u00e9e de hautes autorit\u00e9s v\u00e9n\u00e9zu\u00e9liennes, \u00e9tait une organisation terroriste. Il a ensuite d\u00e9sign\u00e9 le pr\u00e9sident Maduro comme le chef de cette organisation fantoche, l\u2019accusant sans fondement d\u2019avoir des liens avec le Tren de Aragua, une autre organisation criminelle d\u00e9truite au Venezuela par l\u2019action r\u00e9solue du gouvernement, mais que Washington maintient en vie avec sa rh\u00e9torique afin de justifier sa politique envers le Venezuela.<\/span><\/p>\n<p style=\"text-align: justify;\"><span style=\"font-size: 14pt;\">De m\u00eame, afin de donner une dimension internationale \u00e0 cette id\u00e9e, le d\u00e9partement d\u2019\u00c9tat a ajout\u00e9 une faction du Cartel de Sinaloa, accus\u00e9 d\u2019\u00eatre l\u2019une des principales organisations introduisant de la drogue aux USA, \u00e0 la triade mafieuse imaginaire qui n\u2019existe que dans l\u2019esprit fi\u00e9vreux et pervers de l\u2019extr\u00eame droite terroriste yankee.<\/span><\/p>\n<p style=\"text-align: justify;\"><span style=\"font-size: 14pt;\">L\u2019acceptation de cette aberration ne r\u00e9pond qu\u2019aux besoins de Trump de maintenir l\u2019\u00e9quilibre et de maintenir unis les groupes oppos\u00e9s qui se sont r\u00e9unis, \u00ab coll\u00e9s avec du chewing-gum \u00bb, dans son administration.<\/span><\/p>\n<p style=\"text-align: justify;\"><strong><em><span style=\"font-size: 14pt;\">Sergio Rodr\u00edguez Gelfenstein pour La Pluma, 31-7-2025<br \/>\n<a href=\"https:\/\/www.lapluma.net\/2025\/07\/31\/81206\/\">Original<\/a><\/span><\/em><\/strong><\/p>\n<p><span style=\"font-size: 14pt;\">Traduit par\u00a0<a href=\"http:\/\/glocalworkshop.com\/wp-content\/uploads\/2024\/12\/Fausto-Giudice-bio-FR-2024.pdf\">Fausto Giudice<\/a>,\u00a0<\/span><a href=\"https:\/\/tlaxcala-int.blogspot.com\/search\/label\/Fausto%20Giudice\"><span style=\"font-size: 14pt;\">Tlaxcala<\/span><\/a><br \/>\n<span style=\"font-size: 14pt;\"><\/p>\n","protected":false},"excerpt":{"rendered":"<p>Lorsque les circonstances ont contraint Trump \u00e0 remettre le d\u00e9partement d\u2019\u00c9tat aux n\u00e9oconservateurs et qu\u2019il a d\u00fb nommer Rubio contre son gr\u00e9 \u00e0 ce poste, il a contrebalanc\u00e9 cette d\u00e9cision en nommant 24 envoy\u00e9s sp\u00e9ciaux qui ne r\u00e9pondent pas \u00e0 Rubio mais \u00e0 lui seul. <\/p>\n","protected":false},"author":9,"featured_media":81207,"comment_status":"open","ping_status":"open","sticky":false,"template":"","format":"standard","meta":{"_uf_show_specific_survey":0,"_uf_disable_surveys":false,"footnotes":""},"categories":[6,217],"tags":[29413],"coauthors":[266],"class_list":["post-81206","post","type-post","status-publish","format-standard","has-post-thumbnail","hentry","category-politique","category-abya-yala","tag-chevron"],"translation":{"provider":"WPGlobus","version":"2.12.2","language":"fr","enabled_languages":["es","fr"],"languages":{"es":{"title":true,"content":true,"excerpt":true},"fr":{"title":true,"content":true,"excerpt":true}}},"_links":{"self":[{"href":"https:\/\/www.lapluma.net\/fr\/wp-json\/wp\/v2\/posts\/81206","targetHints":{"allow":["GET"]}}],"collection":[{"href":"https:\/\/www.lapluma.net\/fr\/wp-json\/wp\/v2\/posts"}],"about":[{"href":"https:\/\/www.lapluma.net\/fr\/wp-json\/wp\/v2\/types\/post"}],"author":[{"embeddable":true,"href":"https:\/\/www.lapluma.net\/fr\/wp-json\/wp\/v2\/users\/9"}],"replies":[{"embeddable":true,"href":"https:\/\/www.lapluma.net\/fr\/wp-json\/wp\/v2\/comments?post=81206"}],"version-history":[{"count":8,"href":"https:\/\/www.lapluma.net\/fr\/wp-json\/wp\/v2\/posts\/81206\/revisions"}],"predecessor-version":[{"id":81406,"href":"https:\/\/www.lapluma.net\/fr\/wp-json\/wp\/v2\/posts\/81206\/revisions\/81406"}],"wp:featuredmedia":[{"embeddable":true,"href":"https:\/\/www.lapluma.net\/fr\/wp-json\/wp\/v2\/media\/81207"}],"wp:attachment":[{"href":"https:\/\/www.lapluma.net\/fr\/wp-json\/wp\/v2\/media?parent=81206"}],"wp:term":[{"taxonomy":"category","embeddable":true,"href":"https:\/\/www.lapluma.net\/fr\/wp-json\/wp\/v2\/categories?post=81206"},{"taxonomy":"post_tag","embeddable":true,"href":"https:\/\/www.lapluma.net\/fr\/wp-json\/wp\/v2\/tags?post=81206"},{"taxonomy":"author","embeddable":true,"href":"https:\/\/www.lapluma.net\/fr\/wp-json\/wp\/v2\/coauthors?post=81206"}],"curies":[{"name":"wp","href":"https:\/\/api.w.org\/{rel}","templated":true}]}}