{"id":8105,"date":"2019-04-11T00:33:23","date_gmt":"2019-04-11T00:33:23","guid":{"rendered":"http:\/\/www.lapluma.net\/?p=8105"},"modified":"2019-04-11T00:33:23","modified_gmt":"2019-04-11T00:33:23","slug":"libye-haftar-est-il-soutenu-dans-son-offensive-par-ses-allies","status":"publish","type":"post","link":"https:\/\/www.lapluma.net\/fr\/2019\/04\/11\/libye-haftar-est-il-soutenu-dans-son-offensive-par-ses-allies\/","title":{"rendered":"Libye : Haftar est-il soutenu dans son offensive par ses alli\u00e9s ?"},"content":{"rendered":"<p style=\"text-align: justify;\"><span style=\"font-size: 12pt;\"><img loading=\"lazy\" decoding=\"async\" class=\"alignleft\" src=\"http:\/\/www.tlaxcala-int.org\/upload\/aut_6680.jpg\" width=\"130\" height=\"129\" border=\"0\" \/>Les soutiens du mar\u00e9chal ne semblent pas tr\u00e8s enthousiastes. La donne pourrait toutefois changer dans les prochains jours.<\/span><\/p>\n<p style=\"text-align: justify;\"><span style=\"font-size: 12pt;\">Al-Jazeera parle de l\u2019offensive des forces loyales au \u00ab\u00a0chef de guerre\u00a0\u00bb Khalifa Haftar. Al-Arabiya \u00e9voque pour sa part la \u00ab\u00a0lib\u00e9ration\u00a0\u00bb de la capitale par \u00ab\u00a0l\u2019arm\u00e9e libyenne de l\u2019Est\u00a0\u00bb. On se croirait de retour en plein printemps arabe quand la cha\u00eene qatarie faisait l\u2019\u00e9loge du pr\u00e9sident \u00e9gyptien issu de la confr\u00e9rie des Fr\u00e8res musulmans Mohammad Morsi tandis que sa concurrente saoudienne al-Arabiya lui attribuait tous les maux de l\u2019\u00c9gypte. Et pour cause\u00a0: dans un Moyen-Orient marqu\u00e9 par plusieurs fractures, dont l\u2019opposition entre le Qatar et l\u2019Arabie saoudite, les \u00e9v\u00e9nements r\u00e9cents en Libye sont per\u00e7us sous le prisme des bras de fer r\u00e9gionaux. Qui soutient le mar\u00e9chal Haftar dans sa tentative de prendre Tripoli par la force ? La question est sur toutes les l\u00e8vres depuis que l\u2019homme fort de l\u2019Est libyen, qui commande une force de 25\u00a0000 hommes, a lanc\u00e9 jeudi son offensive pour \u00ab\u00a0entrer\u00a0\u00bb dans la capitale libyenne, Tripoli, o\u00f9 si\u00e8ge le Gouvernement d\u2019union nationale (GNA) dirig\u00e9 par Fayez al-Sarraj, reconnu par l\u2019ensemble de la communaut\u00e9 internationale.<\/span><\/p>\n<p align=\"center\"><img loading=\"lazy\" decoding=\"async\" src=\"http:\/\/www.tlaxcala-int.org\/upload\/gal_20079.jpg\" alt=\"\" width=\"600\" height=\"327\" \/><\/p>\n<p><strong>Emad Hajjaj<\/strong><\/p>\n<p style=\"text-align: justify;\"><span style=\"font-size: 12pt;\">Le mar\u00e9chal ne manque pas d\u2019alli\u00e9s. Il est principalement soutenu par les \u00c9mirats arabes unis et par l\u2019\u00c9gypte, puis par la Russie et, dans une moindre mesure, par la France. Ses partisans accusent le gouvernement de son rival Fayez al-Sarraj d\u2019\u00eatre \u00e0 la botte de la Turquie et du Qatar, les deux pays qui soutiennent les Fr\u00e8res musulmans dans la r\u00e9gion. Cr\u00e9\u00e9 \u00e0 l\u2019issue de l\u2019accord de Skhirat (Maroc) en d\u00e9cembre 2015 sous les auspices des Nations unies, qui visait \u00e0 mettre fin \u00e0 la guerre civile libyenne post-Kadhafi, le GNA n\u2019a jamais vraiment pris le contr\u00f4le effectif du pays. Le mar\u00e9chal Haftar, qui a gagn\u00e9 en popularit\u00e9 en organisant la r\u00e9sistance \u00e0 Benghazi face aux jihadistes d\u2019Ansar al-Charia dans les ann\u00e9es 2013-2014, contr\u00f4le le Parlement exil\u00e9 \u00e0 Tobrouk (Cyr\u00e9na\u00efque, Est libyen), et consid\u00e8re le GNA de Fayez al-Sarraj comme une marionnette des \u00ab\u00a0milices islamistes\u00a0\u00bb contre qui il se pose en rempart.<\/span><\/p>\n<p><img loading=\"lazy\" decoding=\"async\" class=\"aligncenter\" src=\"http:\/\/www.tlaxcala-int.org\/upload\/gal_20077.jpg\" alt=\"\" width=\"600\" height=\"407\" \/><\/p>\n<p align=\"center\"><strong>Haftar chez le roi Salmane, 27 mars 2019<\/strong><\/p>\n<p style=\"text-align: justify;\"><span style=\"font-size: 12pt;\">Celui qui se veut le fer de lance de la lutte contre le terrorisme, \u00e0 l\u2019image du pr\u00e9sident Abdel Fattah al-Sissi en \u00c9gypte, a lanc\u00e9 les hostilit\u00e9s une semaine apr\u00e8s avoir \u00e9t\u00e9 re\u00e7u par le roi Salmane d\u2019Arabie saoudite et quelques jours avant la conf\u00e9rence nationale sur la Libye qui doit se d\u00e9rouler \u00e0 Ghadam\u00e8s le 14 avril. L\u2019homme avait toutefois pr\u00e9venu \u00e0 plusieurs reprises qu\u2019il voulait marcher sur Tripoli et il est possible qu\u2019il ait m\u00eame pris ses alli\u00e9s de court. \u00ab\u00a0L\u2019offensive a peut-\u00eatre \u00e9t\u00e9 encourag\u00e9e, peut-\u00eatre qu\u2019ils avaient mis\u00e9 sur une victoire rapide, sur l\u2019effet de surprise. Mais aujourd\u2019hui, les soutiens du mar\u00e9chal Haftar n\u2019ont visiblement pas l\u2019air tr\u00e8s enthousiastes\u00a0\u00bb, note l\u2019ancien envoy\u00e9 sp\u00e9cial de l\u2019ONU en Libye, et ancien ministre, Tarek Mitri.<\/span><\/p>\n<p><img loading=\"lazy\" decoding=\"async\" class=\"aligncenter\" src=\"http:\/\/tlaxcala-int.org\/upload\/gal_20080.jpg\" alt=\"\" width=\"600\" height=\"425\" \/><\/p>\n<p align=\"center\"><strong>Rainer Hachfeld, <em>Neues Deutschland<\/em>, Allemagne<\/strong><\/p>\n<p align=\"justify\"><span style=\"font-size: 12pt;\"><b>\u00ab\u00a0Personne n\u2019est capable de contr\u00f4ler le pays tout seul\u00a0\u00bb <\/b><\/span><\/p>\n<p><span style=\"font-size: 12pt;\">Les \u00c9mirats se sont ralli\u00e9s, peut-\u00eatre sous pression am\u00e9ricaine, au communiqu\u00e9 de la France, de l\u2019Italie, de la Grande-Bretagne et des \u00c9tats-Unis, appelant toutes les parties \u00e0 cesser imm\u00e9diatement l\u2019escalade de la tension. L\u2019\u00c9gypte a mod\u00e9r\u00e9 le ton. La Russie a bloqu\u00e9 une r\u00e9solution \u00e0 l\u2019ONU qui appelait les forces du mar\u00e9chal Haftar \u00e0 cesser leur assaut contre la capitale libyenne consid\u00e9rant que \u00ab\u00a0toutes les parties\u00a0\u00bb devraient \u00eatre appel\u00e9es \u00e0 la retenue pour \u00e9viter \u00ab\u00a0un bain de sang\u00a0\u00bb. La France, quant \u00e0 elle, qui avait organis\u00e9 une rencontre entre Khalifa Haftar et Fayez al-Sarraj en juillet 2017 a tenu \u00e0 prendre officiellement ses distances avec le premier. Le pr\u00e9sident fran\u00e7ais Emmanuel Macron a t\u00e9l\u00e9phon\u00e9 hier au chef du Gouvernement d\u2019union nationale libyen pour lui affirmer son \u00ab\u00a0refus total\u00a0\u00bb de l\u2019offensive du mar\u00e9chal Haftar.<\/span><\/p>\n<p><span style=\"font-size: 12pt;\">De l\u00e0 \u00e0 dire que le mar\u00e9chal a, pour l\u2019instant, rat\u00e9 son coup, il n\u2019y a qu\u2019un pas. Les consid\u00e9rations locales semblent pr\u00e9dominer sur les rivalit\u00e9s r\u00e9gionales. \u00ab\u00a0\u00c0 d\u00e9faut d\u2019une intervention militaire \u00e9gypto-\u00e9miratie ou d\u2019un soutien fran\u00e7ais, rien ne va se passer. Cette offensive ne changera pas radicalement le rapport de force sur le terrain. Elle s\u2019est arr\u00eat\u00e9e \u00e0 25 km de Tripoli, et les salafistes n\u2019ont pas boug\u00e9. La question est\u00a0: est-ce que Haftar va accepter cet \u00e9chec et se r\u00e9engager dans le processus politique ?\u00a0\u00bb, r\u00e9sume Tarek Mitri. Le processus de paix, d\u00e9j\u00e0 largement enray\u00e9 alors que l\u2019envoy\u00e9 sp\u00e9cial de l\u2019ONU en Libye Ghassan Salam\u00e9 avait appel\u00e9 \u00e0 la tenue prochaine d\u2019\u00e9lections, peut-il survivre \u00e0 cette bataille ? \u00ab\u00a0Personne n\u2019est capable de contr\u00f4ler la Libye tout seul, m\u00eame si c\u2019est le plus grand des g\u00e9n\u00e9raux. Publiquement, toutes les capitales \u00e9trang\u00e8res souhaitent le succ\u00e8s de la conf\u00e9rence de Ghadam\u00e8s qui doit se tenir le 14 avril\u00a0\u00bb, constate Tarek Mitri.<\/span><\/p>\n<p><span style=\"font-size: 12pt;\">Ghassan Salam\u00e9 a assur\u00e9 samedi que cette conf\u00e9rence \u00e9tait maintenue aux dates pr\u00e9vues, du 14 au 16 avril, sauf en cas de \u00ab\u00a0circonstances majeures\u00a0\u00bb.<\/span><\/p>\n<p><strong><span class=\"auteur\" style=\"font-size: 12pt;\">David Nassar <\/span><\/strong><\/p>\n<p><strong><span style=\"font-size: 12pt;\">Source: <a href=\"http:\/\/www.tlaxcala-int.org\/article.asp?reference=25765\">Tlaxcala<\/a>, le 9 avril 2019<\/span><\/strong><\/p>\n<p><strong><span style=\"font-size: 12pt;\">Publi\u00e9 par: <\/span><\/strong><span class=\"envoi\"><strong><span style=\"font-size: 12pt;\">\u00a0<\/span><\/strong><a href=\"https:\/\/www.lorientlejour.com\/article\/1165504\/haftar-est-il-soutenu-dans-son-offensive-par-ses-allies-.html\"><strong><span style=\"font-size: 12pt;\">L&rsquo;Orient-Le Jour<\/span><\/strong><\/a><\/span><\/p>\n<p align=\"justify\"><span style=\"font-size: 12pt;\"><b>Lire aussi<\/b><\/span><\/p>\n<p align=\"justify\"><span style=\"font-size: 12pt;\"><a href=\"https:\/\/www.lorientlejour.com\/article\/1165166\/haftar-appele-a-stopper-son-offensive-vers-tripoli.html\" target=\"_blank\" rel=\"noopener\">Haftar appel\u00e9 \u00e0 stopper son offensive vers Tripoli<\/a><\/span><\/p>\n<p align=\"justify\"><span style=\"font-size: 12pt;\"><a href=\"https:\/\/www.lorientlejour.com\/article\/1142981\/les-principaux-acteurs-du-chaos-libyen.html\" target=\"_blank\" rel=\"noopener\">Qui sont les principaux acteurs du chaos libyen<\/a><\/span><\/p>\n<p align=\"justify\"><span style=\"font-size: 12pt;\"><a href=\"https:\/\/www.lorientlejour.com\/article\/1157675\/huit-ans-apres-la-revolte-la-libye-senlise-dans-une-interminable-crise.html\" target=\"_blank\" rel=\"noopener\">Huit ans apr\u00e8s la r\u00e9volte, la Libye s&rsquo;enlise dans une interminable crise<\/a><\/span><\/p>\n<p align=\"justify\"><span style=\"font-size: 12pt;\"><i><a href=\"https:\/\/www.lorientlejour.com\/article\/1165186\/haftar-a-lassaut-de-tripoli-aventure-irreflechie-ou-manoeuvre-calculee-.html\" target=\"_blank\" rel=\"noopener\">Haftar \u00e0 l&rsquo;assaut de Tripoli : aventure irr\u00e9fl\u00e9chie ou man\u0153uvre calcul\u00e9e ?<\/a><\/i><\/span><\/p>\n<p>&nbsp;<\/p>\n","protected":false},"excerpt":{"rendered":"<p>\u00ab Personne n\u2019est capable de contr\u00f4ler la Libye tout seul, m\u00eame si c\u2019est le plus grand des g\u00e9n\u00e9raux. Publiquement, toutes les capitales \u00e9trang\u00e8res souhaitent le succ\u00e8s de la conf\u00e9rence de Ghadam\u00e8s qui doit se tenir le 14 avril \u00bb<\/p>\n","protected":false},"author":484,"featured_media":8106,"comment_status":"open","ping_status":"open","sticky":false,"template":"","format":"standard","meta":{"_uf_show_specific_survey":0,"_uf_disable_surveys":false,"footnotes":""},"categories":[218],"tags":[4495,4494,4493,190],"coauthors":[4492],"class_list":["post-8105","post","type-post","status-publish","format-standard","has-post-thumbnail","hentry","category-monde","tag-david-nassar","tag-fayez-es-sarradj","tag-khalif-haftar","tag-libye"],"translation":{"provider":"WPGlobus","version":"2.12.2","language":"fr","enabled_languages":["es","fr"],"languages":{"es":{"title":true,"content":false,"excerpt":false},"fr":{"title":true,"content":true,"excerpt":true}}},"_links":{"self":[{"href":"https:\/\/www.lapluma.net\/fr\/wp-json\/wp\/v2\/posts\/8105","targetHints":{"allow":["GET"]}}],"collection":[{"href":"https:\/\/www.lapluma.net\/fr\/wp-json\/wp\/v2\/posts"}],"about":[{"href":"https:\/\/www.lapluma.net\/fr\/wp-json\/wp\/v2\/types\/post"}],"author":[{"embeddable":true,"href":"https:\/\/www.lapluma.net\/fr\/wp-json\/wp\/v2\/users\/484"}],"replies":[{"embeddable":true,"href":"https:\/\/www.lapluma.net\/fr\/wp-json\/wp\/v2\/comments?post=8105"}],"version-history":[{"count":2,"href":"https:\/\/www.lapluma.net\/fr\/wp-json\/wp\/v2\/posts\/8105\/revisions"}],"predecessor-version":[{"id":8108,"href":"https:\/\/www.lapluma.net\/fr\/wp-json\/wp\/v2\/posts\/8105\/revisions\/8108"}],"wp:featuredmedia":[{"embeddable":true,"href":"https:\/\/www.lapluma.net\/fr\/wp-json\/wp\/v2\/media\/8106"}],"wp:attachment":[{"href":"https:\/\/www.lapluma.net\/fr\/wp-json\/wp\/v2\/media?parent=8105"}],"wp:term":[{"taxonomy":"category","embeddable":true,"href":"https:\/\/www.lapluma.net\/fr\/wp-json\/wp\/v2\/categories?post=8105"},{"taxonomy":"post_tag","embeddable":true,"href":"https:\/\/www.lapluma.net\/fr\/wp-json\/wp\/v2\/tags?post=8105"},{"taxonomy":"author","embeddable":true,"href":"https:\/\/www.lapluma.net\/fr\/wp-json\/wp\/v2\/coauthors?post=8105"}],"curies":[{"name":"wp","href":"https:\/\/api.w.org\/{rel}","templated":true}]}}